{"id":15546,"date":"2016-08-22T03:00:09","date_gmt":"2016-08-22T02:00:09","guid":{"rendered":"http:\/\/sven-ove.nu\/?p=15546"},"modified":"2016-08-21T15:55:38","modified_gmt":"2016-08-21T14:55:38","slug":"garna-smorhala-aldrig-hala","status":"publish","type":"post","link":"https:\/\/sven-ove.nu\/?p=15546","title":{"rendered":"G\u00e4rna &#8221;sm\u00f6rh\u00e5la&#8221;, aldrig &#8221;h\u00e5la&#8221;"},"content":{"rendered":"<p><a href=\"https:\/\/sven-ove.nu\/wp-content\/uploads\/2016\/08\/Sm\u00f6rh\u00e5lan.jpg\"><img loading=\"lazy\" decoding=\"async\" class=\"size-full wp-image-15548 alignnone\" src=\"https:\/\/sven-ove.nu\/wp-content\/uploads\/2016\/08\/Sm\u00f6rh\u00e5lan.jpg\" alt=\"Sm\u00f6rh\u00e5lan\" width=\"797\" height=\"372\" srcset=\"https:\/\/sven-ove.nu\/wp-content\/uploads\/2016\/08\/Sm\u00f6rh\u00e5lan.jpg 797w, https:\/\/sven-ove.nu\/wp-content\/uploads\/2016\/08\/Sm\u00f6rh\u00e5lan-300x140.jpg 300w\" sizes=\"auto, (max-width: 797px) 100vw, 797px\" \/><\/a><\/p>\n<p>Jag tror inte att jag n\u00e5gonsin skulle kalla en ort f\u00f6r \u201dh\u00e5la\u201d. Det handlar om m\u00e4nniskosyn, om att tycka om m\u00e4nniskor. Alla bor i sitt centrum. Saken underl\u00e4ttas av att jag kommer fr\u00e5n en by som knappast ens var en by, \u00c4ngeb\u00e4ckstorp var mer utdraget \u00e4n s\u00e5.<\/p>\n<p>Inte vill jag sk\u00e4mmas f\u00f6r mitt ursprung.<\/p>\n<p>\u201d<span style=\"color: #0000ff;\"><a style=\"color: #0000ff;\" href=\"https:\/\/sven-ove.nu\/?p=15539\">Sm\u00f6rh\u00e5la<\/a><\/span>\u201d \u00e4r n\u00e5got annat. Ibland kan ett ortnamn f\u00f6rst\u00e5s vara ironiskt, sj\u00e4lv k\u00e4nner jag till b\u00e5de Br\u00f6l\u00f6sera och Tuggelite. H\u00e4r p\u00e5 trakten har vi faktiskt ett st\u00e4lle som heter just <strong>Sm\u00f6rh\u00e5lan<\/strong>. Jag har alltid undrat om det namnet ocks\u00e5 \u00e4r ironiskt. Inte vet jag hur mycket de kom upp i sm\u00f6ret d\u00e4r, i v\u00e5r t\u00e4torts \u00f6stra utkanter.<\/p>\n<p>Varg har de ibland har jag f\u00f6rst\u00e5tt.<\/p>\n<p>En g\u00e5ng i tiden \u00e5t folk ur samma fat. D\u00e5, om det n\u00e5gon g\u00e5ng r\u00e5kade vara goddagar, serverades gr\u00f6ten med en h\u00e5la fylld med sm\u00f6r mitt i. D\u00e4r kunde alla doppa sina skedar och ta sin del. Hade du folkvett tog du inte f\u00f6r mycket, det dyra sm\u00f6ret skulle r\u00e4cka till alla.<\/p>\n<p>Ha folkvett.<\/p>\n<p><span style=\"color: #0000ff;\"><a style=\"color: #0000ff;\" href=\"https:\/\/sven-ove.nu\/?page_id=170\">Om mig<\/a><\/span> | <span style=\"color: #0000ff;\"><a style=\"color: #0000ff;\" href=\"https:\/\/sven-ove.nu\/?page_id=1385\">Skriva &amp; prata<\/a><\/span> | <span style=\"color: #0000ff;\"><a style=\"color: #0000ff;\" href=\"https:\/\/sven-ove.nu\/?page_id=100\">Politik<\/a><\/span> | <span style=\"color: #0000ff;\"><a style=\"color: #0000ff;\" href=\"https:\/\/sven-ove.nu\/?page_id=102\">L\u00f6pa<\/a><\/span> | <span style=\"color: #0000ff;\"><a style=\"color: #0000ff;\" href=\"https:\/\/sven-ove.nu\/?page_id=108\">Viktor Root<\/a><\/span><\/p>\n","protected":false},"excerpt":{"rendered":"<p>Jag tror inte att jag n\u00e5gonsin skulle kalla en ort f\u00f6r \u201dh\u00e5la\u201d. Det handlar om m\u00e4nniskosyn, om att tycka om m\u00e4nniskor. Alla bor i sitt centrum. Saken underl\u00e4ttas av att jag kommer fr\u00e5n en by som knappast ens var en by, \u00c4ngeb\u00e4ckstorp var mer utdraget \u00e4n s\u00e5. Inte vill jag sk\u00e4mmas f\u00f6r mitt ursprung. \u201dSm\u00f6rh\u00e5la\u201d &hellip; <a href=\"https:\/\/sven-ove.nu\/?p=15546\" class=\"more-link\">Forts\u00e4tt l\u00e4sa <span class=\"screen-reader-text\">G\u00e4rna &#8221;sm\u00f6rh\u00e5la&#8221;, aldrig &#8221;h\u00e5la&#8221;<\/span><\/a><\/p>\n","protected":false},"author":1,"featured_media":0,"comment_status":"open","ping_status":"open","sticky":false,"template":"","format":"standard","meta":{"_crdt_document":"","_monsterinsights_skip_tracking":false,"_monsterinsights_sitenote_active":false,"_monsterinsights_sitenote_note":"","_monsterinsights_sitenote_category":0,"footnotes":""},"categories":[28],"tags":[8,21,17],"class_list":["post-15546","post","type-post","status-publish","format-standard","hentry","category-kreativt-folk","tag-historia","tag-ord","tag-solidaritet"],"_links":{"self":[{"href":"https:\/\/sven-ove.nu\/index.php?rest_route=\/wp\/v2\/posts\/15546","targetHints":{"allow":["GET"]}}],"collection":[{"href":"https:\/\/sven-ove.nu\/index.php?rest_route=\/wp\/v2\/posts"}],"about":[{"href":"https:\/\/sven-ove.nu\/index.php?rest_route=\/wp\/v2\/types\/post"}],"author":[{"embeddable":true,"href":"https:\/\/sven-ove.nu\/index.php?rest_route=\/wp\/v2\/users\/1"}],"replies":[{"embeddable":true,"href":"https:\/\/sven-ove.nu\/index.php?rest_route=%2Fwp%2Fv2%2Fcomments&post=15546"}],"version-history":[{"count":4,"href":"https:\/\/sven-ove.nu\/index.php?rest_route=\/wp\/v2\/posts\/15546\/revisions"}],"predecessor-version":[{"id":15551,"href":"https:\/\/sven-ove.nu\/index.php?rest_route=\/wp\/v2\/posts\/15546\/revisions\/15551"}],"wp:attachment":[{"href":"https:\/\/sven-ove.nu\/index.php?rest_route=%2Fwp%2Fv2%2Fmedia&parent=15546"}],"wp:term":[{"taxonomy":"category","embeddable":true,"href":"https:\/\/sven-ove.nu\/index.php?rest_route=%2Fwp%2Fv2%2Fcategories&post=15546"},{"taxonomy":"post_tag","embeddable":true,"href":"https:\/\/sven-ove.nu\/index.php?rest_route=%2Fwp%2Fv2%2Ftags&post=15546"}],"curies":[{"name":"wp","href":"https:\/\/api.w.org\/{rel}","templated":true}]}}