{"id":15556,"date":"2016-08-25T03:00:01","date_gmt":"2016-08-25T02:00:01","guid":{"rendered":"http:\/\/sven-ove.nu\/?p=15556"},"modified":"2016-08-24T08:35:12","modified_gmt":"2016-08-24T07:35:12","slug":"pappa-vad-gjorde-du-under-kriget","status":"publish","type":"post","link":"https:\/\/sven-ove.nu\/?p=15556","title":{"rendered":"Pappa, vad gjorde du under kriget?"},"content":{"rendered":"<p><a href=\"https:\/\/sven-ove.nu\/wp-content\/uploads\/2016\/08\/Solnedg\u00e5ng-Tjurpannan.jpg\"><img loading=\"lazy\" decoding=\"async\" class=\"size-large wp-image-15558 alignnone\" src=\"https:\/\/sven-ove.nu\/wp-content\/uploads\/2016\/08\/Solnedg\u00e5ng-Tjurpannan-1024x1024.jpg\" alt=\"Solnedg\u00e5ng Tjurpannan\" width=\"660\" height=\"660\" srcset=\"https:\/\/sven-ove.nu\/wp-content\/uploads\/2016\/08\/Solnedg\u00e5ng-Tjurpannan-1024x1024.jpg 1024w, https:\/\/sven-ove.nu\/wp-content\/uploads\/2016\/08\/Solnedg\u00e5ng-Tjurpannan-150x150.jpg 150w, https:\/\/sven-ove.nu\/wp-content\/uploads\/2016\/08\/Solnedg\u00e5ng-Tjurpannan-300x300.jpg 300w\" sizes=\"auto, (max-width: 660px) 100vw, 660px\" \/><\/a><\/p>\n<p>&#8211; Pappa, vad gjorde du under kriget?<br \/>\n&#8211; Kriget? S\u00e5 gammal \u00e4r jag inte.<br \/>\n&#8211; Men vad gjorde du d\u00e5 n\u00e4r de fr\u00e4mlingsfientliga b\u00f6rjade visa sig i debatten?<\/p>\n<p>&#8211; Jag avv\u00e4nnade flera stycken p\u00e5 Facebook.<\/p>\n<p><span style=\"color: #0000ff;\"><a style=\"color: #0000ff;\" href=\"https:\/\/sven-ove.nu\/?page_id=170\">Om mig<\/a><\/span> | <span style=\"color: #0000ff;\"><a style=\"color: #0000ff;\" href=\"https:\/\/sven-ove.nu\/?page_id=1385\">Skriva &amp; prata<\/a><\/span> | <span style=\"color: #0000ff;\"><a style=\"color: #0000ff;\" href=\"https:\/\/sven-ove.nu\/?page_id=100\">Politik<\/a><\/span> | <span style=\"color: #0000ff;\"><a style=\"color: #0000ff;\" href=\"https:\/\/sven-ove.nu\/?page_id=102\">L\u00f6pa<\/a><\/span> | <span style=\"color: #0000ff;\"><a style=\"color: #0000ff;\" href=\"https:\/\/sven-ove.nu\/?page_id=108\">Viktor Root<\/a><\/span><\/p>\n","protected":false},"excerpt":{"rendered":"<p>&#8211; Pappa, vad gjorde du under kriget? &#8211; Kriget? S\u00e5 gammal \u00e4r jag inte. &#8211; Men vad gjorde du d\u00e5 n\u00e4r de fr\u00e4mlingsfientliga b\u00f6rjade visa sig i debatten? &#8211; Jag avv\u00e4nnade flera stycken p\u00e5 Facebook. Om mig | Skriva &amp; prata | Politik | L\u00f6pa | Viktor Root<\/p>\n","protected":false},"author":1,"featured_media":0,"comment_status":"open","ping_status":"open","sticky":false,"template":"","format":"standard","meta":{"_crdt_document":"","_monsterinsights_skip_tracking":false,"_monsterinsights_sitenote_active":false,"_monsterinsights_sitenote_note":"","_monsterinsights_sitenote_category":0,"footnotes":""},"categories":[9],"tags":[15],"class_list":["post-15556","post","type-post","status-publish","format-standard","hentry","category-politik","tag-mediedjungeln"],"_links":{"self":[{"href":"https:\/\/sven-ove.nu\/index.php?rest_route=\/wp\/v2\/posts\/15556","targetHints":{"allow":["GET"]}}],"collection":[{"href":"https:\/\/sven-ove.nu\/index.php?rest_route=\/wp\/v2\/posts"}],"about":[{"href":"https:\/\/sven-ove.nu\/index.php?rest_route=\/wp\/v2\/types\/post"}],"author":[{"embeddable":true,"href":"https:\/\/sven-ove.nu\/index.php?rest_route=\/wp\/v2\/users\/1"}],"replies":[{"embeddable":true,"href":"https:\/\/sven-ove.nu\/index.php?rest_route=%2Fwp%2Fv2%2Fcomments&post=15556"}],"version-history":[{"count":3,"href":"https:\/\/sven-ove.nu\/index.php?rest_route=\/wp\/v2\/posts\/15556\/revisions"}],"predecessor-version":[{"id":15560,"href":"https:\/\/sven-ove.nu\/index.php?rest_route=\/wp\/v2\/posts\/15556\/revisions\/15560"}],"wp:attachment":[{"href":"https:\/\/sven-ove.nu\/index.php?rest_route=%2Fwp%2Fv2%2Fmedia&parent=15556"}],"wp:term":[{"taxonomy":"category","embeddable":true,"href":"https:\/\/sven-ove.nu\/index.php?rest_route=%2Fwp%2Fv2%2Fcategories&post=15556"},{"taxonomy":"post_tag","embeddable":true,"href":"https:\/\/sven-ove.nu\/index.php?rest_route=%2Fwp%2Fv2%2Ftags&post=15556"}],"curies":[{"name":"wp","href":"https:\/\/api.w.org\/{rel}","templated":true}]}}