{"id":15561,"date":"2016-08-26T11:06:32","date_gmt":"2016-08-26T10:06:32","guid":{"rendered":"http:\/\/sven-ove.nu\/?p=15561"},"modified":"2016-08-26T11:06:32","modified_gmt":"2016-08-26T10:06:32","slug":"vinna-andrummet-tillbaka","status":"publish","type":"post","link":"https:\/\/sven-ove.nu\/?p=15561","title":{"rendered":"Vinna andrummet tillbaka"},"content":{"rendered":"<p><a href=\"https:\/\/sven-ove.nu\/wp-content\/uploads\/2016\/08\/Sommarmoln.jpg\"><img loading=\"lazy\" decoding=\"async\" class=\"size-large wp-image-15562 alignnone\" src=\"https:\/\/sven-ove.nu\/wp-content\/uploads\/2016\/08\/Sommarmoln-1024x768.jpg\" alt=\"Sommarmoln\" width=\"660\" height=\"495\" srcset=\"https:\/\/sven-ove.nu\/wp-content\/uploads\/2016\/08\/Sommarmoln-1024x768.jpg 1024w, https:\/\/sven-ove.nu\/wp-content\/uploads\/2016\/08\/Sommarmoln-300x225.jpg 300w, https:\/\/sven-ove.nu\/wp-content\/uploads\/2016\/08\/Sommarmoln.jpg 1632w\" sizes=\"auto, (max-width: 660px) 100vw, 660px\" \/><\/a><\/p>\n<blockquote><p>Ibland blir jag tr\u00f6tt p\u00e5 dagsdebatten. Trump, franska burkinij\u00e4gare och bristen p\u00e5 poliser i v\u00e5ra glesbygder. Det \u00e4r viktiga debatter men ibland blir det f\u00f6r mycket av det onda.<\/p><\/blockquote>\n<p>En blir m\u00e4tt.<\/p>\n<p>D\u00e5 flyr jag till verkligheten. Den andra verkligheten, den som heter solsken p\u00e5 altanen, god bok i n\u00e4ven och eftert\u00e4nksamhet i hela huv&#8217;et. Lugn eftert\u00e4nksamhet. Flugor surrar som de gjort i tusen \u00e5r, n\u00f6tv\u00e4ckan pickar och minns vad hon g\u00f6mde i vintras, i budlejorna utanf\u00f6r altanr\u00e4cket samsas n\u00e4sselfj\u00e4rilar, p\u00e5f\u00e5gel\u00f6gon och en fin amiral.<\/p>\n<p>Ledig, t\u00e4nker jag. Du \u00e4r pension\u00e4r, du <strong>f\u00e5r<\/strong> sl\u00e4ppa p\u00e5 sp\u00e4nningen i mellang\u00e4rdet. Du <strong>m\u00e5ste<\/strong> inte l\u00f6sa allt \u00e5t v\u00e4rlden, genast.<\/p>\n<p>Andrum \u00e4r ett ord v\u00e5ra makthavare f\u00f6rst\u00f6rt men l\u00e5t oss vinna det tillbaka. Se sorgmanteln, h\u00f6r talgoxen, k\u00e4nn solen. De flesta m\u00e4nniskor tycker om folk, precis som du g\u00f6r, och i badrummet st\u00e5r tv\u00e5 ivriga l\u00f6parskor och v\u00e4ntar.<\/p>\n<p>Det finns en fj\u00e4ril som kan flyga i 24 kilometer i timmen.<\/p>\n<p>Den verkligheten.<\/p>\n<p><span style=\"color: #0000ff;\"><a style=\"color: #0000ff;\" href=\"https:\/\/sven-ove.nu\/?page_id=170\">Om mig<\/a><\/span> | <span style=\"color: #0000ff;\"><a style=\"color: #0000ff;\" href=\"https:\/\/sven-ove.nu\/?page_id=1385\">Skriva &amp; prata<\/a><\/span> | <span style=\"color: #0000ff;\"><a style=\"color: #0000ff;\" href=\"https:\/\/sven-ove.nu\/?page_id=100\">Politik<\/a><\/span> | <span style=\"color: #0000ff;\"><a style=\"color: #0000ff;\" href=\"https:\/\/sven-ove.nu\/?page_id=102\">L\u00f6pa<\/a><\/span> | <span style=\"color: #0000ff;\"><a style=\"color: #0000ff;\" href=\"https:\/\/sven-ove.nu\/?page_id=108\">Viktor Root<\/a><\/span><\/p>\n","protected":false},"excerpt":{"rendered":"<p>Ibland blir jag tr\u00f6tt p\u00e5 dagsdebatten. Trump, franska burkinij\u00e4gare och bristen p\u00e5 poliser i v\u00e5ra glesbygder. Det \u00e4r viktiga debatter men ibland blir det f\u00f6r mycket av det onda. En blir m\u00e4tt. D\u00e5 flyr jag till verkligheten. Den andra verkligheten, den som heter solsken p\u00e5 altanen, god bok i n\u00e4ven och eftert\u00e4nksamhet i hela huv&#8217;et. &hellip; <a href=\"https:\/\/sven-ove.nu\/?p=15561\" class=\"more-link\">Forts\u00e4tt l\u00e4sa <span class=\"screen-reader-text\">Vinna andrummet tillbaka<\/span><\/a><\/p>\n","protected":false},"author":1,"featured_media":0,"comment_status":"open","ping_status":"open","sticky":false,"template":"","format":"standard","meta":{"_crdt_document":"","_monsterinsights_skip_tracking":false,"_monsterinsights_sitenote_active":false,"_monsterinsights_sitenote_note":"","_monsterinsights_sitenote_category":0,"footnotes":""},"categories":[6],"tags":[24,18],"class_list":["post-15561","post","type-post","status-publish","format-standard","hentry","category-natur","tag-karlek","tag-lardomar"],"_links":{"self":[{"href":"https:\/\/sven-ove.nu\/index.php?rest_route=\/wp\/v2\/posts\/15561","targetHints":{"allow":["GET"]}}],"collection":[{"href":"https:\/\/sven-ove.nu\/index.php?rest_route=\/wp\/v2\/posts"}],"about":[{"href":"https:\/\/sven-ove.nu\/index.php?rest_route=\/wp\/v2\/types\/post"}],"author":[{"embeddable":true,"href":"https:\/\/sven-ove.nu\/index.php?rest_route=\/wp\/v2\/users\/1"}],"replies":[{"embeddable":true,"href":"https:\/\/sven-ove.nu\/index.php?rest_route=%2Fwp%2Fv2%2Fcomments&post=15561"}],"version-history":[{"count":4,"href":"https:\/\/sven-ove.nu\/index.php?rest_route=\/wp\/v2\/posts\/15561\/revisions"}],"predecessor-version":[{"id":15566,"href":"https:\/\/sven-ove.nu\/index.php?rest_route=\/wp\/v2\/posts\/15561\/revisions\/15566"}],"wp:attachment":[{"href":"https:\/\/sven-ove.nu\/index.php?rest_route=%2Fwp%2Fv2%2Fmedia&parent=15561"}],"wp:term":[{"taxonomy":"category","embeddable":true,"href":"https:\/\/sven-ove.nu\/index.php?rest_route=%2Fwp%2Fv2%2Fcategories&post=15561"},{"taxonomy":"post_tag","embeddable":true,"href":"https:\/\/sven-ove.nu\/index.php?rest_route=%2Fwp%2Fv2%2Ftags&post=15561"}],"curies":[{"name":"wp","href":"https:\/\/api.w.org\/{rel}","templated":true}]}}