{"id":15588,"date":"2016-09-02T03:00:58","date_gmt":"2016-09-02T02:00:58","guid":{"rendered":"http:\/\/sven-ove.nu\/?p=15588"},"modified":"2016-09-01T20:24:48","modified_gmt":"2016-09-01T19:24:48","slug":"en-genial-arbetarskildring","status":"publish","type":"post","link":"https:\/\/sven-ove.nu\/?p=15588","title":{"rendered":"En genial arbetarskildring"},"content":{"rendered":"<p><a href=\"https:\/\/sven-ove.nu\/wp-content\/uploads\/2016\/09\/Farbror-Bengt.jpg\"><img loading=\"lazy\" decoding=\"async\" class=\"size-full wp-image-15590 alignnone\" src=\"https:\/\/sven-ove.nu\/wp-content\/uploads\/2016\/09\/Farbror-Bengt.jpg\" alt=\"Farbror Bengt\" width=\"583\" height=\"346\" srcset=\"https:\/\/sven-ove.nu\/wp-content\/uploads\/2016\/09\/Farbror-Bengt.jpg 583w, https:\/\/sven-ove.nu\/wp-content\/uploads\/2016\/09\/Farbror-Bengt-300x178.jpg 300w\" sizes=\"auto, (max-width: 583px) 100vw, 583px\" \/><\/a><\/p>\n<p style=\"padding-left: 30px;\"><em>Farbror Bengt, ur filmen.<\/em><\/p>\n<blockquote><p>Det \u00e4r l\u00e4rorikt att umg\u00e5s med sm\u00e5 m\u00e4nniskor, s\u00e5dana som fortfarande ser sopbilen som ett stort \u00e4ventyr. N\u00e4r tappade jag den entusiasmen? N\u00e5, jag fick den tillbaka nyss. Tack f\u00f6r det, soph\u00e4mtardiggare.<\/p><\/blockquote>\n<p>Det \u00c4R ett \u00e4ventyr att se hur de t\u00f6mmer tunnorna. Kul bil har de ocks\u00e5 och vinkar g\u00e4rna till sm\u00e5 tv\u00e5\u00e5ringar som trycker n\u00e4san mot rutan. I alla fall den tv\u00e5\u00e5ringen och rutan jag t\u00e4nker p\u00e5.<\/p>\n<p>H\u00e4r nedan \u00e4r l\u00e4nk till en s\u00e5dan v\u00e4lf\u00e4rdsarbetare. De sm\u00e5 jag t\u00e4nker p\u00e5 k\u00e4nner varm k\u00e4rlek till sina sop\u00e5kare. Hoppas killarna vi tittar p\u00e5 f\u00f6rst\u00e5r vilka goda ambassad\u00f6rer de \u00e4r f\u00f6r svensk arbetarklass, f\u00f6r sin yrkesstolthet och f\u00f6r sin sopbil.<\/p>\n<p style=\"padding-left: 30px;\"><strong>Jag tror de f\u00f6rst\u00e5r. Det syns p\u00e5 dem. Nu vinkar de och \u00e5ker vidare. Hej d\u00e5 sopbilen!<\/strong><\/p>\n<p>L\u00e4nken var det. Klicka och titta p\u00e5 filmen om du har det minsta barnasinne kvar eller bara gillar tv\u00e5 som tycker om sitt jobb. Tre f\u00f6rresten. Jag menar\u00a0farbror Bengt som k\u00f6r sopbilen men ocks\u00e5 den som skrivit ber\u00e4ttartexten och karl&#8217;n som l\u00e4ser den.<\/p>\n<p>Genial text tycker jag.<\/p>\n<p>Hoppas min forna arbetsgivare g\u00f6r en likadan film om sina vardagshj\u00e4ltar vid ratten, n\u00e4r nu inte jag gjorde n\u00e5gon. Den \u00e4r bara s\u00e5 bra, fr\u00e5n sin\u00a0realistiska b\u00f6rjan till det inlevelsefulla slutet. Vi tr\u00f6ttnar aldrig p\u00e5 filmen, tv\u00e5\u00e5ringen och jag.<\/p>\n<p>Kolla nu.<\/p>\n<p><em><strong>L\u00e4nk:<\/strong><\/em><br \/>\n<span style=\"color: #0000ff;\"><em><strong><a style=\"color: #0000ff;\" href=\"https:\/\/m.youtube.com\/watch?v=mgsdHsXIXNQ\">H\u00e4r kommer farbror Bengt med sin bl\u00e5a sopbil<\/a><\/strong><\/em><\/span><\/p>\n","protected":false},"excerpt":{"rendered":"<p>Farbror Bengt, ur filmen. Det \u00e4r l\u00e4rorikt att umg\u00e5s med sm\u00e5 m\u00e4nniskor, s\u00e5dana som fortfarande ser sopbilen som ett stort \u00e4ventyr. N\u00e4r tappade jag den entusiasmen? N\u00e5, jag fick den tillbaka nyss. Tack f\u00f6r det, soph\u00e4mtardiggare. Det \u00c4R ett \u00e4ventyr att se hur de t\u00f6mmer tunnorna. Kul bil har de ocks\u00e5 och vinkar g\u00e4rna till &hellip; <a href=\"https:\/\/sven-ove.nu\/?p=15588\" class=\"more-link\">Forts\u00e4tt l\u00e4sa <span class=\"screen-reader-text\">En genial arbetarskildring<\/span><\/a><\/p>\n","protected":false},"author":1,"featured_media":0,"comment_status":"open","ping_status":"open","sticky":false,"template":"","format":"standard","meta":{"_crdt_document":"","_monsterinsights_skip_tracking":false,"_monsterinsights_sitenote_active":false,"_monsterinsights_sitenote_note":"","_monsterinsights_sitenote_category":0,"footnotes":""},"categories":[28],"tags":[3,17],"class_list":["post-15588","post","type-post","status-publish","format-standard","hentry","category-kreativt-folk","tag-arbete","tag-solidaritet"],"_links":{"self":[{"href":"https:\/\/sven-ove.nu\/index.php?rest_route=\/wp\/v2\/posts\/15588","targetHints":{"allow":["GET"]}}],"collection":[{"href":"https:\/\/sven-ove.nu\/index.php?rest_route=\/wp\/v2\/posts"}],"about":[{"href":"https:\/\/sven-ove.nu\/index.php?rest_route=\/wp\/v2\/types\/post"}],"author":[{"embeddable":true,"href":"https:\/\/sven-ove.nu\/index.php?rest_route=\/wp\/v2\/users\/1"}],"replies":[{"embeddable":true,"href":"https:\/\/sven-ove.nu\/index.php?rest_route=%2Fwp%2Fv2%2Fcomments&post=15588"}],"version-history":[{"count":8,"href":"https:\/\/sven-ove.nu\/index.php?rest_route=\/wp\/v2\/posts\/15588\/revisions"}],"predecessor-version":[{"id":15597,"href":"https:\/\/sven-ove.nu\/index.php?rest_route=\/wp\/v2\/posts\/15588\/revisions\/15597"}],"wp:attachment":[{"href":"https:\/\/sven-ove.nu\/index.php?rest_route=%2Fwp%2Fv2%2Fmedia&parent=15588"}],"wp:term":[{"taxonomy":"category","embeddable":true,"href":"https:\/\/sven-ove.nu\/index.php?rest_route=%2Fwp%2Fv2%2Fcategories&post=15588"},{"taxonomy":"post_tag","embeddable":true,"href":"https:\/\/sven-ove.nu\/index.php?rest_route=%2Fwp%2Fv2%2Ftags&post=15588"}],"curies":[{"name":"wp","href":"https:\/\/api.w.org\/{rel}","templated":true}]}}