{"id":15722,"date":"2016-09-07T07:08:46","date_gmt":"2016-09-07T06:08:46","guid":{"rendered":"http:\/\/sven-ove.nu\/?p=15722"},"modified":"2016-09-07T09:48:42","modified_gmt":"2016-09-07T08:48:42","slug":"nar-svenska-kvinnor-bar-pa-sina-huvuden","status":"publish","type":"post","link":"https:\/\/sven-ove.nu\/?p=15722","title":{"rendered":"N\u00e4r svenska kvinnor bar tunga b\u00f6rdor p\u00e5 sina huvuden"},"content":{"rendered":"<p><a href=\"https:\/\/sven-ove.nu\/wp-content\/uploads\/2016\/09\/B\u00e4rkransen.jpg\"><img loading=\"lazy\" decoding=\"async\" class=\"size-full wp-image-15724 alignnone\" src=\"https:\/\/sven-ove.nu\/wp-content\/uploads\/2016\/09\/B\u00e4rkransen.jpg\" alt=\"B\u00e4rkransen\" width=\"653\" height=\"351\" srcset=\"https:\/\/sven-ove.nu\/wp-content\/uploads\/2016\/09\/B\u00e4rkransen.jpg 653w, https:\/\/sven-ove.nu\/wp-content\/uploads\/2016\/09\/B\u00e4rkransen-300x161.jpg 300w\" sizes=\"auto, (max-width: 653px) 100vw, 653px\" \/><\/a><\/p>\n<blockquote><p>Titta p\u00e5 filmen med den afrikanska kvinnan. Se hur elegant hon balanserar b\u00f6rdan med \u00e4pplen p\u00e5 huvudet. Samtidigt k\u00f6r hon moped i den ivriga trafiken och b\u00e4r ett sp\u00e4dbarn p\u00e5 ryggen.<\/p>\n<p>Respekt.<\/p><\/blockquote>\n<p>Det \u00e4r n\u00e4r min v\u00e4n Gunnar Svensson l\u00e4gger ut filmen p\u00e5 Facebook jag ser den f\u00f6rst. En l\u00e5ng stund beundrar jag kvinnans balans i trafiken:<\/p>\n<p style=\"padding-left: 30px;\"><em>L\u00e4nk till filmen:<\/em><em><br \/>\n<\/em><span style=\"color: #0000ff;\"><em><a style=\"color: #0000ff;\" href=\"https:\/\/www.facebook.com\/ohmamaafrica\/videos\/1783782938502215\/\">Mama Africas video p\u00e5 kvinnan med b\u00f6rdan<\/a><\/em><\/span><\/p>\n<p>D\u00e5 dyker ett minne upp. Var det inte en f\u00f6rel\u00e4sare som p\u00e5stod att svenska kvinnor ocks\u00e5 brukade b\u00e4ra tungt p\u00e5 huvudet? Jag var p\u00e5 kurs i lokal historia och nu stod en karl framf\u00f6r oss och h\u00f6ll upp ett f\u00f6rem\u00e5l jag aldrig tidigare sett. Minns jag r\u00e4tt hade han varit p\u00e5 en hembygdsg\u00e5rd utanf\u00f6r Kalmar och l\u00e5nat den. En b\u00e4rkrans.<\/p>\n<p>Nu tittar jag en g\u00e5ng till p\u00e5 filmen fr\u00e5n Afrika. Visst b\u00e4r hon en h\u00e5rt stoppad tygring p\u00e5 huvudet?<\/p>\n<p><strong>F\u00f6rdela trycket<br \/>\n<\/strong>Budskapet fr\u00e5n f\u00f6rel\u00e4saren p\u00e5 journalistkursen var att svenska kvinnor ocks\u00e5 bar tunga b\u00f6rdor p\u00e5 sina huvuden f\u00f6rr i tiden. Det \u00e4r bara det att folk har gl\u00f6mt bort det. I l\u00e4nsmuseet i Kalmar har de bel\u00e4gg f\u00f6r saken, b\u00e5de genom ber\u00e4ttelser och sparade tygringar.<\/p>\n<p><a href=\"https:\/\/sven-ove.nu\/wp-content\/uploads\/2016\/09\/Tygring.jpg\"><img loading=\"lazy\" decoding=\"async\" class=\"alignright size-thumbnail wp-image-15725\" src=\"https:\/\/sven-ove.nu\/wp-content\/uploads\/2016\/09\/Tygring-150x150.jpg\" alt=\"Tygring\" width=\"150\" height=\"150\" \/><\/a>B\u00e4rkransen var rund och stoppad och skulle hj\u00e4lpa till att balansera k\u00e4rlet och minska trycket p\u00e5 skallen. Den kunde till exempel anv\u00e4ndas n\u00e4r du skulle b\u00e4ra mj\u00f6lken hem till g\u00e5rden fr\u00e5n kornas betesmark. Eller n\u00e4r du skulle in till staden och s\u00e4lja \u00e4gg eller andra varor p\u00e5 torget.<\/p>\n<p>Nordiska museet i Stockholm ber\u00e4ttar samma historia. En av deras bevarade b\u00e4rkransar anv\u00e4ndes \u00e4nda in p\u00e5 1930-talet.<\/p>\n<p>Som sagt, respekt.<\/p>\n<p><span style=\"color: #0000ff;\"><a style=\"color: #0000ff;\" href=\"https:\/\/sven-ove.nu\/?page_id=170\">Om mig<\/a><\/span> | <span style=\"color: #0000ff;\"><a style=\"color: #0000ff;\" href=\"https:\/\/sven-ove.nu\/?page_id=1385\">Skriva &amp; prata<\/a><\/span> | <span style=\"color: #0000ff;\"><a style=\"color: #0000ff;\" href=\"https:\/\/sven-ove.nu\/?page_id=100\">Politik<\/a><\/span> | <span style=\"color: #0000ff;\"><a style=\"color: #0000ff;\" href=\"https:\/\/sven-ove.nu\/?page_id=102\">L\u00f6pa<\/a><\/span> | <span style=\"color: #0000ff;\"><a style=\"color: #0000ff;\" href=\"https:\/\/sven-ove.nu\/?page_id=108\">Viktor Root<\/a><\/span><\/p>\n","protected":false},"excerpt":{"rendered":"<p>Titta p\u00e5 filmen med den afrikanska kvinnan. Se hur elegant hon balanserar b\u00f6rdan med \u00e4pplen p\u00e5 huvudet. Samtidigt k\u00f6r hon moped i den ivriga trafiken och b\u00e4r ett sp\u00e4dbarn p\u00e5 ryggen. Respekt. Det \u00e4r n\u00e4r min v\u00e4n Gunnar Svensson l\u00e4gger ut filmen p\u00e5 Facebook jag ser den f\u00f6rst. En l\u00e5ng stund beundrar jag kvinnans balans &hellip; <a href=\"https:\/\/sven-ove.nu\/?p=15722\" class=\"more-link\">Forts\u00e4tt l\u00e4sa <span class=\"screen-reader-text\">N\u00e4r svenska kvinnor bar tunga b\u00f6rdor p\u00e5 sina huvuden<\/span><\/a><\/p>\n","protected":false},"author":1,"featured_media":0,"comment_status":"open","ping_status":"open","sticky":false,"template":"","format":"standard","meta":{"_crdt_document":"","_monsterinsights_skip_tracking":false,"_monsterinsights_sitenote_active":false,"_monsterinsights_sitenote_note":"","_monsterinsights_sitenote_category":0,"footnotes":""},"categories":[28],"tags":[3,8,18,13],"class_list":["post-15722","post","type-post","status-publish","format-standard","hentry","category-kreativt-folk","tag-arbete","tag-historia","tag-lardomar","tag-utrustning"],"_links":{"self":[{"href":"https:\/\/sven-ove.nu\/index.php?rest_route=\/wp\/v2\/posts\/15722","targetHints":{"allow":["GET"]}}],"collection":[{"href":"https:\/\/sven-ove.nu\/index.php?rest_route=\/wp\/v2\/posts"}],"about":[{"href":"https:\/\/sven-ove.nu\/index.php?rest_route=\/wp\/v2\/types\/post"}],"author":[{"embeddable":true,"href":"https:\/\/sven-ove.nu\/index.php?rest_route=\/wp\/v2\/users\/1"}],"replies":[{"embeddable":true,"href":"https:\/\/sven-ove.nu\/index.php?rest_route=%2Fwp%2Fv2%2Fcomments&post=15722"}],"version-history":[{"count":4,"href":"https:\/\/sven-ove.nu\/index.php?rest_route=\/wp\/v2\/posts\/15722\/revisions"}],"predecessor-version":[{"id":15728,"href":"https:\/\/sven-ove.nu\/index.php?rest_route=\/wp\/v2\/posts\/15722\/revisions\/15728"}],"wp:attachment":[{"href":"https:\/\/sven-ove.nu\/index.php?rest_route=%2Fwp%2Fv2%2Fmedia&parent=15722"}],"wp:term":[{"taxonomy":"category","embeddable":true,"href":"https:\/\/sven-ove.nu\/index.php?rest_route=%2Fwp%2Fv2%2Fcategories&post=15722"},{"taxonomy":"post_tag","embeddable":true,"href":"https:\/\/sven-ove.nu\/index.php?rest_route=%2Fwp%2Fv2%2Ftags&post=15722"}],"curies":[{"name":"wp","href":"https:\/\/api.w.org\/{rel}","templated":true}]}}