{"id":15729,"date":"2016-09-08T12:03:53","date_gmt":"2016-09-08T11:03:53","guid":{"rendered":"http:\/\/sven-ove.nu\/?p=15729"},"modified":"2016-09-08T12:19:43","modified_gmt":"2016-09-08T11:19:43","slug":"sadana-en-bygger-samhallen-av","status":"publish","type":"post","link":"https:\/\/sven-ove.nu\/?p=15729","title":{"rendered":"S\u00e5dana en bygger samh\u00e4llen av"},"content":{"rendered":"<p><a href=\"https:\/\/sven-ove.nu\/wp-content\/uploads\/2016\/09\/St\u00e4llningarna1.jpg\"><img loading=\"lazy\" decoding=\"async\" class=\"size-large wp-image-15732 alignnone\" src=\"https:\/\/sven-ove.nu\/wp-content\/uploads\/2016\/09\/St\u00e4llningarna1-1024x910.jpg\" alt=\"stallningarna\" width=\"660\" height=\"587\" srcset=\"https:\/\/sven-ove.nu\/wp-content\/uploads\/2016\/09\/St\u00e4llningarna1-1024x910.jpg 1024w, https:\/\/sven-ove.nu\/wp-content\/uploads\/2016\/09\/St\u00e4llningarna1-300x266.jpg 300w, https:\/\/sven-ove.nu\/wp-content\/uploads\/2016\/09\/St\u00e4llningarna1.jpg 1280w\" sizes=\"auto, (max-width: 660px) 100vw, 660px\" \/><\/a><\/p>\n<blockquote><p>\u201dEn klippa!\u201d skriver en v\u00e4n norr\u00f6ver.<br \/>\n\u201dDet \u00e4r s\u00e5dana en bygger samh\u00e4llen av\u201d, svarar jag i all hast, f\u00f6r s\u00e5 tycker jag.<\/p><\/blockquote>\n<p>Stafett-DM i orientering g\u00e5r i grannskapet i helgen och vi \u00e4r n\u00e5gra stycken som f\u00e5tt i uppdrag att s\u00e4tta ut kontrollerna. F\u00f6rst ska sj\u00e4lva st\u00e4llningarna ut och p\u00e5 t\u00e4vlingsdagens morgon \u00e4ven sk\u00e4rmar och st\u00e4mplingsdosor. Ett bra tillf\u00e4lle till skogspromenad f\u00f6r den k\u00e4ra v\u00e4nnen och mig. Tv\u00e5 tillf\u00e4llen f\u00f6rresten.<\/p>\n<p>F\u00f6rst har n\u00e5gra best\u00e4mt att vi g\u00e4rna vill arrangera t\u00e4vlingen. Sedan har n\u00e5gon reviderat kartan, min v\u00e4n norr\u00f6ver har lagt banorna. M\u00e5nga banor, alla med sin sv\u00e5righetsgrad och l\u00e4ngd, beroende p\u00e5 \u00e5ldern p\u00e5 de t\u00e4vlande. D\u00e4refter har n\u00e5gon kontrollerat banorna och s\u00e5 har banl\u00e4ggaren satt ut lappar i skogen d\u00e4r kontrollst\u00e4llningarna ska st\u00e5. S\u00e5 vi s\u00e4kert vet att vi \u00e4r p\u00e5 r\u00e4tt plats i terr\u00e4ngl\u00e5dan n\u00e4r vi bankar ner kontrollst\u00e4llningarna.<\/p>\n<p><strong>Tack, alla ni!<br \/>\n<\/strong>S\u00e5 d\u00e4r forts\u00e4tter det sedan. Inbjudan har skrivits, ledare fr\u00e5n l\u00e4nets olika klubbar har anm\u00e4lt lag, detta har lagts ut p\u00e5 internet, PM om arrangemanget likas\u00e5. Parkeringsvakter har utsetts, t\u00e4vlingsledare f\u00f6rst\u00e5s, prisutdelare, sekretariat \u2013 ja, jag kanske inte beh\u00f6ver r\u00e4kna upp fler. Det \u00e4r en rej\u00e4l stab, massor av ideella timmar som lagts ner f\u00f6r att unga och gamla ska kunna komma ut i v\u00e5r skog och t\u00e4vla p\u00e5 s\u00f6ndag.<\/p>\n<p>Det \u00e4r ordning p\u00e5 W som packade ihop st\u00e4llningarna i lagom buntar \u00e5t oss uts\u00e4ttare. Nu sl\u00e5r det mig igen. Det \u00e4r s\u00e5dana som honom vi bygger samh\u00e4llen kring. Tack, alla ni!<\/p>\n<p><strong>16 timmar i m\u00e5naden<br \/>\n<\/strong>Orienteringen \u00e4r en favoritsport. H\u00e4r t\u00e4vlar till och med publiken, var och en p\u00e5 sin niv\u00e5.<\/p>\n<p>Den ideelle ledaren \u00e4r en annan favorit. N\u00e5gonstans l\u00e4ser jag att det finns cirka 200 000 organisationer i Sverige med tillsammans 32 miljoner medlemmar. Samma statistik visar att den ideellt arbetande svensken i genomsnitt l\u00e4gger ner 15 timmar i m\u00e5naden p\u00e5 frivilligt arbete.<\/p>\n<p>Jag \u00e4lskar\u2019t.<\/p>\n<h3 style=\"padding-left: 30px;\">Statistik<\/h3>\n<p style=\"padding-left: 30px;\"><strong><em>Andel av den vuxna befolkningen i Sverige som arbetat ideellt 2014<br \/>\n<\/em><\/strong><em>M\u00e4n: 57 procent<br \/>\n<\/em><em>Kvinnor: 50 procent<br \/>\n<\/em><em>Totalt: 53 procent<\/em><strong><em>\u00a0<\/em><\/strong><\/p>\n<p style=\"padding-left: 30px;\"><strong><em>Genomsnittligt antal timmar per m\u00e5nad som de aktiva arbetar ideellt<br \/>\n<\/em><\/strong><em>M\u00e4n: 17 timmar<br \/>\n<\/em><em>Kvinnor: 13 timmar<br \/>\n<\/em><em>Totalt: 15 timmar<\/em><\/p>\n<p style=\"padding-left: 30px;\"><em>V\u00e4rdet av de ideellt producerade tj\u00e4nsterna ber\u00e4knas till 150 miljarder per \u00e5r.<\/em><\/p>\n<p><span style=\"color: #0000ff;\"><a style=\"color: #0000ff;\" href=\"https:\/\/sven-ove.nu\/?page_id=170\">Om mig<\/a><\/span>\u00a0|\u00a0<span style=\"color: #0000ff;\"><a style=\"color: #0000ff;\" href=\"https:\/\/sven-ove.nu\/?page_id=1385\">Skriva &amp; prata<\/a><\/span>\u00a0|\u00a0<span style=\"color: #0000ff;\"><a style=\"color: #0000ff;\" href=\"https:\/\/sven-ove.nu\/?page_id=100\">Politik<\/a><\/span>\u00a0|\u00a0<span style=\"color: #0000ff;\"><a style=\"color: #0000ff;\" href=\"https:\/\/sven-ove.nu\/?page_id=102\">L\u00f6pa<\/a><\/span>\u00a0|\u00a0<span style=\"color: #0000ff;\"><a style=\"color: #0000ff;\" href=\"https:\/\/sven-ove.nu\/?page_id=108\">Viktor Root<\/a><\/span><\/p>\n","protected":false},"excerpt":{"rendered":"<p>\u201dEn klippa!\u201d skriver en v\u00e4n norr\u00f6ver. \u201dDet \u00e4r s\u00e5dana en bygger samh\u00e4llen av\u201d, svarar jag i all hast, f\u00f6r s\u00e5 tycker jag. Stafett-DM i orientering g\u00e5r i grannskapet i helgen och vi \u00e4r n\u00e5gra stycken som f\u00e5tt i uppdrag att s\u00e4tta ut kontrollerna. F\u00f6rst ska sj\u00e4lva st\u00e4llningarna ut och p\u00e5 t\u00e4vlingsdagens morgon \u00e4ven sk\u00e4rmar och &hellip; <a href=\"https:\/\/sven-ove.nu\/?p=15729\" class=\"more-link\">Forts\u00e4tt l\u00e4sa <span class=\"screen-reader-text\">S\u00e5dana en bygger samh\u00e4llen av<\/span><\/a><\/p>\n","protected":false},"author":1,"featured_media":0,"comment_status":"open","ping_status":"open","sticky":false,"template":"","format":"standard","meta":{"_crdt_document":"","_monsterinsights_skip_tracking":false,"_monsterinsights_sitenote_active":false,"_monsterinsights_sitenote_note":"","_monsterinsights_sitenote_category":0,"footnotes":""},"categories":[28,5,6],"tags":[3,24,25,17],"class_list":["post-15729","post","type-post","status-publish","format-standard","hentry","category-kreativt-folk","category-lopning","category-natur","tag-arbete","tag-karlek","tag-kartan","tag-solidaritet"],"_links":{"self":[{"href":"https:\/\/sven-ove.nu\/index.php?rest_route=\/wp\/v2\/posts\/15729","targetHints":{"allow":["GET"]}}],"collection":[{"href":"https:\/\/sven-ove.nu\/index.php?rest_route=\/wp\/v2\/posts"}],"about":[{"href":"https:\/\/sven-ove.nu\/index.php?rest_route=\/wp\/v2\/types\/post"}],"author":[{"embeddable":true,"href":"https:\/\/sven-ove.nu\/index.php?rest_route=\/wp\/v2\/users\/1"}],"replies":[{"embeddable":true,"href":"https:\/\/sven-ove.nu\/index.php?rest_route=%2Fwp%2Fv2%2Fcomments&post=15729"}],"version-history":[{"count":4,"href":"https:\/\/sven-ove.nu\/index.php?rest_route=\/wp\/v2\/posts\/15729\/revisions"}],"predecessor-version":[{"id":15735,"href":"https:\/\/sven-ove.nu\/index.php?rest_route=\/wp\/v2\/posts\/15729\/revisions\/15735"}],"wp:attachment":[{"href":"https:\/\/sven-ove.nu\/index.php?rest_route=%2Fwp%2Fv2%2Fmedia&parent=15729"}],"wp:term":[{"taxonomy":"category","embeddable":true,"href":"https:\/\/sven-ove.nu\/index.php?rest_route=%2Fwp%2Fv2%2Fcategories&post=15729"},{"taxonomy":"post_tag","embeddable":true,"href":"https:\/\/sven-ove.nu\/index.php?rest_route=%2Fwp%2Fv2%2Ftags&post=15729"}],"curies":[{"name":"wp","href":"https:\/\/api.w.org\/{rel}","templated":true}]}}