{"id":15736,"date":"2016-09-12T03:00:13","date_gmt":"2016-09-12T02:00:13","guid":{"rendered":"http:\/\/sven-ove.nu\/?p=15736"},"modified":"2016-09-12T08:26:27","modified_gmt":"2016-09-12T07:26:27","slug":"varfor-ar-jag-sa-bekymrad-over-vara-nya-grannar","status":"publish","type":"post","link":"https:\/\/sven-ove.nu\/?p=15736","title":{"rendered":"Varf\u00f6r \u00e4r jag s\u00e5 bekymrad \u00f6ver v\u00e5ra nya grannar?"},"content":{"rendered":"<p><a href=\"https:\/\/sven-ove.nu\/wp-content\/uploads\/2016\/09\/Sk\u00e4rmavbild-2016-09-11-kl.-22.06.20.png\"><img loading=\"lazy\" decoding=\"async\" class=\"size-full wp-image-15740 alignnone\" src=\"https:\/\/sven-ove.nu\/wp-content\/uploads\/2016\/09\/Sk\u00e4rmavbild-2016-09-11-kl.-22.06.20.png\" alt=\"skarmavbild-2016-09-11-kl-22-06-20\" width=\"584\" height=\"590\" srcset=\"https:\/\/sven-ove.nu\/wp-content\/uploads\/2016\/09\/Sk\u00e4rmavbild-2016-09-11-kl.-22.06.20.png 584w, https:\/\/sven-ove.nu\/wp-content\/uploads\/2016\/09\/Sk\u00e4rmavbild-2016-09-11-kl.-22.06.20-297x300.png 297w\" sizes=\"auto, (max-width: 584px) 100vw, 584px\" \/><\/a><\/p>\n<blockquote><p>Saker jag funderar p\u00e5 en vanlig m\u00e5ndag i september.<\/p><\/blockquote>\n<p><strong>Kolbottnen<br \/>\n<\/strong>Varf\u00f6r klappar mitt hj\u00e4rta extra f\u00f6r kolbottnen som kontrollpunkt vid orientering? Solidaritet med de som gick f\u00f6re oss och kolade tr\u00e4kol till Bergslagens j\u00e4rnindustri; till gruva, masugn och hammare? Den historiskt intresserade i mig som funderar \u00f6ver hur mycket det kan ha kolats under kriget, till gengasbilarna? Detta att en kolbotten var s\u00e5 vanlig som kontroll n\u00e4r jag b\u00f6rjade orientera?<strong><br \/>\n<\/strong><\/p>\n<p><a href=\"https:\/\/sven-ove.nu\/wp-content\/uploads\/2015\/05\/cropped-Kolaren.jpg\"><img loading=\"lazy\" decoding=\"async\" class=\"alignright size-thumbnail wp-image-11655\" src=\"https:\/\/sven-ove.nu\/wp-content\/uploads\/2015\/05\/cropped-Kolaren-150x150.jpg\" alt=\"cropped-Kolaren.jpg\" width=\"150\" height=\"150\" \/><\/a>Vet inte hur m\u00e5nga g\u00e5nger jag rotat i marken n\u00e4r en yta i skogen verkat platt och ibland haft diken omkring. Jag brukar hitta tr\u00e4kol n\u00e5gra centimeter ner.<\/p>\n<p>Funderar p\u00e5 saken. Vet bara att kolbottnen s\u00e4tter ig\u00e5ng k\u00e4nslor som drar mot f\u00f6rf\u00e4der. De som slet med sin framtidstro.<\/p>\n<p><strong>Vildgrisarna<br \/>\n<\/strong>Varf\u00f6r \u00e4r jag s\u00e5 bekymrad \u00f6ver att vi f\u00e5tt <span style=\"color: #0000ff;\"><a style=\"color: #0000ff;\" href=\"https:\/\/sv.wikipedia.org\/wiki\/Vildsvin\" target=\"_blank\">vildsvin<\/a><\/span> 500 meter hemifr\u00e5n? Skamk\u00e4nslor f\u00f6r att jag en g\u00e5ng i tiden drev med de som ville ha bort vargen? Skamk\u00e4nslor f\u00f6r att jag inte brydde mig mer om j\u00e4gare som f\u00e5tt sin livskvalitet p\u00e5verkad, n\u00e4r de inte l\u00e4ngre t\u00f6rs jaga med l\u00f6sdrivande hund i v\u00e5ra vargrevir? Det som vi har s\u00e5 m\u00e5nga.<\/p>\n<p>Funderar p\u00e5 saken. Vet bara att nu har jag f\u00e5tt min egen livskvalitet p\u00e5verkad, n\u00e4r det finns en <em>teoretisk<\/em> risk att jag st\u00f6ter p\u00e5 en svart ilsken vildsvinssugga som inte tycker att jag har i hennes sn\u00e5r att g\u00f6ra n\u00e4r hon f\u00f6rs\u00f6ker sova eller skaffa mat. Jag vet att de inte ger sig p\u00e5 folk, de f\u00f6rs\u00f6ker undvika m\u00e4nniskan. Fast vad h\u00e4nder i v\u00e4rsta fall?<\/p>\n<p>\u00c4r det inte precis som med vargen? Inte r\u00f6r ulven oss. Men t\u00e4nk om just den vargen \u00e4r inavlat galen eller bara inte l\u00e4st samma naturkunskapsbok som v\u00e5r skola anv\u00e4nder?<\/p>\n<p>Asch, dumheter.<\/p>\n<p><strong>\u00c4lgflugorna<br \/>\n<\/strong>Funderar \u00f6ver dessa bedr\u00f6vliga f\u00e4stingar och <span style=\"color: #0000ff;\"><a style=\"color: #0000ff;\" href=\"https:\/\/sv.wikipedia.org\/wiki\/\u00c4lgfluga\" target=\"_blank\">\u00e4lgflugor<\/a><\/span>. Inte tr\u00e4ffade vi dem f\u00f6rr. \u00c4r det r\u00e4tt \u00e5t mig, detta? Nej, s\u00e5 t\u00e4nker jag ju inte, livet \u00e4r inte en balans. Inte s\u00e5. Det \u00e4r inte synd om mig.<\/p>\n<p>Skogen \u00e4r fattigmans tr\u00f6ja. Hon \u00e4r hem ocks\u00e5 f\u00f6r varg, vildgris och enerverande insekter. Vem \u00e4r jag att h\u00e4vda att vi m\u00e4nniskor har r\u00e4tt att\u2026<\/p>\n<p>Funderar.<\/p>\n<p><strong>Amor vincit omnia<br \/>\n<\/strong>I dag blir en fin dag. Ska till skogen och h\u00e4mta in sista kontrollst\u00e4llningen som jag inte orkade b\u00e4ra i g\u00e5r, n\u00e4r vi hade haft distriktsm\u00e4sterskap i stafett. Det blev en kvar. Nummer 115.<\/p>\n<p>Vi har sett <span style=\"color: #0000ff;\"><a style=\"color: #0000ff;\" href=\"http:\/\/www.forshagadejenytt.se\/forshaga\/viltet-inpa-knuten\/\" target=\"_blank\">m\u00e4rken i marken<\/a><\/span> efter vildgrisarna lite varstans, i juni hade de avverkat ett av mina b\u00e4sta kantarellst\u00e4llen. De rotar upp st\u00f6rre ytor \u00e4n n\u00e5got r\u00e5djur. \u00c4ter vildsvin svamp? Nyss ber\u00e4ttade en v\u00e4n att han sett sp\u00e5r efter dem innanf\u00f6r v\u00e5rt elljussp\u00e5r. Innanf\u00f6r? S\u00e5 n\u00e4ra? Vid \u00c5smyren n\u00e4ra \u00e4lven i kanten av v\u00e5r t\u00e4tort har andra sett dem trava och en medm\u00e4nniska vi k\u00e4nner har st\u00f6tt p\u00e5 dem flera g\u00e5nger i andra utkanten n\u00e4r hon g\u00e5tt med hunden.<\/p>\n<p>K\u00e4rleken \u00f6vervinner allt, <span style=\"color: #0000ff;\"><em><a style=\"color: #0000ff;\" href=\"https:\/\/sv.wiktionary.org\/wiki\/amor_vincit_omnia\" target=\"_blank\">amor vincit omnia<\/a><\/em><\/span>, skrev de kloke f\u00f6rr. Naturk\u00e4rleken ocks\u00e5? Jo, jag tror det, denna nyss p\u00e5b\u00f6rjade m\u00e5ndag i september.<\/p>\n<p>Men \u00e4nd\u00e5.<br \/>\nAllt \u00e4ndrer di p\u00e5.<\/p>\n<p><span style=\"color: #0000ff;\"><a style=\"color: #0000ff;\" href=\"https:\/\/sven-ove.nu\/\">Hem<\/a><\/span>\u00a0|\u00a0<span style=\"color: #0000ff;\"><a style=\"color: #0000ff;\" href=\"https:\/\/sven-ove.nu\/?page_id=170\">Om mig<\/a><\/span>\u00a0|\u00a0<span style=\"color: #0000ff;\"><a style=\"color: #0000ff;\" href=\"https:\/\/sven-ove.nu\/?page_id=1385\">Skriva &amp; prata<\/a><\/span>\u00a0|\u00a0<span style=\"color: #0000ff;\"><a style=\"color: #0000ff;\" href=\"https:\/\/sven-ove.nu\/?page_id=100\">Politik<\/a><\/span>\u00a0|\u00a0<span style=\"color: #0000ff;\"><a style=\"color: #0000ff;\" href=\"https:\/\/sven-ove.nu\/?page_id=102\">L\u00f6pa<\/a><\/span>\u00a0|\u00a0<span style=\"color: #0000ff;\"><a style=\"color: #0000ff;\" href=\"https:\/\/sven-ove.nu\/?page_id=108\">Viktor Root<\/a><\/span><\/p>\n","protected":false},"excerpt":{"rendered":"<p>Saker jag funderar p\u00e5 en vanlig m\u00e5ndag i september. Kolbottnen Varf\u00f6r klappar mitt hj\u00e4rta extra f\u00f6r kolbottnen som kontrollpunkt vid orientering? Solidaritet med de som gick f\u00f6re oss och kolade tr\u00e4kol till Bergslagens j\u00e4rnindustri; till gruva, masugn och hammare? Den historiskt intresserade i mig som funderar \u00f6ver hur mycket det kan ha kolats under kriget, &hellip; <a href=\"https:\/\/sven-ove.nu\/?p=15736\" class=\"more-link\">Forts\u00e4tt l\u00e4sa <span class=\"screen-reader-text\">Varf\u00f6r \u00e4r jag s\u00e5 bekymrad \u00f6ver v\u00e5ra nya grannar?<\/span><\/a><\/p>\n","protected":false},"author":1,"featured_media":0,"comment_status":"open","ping_status":"open","sticky":false,"template":"","format":"standard","meta":{"_crdt_document":"","_monsterinsights_skip_tracking":false,"_monsterinsights_sitenote_active":false,"_monsterinsights_sitenote_note":"","_monsterinsights_sitenote_category":0,"footnotes":""},"categories":[6],"tags":[3,24,25],"class_list":["post-15736","post","type-post","status-publish","format-standard","hentry","category-natur","tag-arbete","tag-karlek","tag-kartan"],"_links":{"self":[{"href":"https:\/\/sven-ove.nu\/index.php?rest_route=\/wp\/v2\/posts\/15736","targetHints":{"allow":["GET"]}}],"collection":[{"href":"https:\/\/sven-ove.nu\/index.php?rest_route=\/wp\/v2\/posts"}],"about":[{"href":"https:\/\/sven-ove.nu\/index.php?rest_route=\/wp\/v2\/types\/post"}],"author":[{"embeddable":true,"href":"https:\/\/sven-ove.nu\/index.php?rest_route=\/wp\/v2\/users\/1"}],"replies":[{"embeddable":true,"href":"https:\/\/sven-ove.nu\/index.php?rest_route=%2Fwp%2Fv2%2Fcomments&post=15736"}],"version-history":[{"count":16,"href":"https:\/\/sven-ove.nu\/index.php?rest_route=\/wp\/v2\/posts\/15736\/revisions"}],"predecessor-version":[{"id":15761,"href":"https:\/\/sven-ove.nu\/index.php?rest_route=\/wp\/v2\/posts\/15736\/revisions\/15761"}],"wp:attachment":[{"href":"https:\/\/sven-ove.nu\/index.php?rest_route=%2Fwp%2Fv2%2Fmedia&parent=15736"}],"wp:term":[{"taxonomy":"category","embeddable":true,"href":"https:\/\/sven-ove.nu\/index.php?rest_route=%2Fwp%2Fv2%2Fcategories&post=15736"},{"taxonomy":"post_tag","embeddable":true,"href":"https:\/\/sven-ove.nu\/index.php?rest_route=%2Fwp%2Fv2%2Ftags&post=15736"}],"curies":[{"name":"wp","href":"https:\/\/api.w.org\/{rel}","templated":true}]}}