{"id":15762,"date":"2016-09-13T03:00:40","date_gmt":"2016-09-13T02:00:40","guid":{"rendered":"http:\/\/sven-ove.nu\/?p=15762"},"modified":"2016-09-13T06:12:33","modified_gmt":"2016-09-13T05:12:33","slug":"forundrad-over-det-blodiga-skadespelet","status":"publish","type":"post","link":"https:\/\/sven-ove.nu\/?p=15762","title":{"rendered":"F\u00f6rundrad \u00f6ver det blodiga sk\u00e5despelet"},"content":{"rendered":"<p><a href=\"https:\/\/sven-ove.nu\/wp-content\/uploads\/2016\/09\/Sk\u00e4rmavbild-2016-09-12-kl.-18.48.54.jpg\"><img loading=\"lazy\" decoding=\"async\" class=\"size-medium wp-image-15766 alignnone\" src=\"https:\/\/sven-ove.nu\/wp-content\/uploads\/2016\/09\/Sk\u00e4rmavbild-2016-09-12-kl.-18.48.54-300x199.jpg\" alt=\"skarmavbild-2016-09-12-kl-18-48-54\" width=\"300\" height=\"199\" srcset=\"https:\/\/sven-ove.nu\/wp-content\/uploads\/2016\/09\/Sk\u00e4rmavbild-2016-09-12-kl.-18.48.54-300x199.jpg 300w, https:\/\/sven-ove.nu\/wp-content\/uploads\/2016\/09\/Sk\u00e4rmavbild-2016-09-12-kl.-18.48.54.jpg 743w\" sizes=\"auto, (max-width: 300px) 100vw, 300px\" \/><\/a><\/p>\n<blockquote><p>Gudskelov hinner jag inte skriva alla inl\u00e4gg som dyker upp i skallen. Dessutom har jag vett att sl\u00e4nga en del som \u00e4nd\u00e5 blivit nedtecknat.<\/p><\/blockquote>\n<p>Den h\u00e4r karln borde jag dock skriva om. <strong>H\u00e5kan Juholt<\/strong>. En m\u00e4nniska som gjorde mig b\u00e5de glad och f\u00f6rbaskad n\u00e4r han var partiordf\u00f6rande f\u00f6r socialdemokraterna.<\/p>\n<p>Inl\u00e4gget f\u00e5r bli en annan g\u00e5ng. H\u00e5kan verkar inte ha haft de v\u00e4nner han f\u00f6rtj\u00e4nade, s\u00e5 mycket \u00e4r s\u00e4kert. Politiken \u00e4r ett r\u00e4vspel och alldeles f\u00f6r ofta vinner v\u00e4rsta r\u00e4ven. Kvar i en undanskymd gl\u00e4nta st\u00e5r vi f\u00f6rskr\u00e4ckta sm\u00e5 f\u00e5r som hann undan och f\u00f6rundras \u00f6ver det blodiga sk\u00e5despelet.<\/p>\n<p>Lyssna p\u00e5 Sveriges Radios s\u00f6ndagsintervju med H\u00e5kan Juholt. YOLO st\u00e5r det p\u00e5 tr\u00f6jan hans. Du lever bara en g\u00e5ng. \u00c4r det bara jag som tycker att ber\u00e4ttelsen om H\u00e5kan Juholt \u00e4r tragisk f\u00f6r fler \u00e4n en person?<\/p>\n<p style=\"padding-left: 30px;\"><em>\u201dI dag \u00e4r ju dr\u00f6mmarna n\u00e4stan inst\u00e4llda\u201d.<\/em><br \/>\n<em>\u201dDet <span style=\"text-decoration: underline;\">finns<\/span> dr\u00f6mmar om en rimligare v\u00e4rld\u201d.<\/em><br \/>\n<em>\u201dJag vet att jag ber\u00f6rde m\u00e4nniskor\u201d.<\/em><\/p>\n<p>Lyssna p\u00e5 hans klassperspektiv, h\u00f6r vad han menar med \u201dklegget\u201d i huvudstaden. Fundera \u00f6ver varf\u00f6r partierna har f\u00e5 medlemmar.<\/p>\n<p>I dag \u00e4r deras dr\u00f6mmar n\u00e4stan inst\u00e4llda.<\/p>\n<p><strong><em>L\u00e4nk<\/em><\/strong><em>: <span style=\"color: #ff0000;\"><a style=\"color: #ff0000;\" href=\"http:\/\/sverigesradio.se\/sida\/avsnitt\/789028?programid=4772\">H\u00e5kan Juholt, S\u00f6ndagsintervjun 11 sept 2016<\/a><\/span><\/em><\/p>\n<p><span style=\"color: #0000ff;\"><a style=\"color: #0000ff;\" href=\"https:\/\/sven-ove.nu\/?page_id=170\">Om mig<\/a><\/span>\u00a0|\u00a0<span style=\"color: #0000ff;\"><a style=\"color: #0000ff;\" href=\"https:\/\/sven-ove.nu\/?page_id=1385\">Skriva &amp; prata<\/a><\/span>\u00a0|\u00a0<span style=\"color: #0000ff;\"><a style=\"color: #0000ff;\" href=\"https:\/\/sven-ove.nu\/?page_id=100\">Politik<\/a><\/span>\u00a0|\u00a0<span style=\"color: #0000ff;\"><a style=\"color: #0000ff;\" href=\"https:\/\/sven-ove.nu\/?page_id=102\">L\u00f6pa<\/a><\/span>\u00a0|\u00a0<span style=\"color: #0000ff;\"><a style=\"color: #0000ff;\" href=\"https:\/\/sven-ove.nu\/?page_id=108\">Viktor Root<\/a><\/span><\/p>\n","protected":false},"excerpt":{"rendered":"<p>Gudskelov hinner jag inte skriva alla inl\u00e4gg som dyker upp i skallen. Dessutom har jag vett att sl\u00e4nga en del som \u00e4nd\u00e5 blivit nedtecknat. Den h\u00e4r karln borde jag dock skriva om. H\u00e5kan Juholt. En m\u00e4nniska som gjorde mig b\u00e5de glad och f\u00f6rbaskad n\u00e4r han var partiordf\u00f6rande f\u00f6r socialdemokraterna. Inl\u00e4gget f\u00e5r bli en annan g\u00e5ng. &hellip; <a href=\"https:\/\/sven-ove.nu\/?p=15762\" class=\"more-link\">Forts\u00e4tt l\u00e4sa <span class=\"screen-reader-text\">F\u00f6rundrad \u00f6ver det blodiga sk\u00e5despelet<\/span><\/a><\/p>\n","protected":false},"author":1,"featured_media":0,"comment_status":"open","ping_status":"open","sticky":false,"template":"","format":"standard","meta":{"_crdt_document":"","_monsterinsights_skip_tracking":false,"_monsterinsights_sitenote_active":false,"_monsterinsights_sitenote_note":"","_monsterinsights_sitenote_category":0,"footnotes":""},"categories":[9,4],"tags":[16,18,15,17],"class_list":["post-15762","post","type-post","status-publish","format-standard","hentry","category-politik","category-skrivande","tag-dumheter","tag-lardomar","tag-mediedjungeln","tag-solidaritet"],"_links":{"self":[{"href":"https:\/\/sven-ove.nu\/index.php?rest_route=\/wp\/v2\/posts\/15762","targetHints":{"allow":["GET"]}}],"collection":[{"href":"https:\/\/sven-ove.nu\/index.php?rest_route=\/wp\/v2\/posts"}],"about":[{"href":"https:\/\/sven-ove.nu\/index.php?rest_route=\/wp\/v2\/types\/post"}],"author":[{"embeddable":true,"href":"https:\/\/sven-ove.nu\/index.php?rest_route=\/wp\/v2\/users\/1"}],"replies":[{"embeddable":true,"href":"https:\/\/sven-ove.nu\/index.php?rest_route=%2Fwp%2Fv2%2Fcomments&post=15762"}],"version-history":[{"count":5,"href":"https:\/\/sven-ove.nu\/index.php?rest_route=\/wp\/v2\/posts\/15762\/revisions"}],"predecessor-version":[{"id":15769,"href":"https:\/\/sven-ove.nu\/index.php?rest_route=\/wp\/v2\/posts\/15762\/revisions\/15769"}],"wp:attachment":[{"href":"https:\/\/sven-ove.nu\/index.php?rest_route=%2Fwp%2Fv2%2Fmedia&parent=15762"}],"wp:term":[{"taxonomy":"category","embeddable":true,"href":"https:\/\/sven-ove.nu\/index.php?rest_route=%2Fwp%2Fv2%2Fcategories&post=15762"},{"taxonomy":"post_tag","embeddable":true,"href":"https:\/\/sven-ove.nu\/index.php?rest_route=%2Fwp%2Fv2%2Ftags&post=15762"}],"curies":[{"name":"wp","href":"https:\/\/api.w.org\/{rel}","templated":true}]}}