{"id":15796,"date":"2016-09-20T03:00:23","date_gmt":"2016-09-20T02:00:23","guid":{"rendered":"http:\/\/sven-ove.nu\/?p=15796"},"modified":"2016-09-19T13:19:41","modified_gmt":"2016-09-19T12:19:41","slug":"15796","status":"publish","type":"post","link":"https:\/\/sven-ove.nu\/?p=15796","title":{"rendered":"T\u00e4vlingspremi\u00e4r och sj\u00e4len ryser"},"content":{"rendered":"<p><a href=\"https:\/\/sven-ove.nu\/wp-content\/uploads\/2016\/09\/T\u00e4vlingspremi\u00e4r.jpg\"><img loading=\"lazy\" decoding=\"async\" class=\"size-large wp-image-15799 alignnone\" src=\"https:\/\/sven-ove.nu\/wp-content\/uploads\/2016\/09\/T\u00e4vlingspremi\u00e4r-1024x982.jpg\" alt=\"tavlingspremiar\" width=\"660\" height=\"633\" srcset=\"https:\/\/sven-ove.nu\/wp-content\/uploads\/2016\/09\/T\u00e4vlingspremi\u00e4r-1024x982.jpg 1024w, https:\/\/sven-ove.nu\/wp-content\/uploads\/2016\/09\/T\u00e4vlingspremi\u00e4r-300x288.jpg 300w, https:\/\/sven-ove.nu\/wp-content\/uploads\/2016\/09\/T\u00e4vlingspremi\u00e4r.jpg 1280w\" sizes=\"auto, (max-width: 660px) 100vw, 660px\" \/><\/a><\/p>\n<p>Hur var det Hjalmar S\u00f6derberg skrev i Doktor Glas? \u201dMan vill bli \u00e4lskad, i brist d\u00e4rp\u00e5 beundrad, i brist d\u00e4rp\u00e5 fruktad, i brist d\u00e4rp\u00e5 avskydd och f\u00f6raktad. Man vill ingiva m\u00e4nniskorna n\u00e5gon slags k\u00e4nsla. Sj\u00e4len ryser f\u00f6r tomrummet och vill kontakt till vad pris som helst.\u201d<\/p>\n<p>Hur var det vi sa i Hassela Solidaritet? Kan du inte bli b\u00e4st p\u00e5 att vara bra s\u00e5 vill du \u00e5tminstone bli b\u00e4st p\u00e5 att vara v\u00e4rst. B-karri\u00e4ren i st\u00e4llet f\u00f6r A-karri\u00e4ren.<\/p>\n<p>Detta ska som du\u00a0f\u00f6rst\u00e5r handla om min orienteringspremi\u00e4r f\u00f6r i \u00e5r.<\/p>\n<p><strong>Den \u00e4r grym<br \/>\n<\/strong>Det \u00e4r en solig och varm s\u00f6ndag i V\u00e4stra G\u00f6taland n\u00e4r vi beger oss mot arenan. De kallar det inte l\u00e4ngre t\u00e4vlingscentrum i orienteringssporten. Arenan. Den ligger intill en g\u00e5rd i kanten av ett h\u00f6gt skogkl\u00e4tt berg och i dag vill jag bli \u00e4lskad n\u00e4r jag kommer ut ur den skogen.<\/p>\n<p>Du beh\u00f6ver inte vinna, viskar jag till mig sj\u00e4lv n\u00e4r jag st\u00e4llet mig i k\u00f6n till direktanm\u00e4lan. Det r\u00e4cker om du vinner \u00f6ver dig sj\u00e4lv.<\/p>\n<p>N\u00e4r jag kommer fram tittar en av arrang\u00f6rerna hastigt p\u00e5 mig i min slitna och n\u00e5got f\u00f6r smala orienteringsdr\u00e4kt. Har du orienterat mycket? fr\u00e5gar han med tvivel i r\u00f6sten n\u00e4r jag ber att f\u00e5 springa \u00d6ppen 5.<\/p>\n<p>&#8211; Ska du verkligen springa den?<br \/>\n&#8211; 2,9 kilometer ska jag v\u00e4l klara\u2026 s\u00e4ger jag och f\u00f6rs\u00f6ker se v\u00e4rldsvan ut. Orange sv\u00e5righetsgrad, det \u00e4r min kompetens det.<br \/>\n&#8211; Den \u00e4r grym, s\u00e4ger han. Har du sett kurvbilden p\u00e5 provkartan?<\/p>\n<p><strong>Flytta er, v\u00e4stg\u00f6tar<br \/>\n<\/strong>Femton minuter senare g\u00e5r starten. Det vill s\u00e4ga i \u00f6ppenklasserna f\u00e5r du v\u00e4lja starttid sj\u00e4lv. Ta det lugnt, ta det lugnt, f\u00f6rivra dig inte, ingen hets, plocka nu kontrollerna lugnt, hetsa inte\u2026 viskar den lugne inom mig. Han som h\u00f6rs s\u00e5 s\u00e4llan.<\/p>\n<p>Den hete springer redan f\u00f6r fullt mot startpunkten. Flytta er v\u00e4stg\u00f6tar, h\u00e4r kommer det en f\u00f4rshaging. Femton kontroller, i dag blir det kontrollplock.<\/p>\n<p><strong>Backigt s\u00e5 ini norden<br \/>\n<\/strong>V\u00e4rlden ser inte alltid ut som den v\u00e4rml\u00e4ndska tallhed d\u00e4r jag en g\u00e5ng l\u00e4rde mig orientera. I dag har jag blivit varnad och tittar verkligen noga p\u00e5 h\u00f6jdkurvorna. Hmm, jag tar stigen runt h\u00f6jden till ettan. Hmm, jag tar stigen runt h\u00f6jden till tv\u00e5an. Hmm, jag tar stigen till trean med fast det blir en omv\u00e4g. Hmm, jag f\u00e5r g\u00e5 runt h\u00f6jden till fyran.<\/p>\n<p>S\u00e5 d\u00e4r h\u00e5ller det p\u00e5 sedan. Klok som en pudel rundar jag h\u00f6jderna. De \u00e4r s\u00e5 m\u00e5nga att arrang\u00f6rerna har f\u00e5tt \u00e4ndra skalan p\u00e5 v\u00e5ra kartor, f\u00f6r att alla h\u00f6jdkurvor ska f\u00e5 plats.<\/p>\n<p>Klockan tickar, kroppen \u00e4r inte lika l\u00f6pvillig i varje backe som \u00e4nd\u00e5 dyker upp men fram\u00e5t g\u00e5r det och plockar g\u00f6r jag. Femman g\u00e5r som jag t\u00e4nkt. Sexan likas\u00e5. Sjuan lyser lika orange den, i kanten av den lilla mossen. \u00c5ttan\u2026 d\u00e5 b\u00f6rjar omd\u00f6met bli tr\u00f6tt.<\/p>\n<p><strong>L\u00e4s inte detta<br \/>\n<\/strong>L\u00e5t oss sluta ber\u00e4ttelsen h\u00e4r. Vem vill g\u00f6ra B-karri\u00e4r? Vem vill bli f\u00f6raktad, ens av sig sj\u00e4lv? Vem vill h\u00e5lla p\u00e5 och tjata om sju kontroller till, som en aldrig ens bes\u00f6kte? J\u00e4dra Hjalmar S\u00f6derberg, har du aldrig v\u00e4nt en karta fel, du?<\/p>\n<p><a href=\"https:\/\/sven-ove.nu\/wp-content\/uploads\/2016\/09\/T\u00e4vlingspremi\u00e4r.jpg\"><img loading=\"lazy\" decoding=\"async\" class=\"alignright size-thumbnail wp-image-15799\" src=\"https:\/\/sven-ove.nu\/wp-content\/uploads\/2016\/09\/T\u00e4vlingspremi\u00e4r-150x150.jpg\" alt=\"tavlingspremiar\" width=\"150\" height=\"150\" \/><\/a>Sj\u00e4len ryser.<\/p>\n<p><span style=\"color: #0000ff;\"><a style=\"color: #0000ff;\" href=\"https:\/\/sven-ove.nu\/?page_id=170\">Om mig<\/a><\/span>\u00a0|\u00a0<span style=\"color: #0000ff;\"><a style=\"color: #0000ff;\" href=\"https:\/\/sven-ove.nu\/?page_id=1385\">Skriva &amp; prata<\/a><\/span>\u00a0|\u00a0<span style=\"color: #0000ff;\"><a style=\"color: #0000ff;\" href=\"https:\/\/sven-ove.nu\/?page_id=100\">Politik<\/a><\/span>\u00a0|\u00a0<span style=\"color: #0000ff;\"><a style=\"color: #0000ff;\" href=\"https:\/\/sven-ove.nu\/?page_id=102\">L\u00f6pa<\/a><\/span>\u00a0|\u00a0<span style=\"color: #0000ff;\"><a style=\"color: #0000ff;\" href=\"https:\/\/sven-ove.nu\/?page_id=108\">Viktor Root<\/a><\/span><\/p>\n","protected":false},"excerpt":{"rendered":"<p>Hur var det Hjalmar S\u00f6derberg skrev i Doktor Glas? \u201dMan vill bli \u00e4lskad, i brist d\u00e4rp\u00e5 beundrad, i brist d\u00e4rp\u00e5 fruktad, i brist d\u00e4rp\u00e5 avskydd och f\u00f6raktad. Man vill ingiva m\u00e4nniskorna n\u00e5gon slags k\u00e4nsla. Sj\u00e4len ryser f\u00f6r tomrummet och vill kontakt till vad pris som helst.\u201d Hur var det vi sa i Hassela Solidaritet? Kan &hellip; <a href=\"https:\/\/sven-ove.nu\/?p=15796\" class=\"more-link\">Forts\u00e4tt l\u00e4sa <span class=\"screen-reader-text\">T\u00e4vlingspremi\u00e4r och sj\u00e4len ryser<\/span><\/a><\/p>\n","protected":false},"author":1,"featured_media":0,"comment_status":"open","ping_status":"open","sticky":false,"template":"","format":"standard","meta":{"_crdt_document":"","_monsterinsights_skip_tracking":false,"_monsterinsights_sitenote_active":false,"_monsterinsights_sitenote_note":"","_monsterinsights_sitenote_category":0,"footnotes":""},"categories":[5],"tags":[25,18],"class_list":["post-15796","post","type-post","status-publish","format-standard","hentry","category-lopning","tag-kartan","tag-lardomar"],"_links":{"self":[{"href":"https:\/\/sven-ove.nu\/index.php?rest_route=\/wp\/v2\/posts\/15796","targetHints":{"allow":["GET"]}}],"collection":[{"href":"https:\/\/sven-ove.nu\/index.php?rest_route=\/wp\/v2\/posts"}],"about":[{"href":"https:\/\/sven-ove.nu\/index.php?rest_route=\/wp\/v2\/types\/post"}],"author":[{"embeddable":true,"href":"https:\/\/sven-ove.nu\/index.php?rest_route=\/wp\/v2\/users\/1"}],"replies":[{"embeddable":true,"href":"https:\/\/sven-ove.nu\/index.php?rest_route=%2Fwp%2Fv2%2Fcomments&post=15796"}],"version-history":[{"count":5,"href":"https:\/\/sven-ove.nu\/index.php?rest_route=\/wp\/v2\/posts\/15796\/revisions"}],"predecessor-version":[{"id":15802,"href":"https:\/\/sven-ove.nu\/index.php?rest_route=\/wp\/v2\/posts\/15796\/revisions\/15802"}],"wp:attachment":[{"href":"https:\/\/sven-ove.nu\/index.php?rest_route=%2Fwp%2Fv2%2Fmedia&parent=15796"}],"wp:term":[{"taxonomy":"category","embeddable":true,"href":"https:\/\/sven-ove.nu\/index.php?rest_route=%2Fwp%2Fv2%2Fcategories&post=15796"},{"taxonomy":"post_tag","embeddable":true,"href":"https:\/\/sven-ove.nu\/index.php?rest_route=%2Fwp%2Fv2%2Ftags&post=15796"}],"curies":[{"name":"wp","href":"https:\/\/api.w.org\/{rel}","templated":true}]}}