{"id":1580,"date":"2012-03-21T06:00:55","date_gmt":"2012-03-21T05:00:55","guid":{"rendered":"http:\/\/sven-ove.nu\/?p=1580"},"modified":"2012-03-20T12:07:45","modified_gmt":"2012-03-20T11:07:45","slug":"soppkoken-ar-har-igen","status":"publish","type":"post","link":"https:\/\/sven-ove.nu\/?p=1580","title":{"rendered":"Soppk\u00f6ken \u00e4r h\u00e4r igen"},"content":{"rendered":"<p><a href=\"https:\/\/sven-ove.nu\/wp-content\/uploads\/2012\/03\/Soppk\u00f6k-i-Stockholm-igen2.jpg\"><img loading=\"lazy\" decoding=\"async\" class=\"alignleft size-full wp-image-1586\" title=\"Soppk\u00f6k i Stockholm igen\" src=\"https:\/\/sven-ove.nu\/wp-content\/uploads\/2012\/03\/Soppk\u00f6k-i-Stockholm-igen2.jpg\" alt=\"\" width=\"687\" height=\"308\" srcset=\"https:\/\/sven-ove.nu\/wp-content\/uploads\/2012\/03\/Soppk\u00f6k-i-Stockholm-igen2.jpg 687w, https:\/\/sven-ove.nu\/wp-content\/uploads\/2012\/03\/Soppk\u00f6k-i-Stockholm-igen2-300x134.jpg 300w\" sizes=\"auto, (max-width: 687px) 100vw, 687px\" \/><\/a><\/p>\n<p>Nu vandrar soppk\u00f6ksk\u00f6erna igen i Stockholm. Det finns tider vi inte vill ha tillbaka. F\u00f6rr tyckte jag det var exotiskt att visa p\u00e5 gamla tiders fattigdom \u2013 genom att ber\u00e4tta om soppk\u00f6ken i Rans\u00e4ter och \u00d6stmark \u00e5r 1868, efter missv\u00e4xten. De k\u00e4ndes ju s\u00e5 fj\u00e4rran.<\/p>\n<p>Nu \u00e4r det dags igen. Titta p\u00e5 bilden till h\u00f6ger. Den \u00e4r fr\u00e5n Dagens Arena. Klicka p\u00e5 <a href=\"http:\/\/www.dagensarena.se\/valfard\/bilden-som-satte-punkt\/?ref=nf\">l\u00e4nken h\u00e4r<\/a>, s\u00e5 kan du l\u00e4sa den utm\u00e4rkta texten till bilden.<\/p>\n<p>\u00d6stmark 1868. Stockholm 2012. Var det inte meningen att vi skulle ha hunnit l\u00e4ngre, i skapandet av samh\u00e4llets skyddsn\u00e4t? S\u00e5h\u00e4r slutar artikeln i Dagens Arena:<\/p>\n<p><em>\u201dI framtiden \u00e4r det bilden av soppk\u00f6ksk\u00f6n den 14 mars 2012 utanf\u00f6r S:ta Clara kyrka som vi kommer att minnas.<\/em><\/p>\n<p><em> <\/em><\/p>\n<p><em>Och vi kommer sk\u00e4mmas f\u00f6r att vi l\u00e4t det g\u00e5 s\u00e5 l\u00e5ngt.\u201d<\/em><\/p>\n<p><em><br \/>\n<\/em><\/p>\n","protected":false},"excerpt":{"rendered":"<p>Nu vandrar soppk\u00f6ksk\u00f6erna igen i Stockholm. Det finns tider vi inte vill ha tillbaka. F\u00f6rr tyckte jag det var exotiskt att visa p\u00e5 gamla tiders fattigdom \u2013 genom att ber\u00e4tta om soppk\u00f6ken i Rans\u00e4ter och \u00d6stmark \u00e5r 1868, efter missv\u00e4xten. De k\u00e4ndes ju s\u00e5 fj\u00e4rran. Nu \u00e4r det dags igen. Titta p\u00e5 bilden till h\u00f6ger. &hellip; <a href=\"https:\/\/sven-ove.nu\/?p=1580\" class=\"more-link\">Forts\u00e4tt l\u00e4sa <span class=\"screen-reader-text\">Soppk\u00f6ken \u00e4r h\u00e4r igen<\/span><\/a><\/p>\n","protected":false},"author":1,"featured_media":0,"comment_status":"open","ping_status":"open","sticky":false,"template":"","format":"standard","meta":{"_crdt_document":"","_monsterinsights_skip_tracking":false,"_monsterinsights_sitenote_active":false,"_monsterinsights_sitenote_note":"","_monsterinsights_sitenote_category":0,"footnotes":""},"categories":[9],"tags":[8,14],"class_list":["post-1580","post","type-post","status-publish","format-standard","hentry","category-politik","tag-historia","tag-lasning"],"_links":{"self":[{"href":"https:\/\/sven-ove.nu\/index.php?rest_route=\/wp\/v2\/posts\/1580","targetHints":{"allow":["GET"]}}],"collection":[{"href":"https:\/\/sven-ove.nu\/index.php?rest_route=\/wp\/v2\/posts"}],"about":[{"href":"https:\/\/sven-ove.nu\/index.php?rest_route=\/wp\/v2\/types\/post"}],"author":[{"embeddable":true,"href":"https:\/\/sven-ove.nu\/index.php?rest_route=\/wp\/v2\/users\/1"}],"replies":[{"embeddable":true,"href":"https:\/\/sven-ove.nu\/index.php?rest_route=%2Fwp%2Fv2%2Fcomments&post=1580"}],"version-history":[{"count":6,"href":"https:\/\/sven-ove.nu\/index.php?rest_route=\/wp\/v2\/posts\/1580\/revisions"}],"predecessor-version":[{"id":1583,"href":"https:\/\/sven-ove.nu\/index.php?rest_route=\/wp\/v2\/posts\/1580\/revisions\/1583"}],"wp:attachment":[{"href":"https:\/\/sven-ove.nu\/index.php?rest_route=%2Fwp%2Fv2%2Fmedia&parent=1580"}],"wp:term":[{"taxonomy":"category","embeddable":true,"href":"https:\/\/sven-ove.nu\/index.php?rest_route=%2Fwp%2Fv2%2Fcategories&post=1580"},{"taxonomy":"post_tag","embeddable":true,"href":"https:\/\/sven-ove.nu\/index.php?rest_route=%2Fwp%2Fv2%2Ftags&post=1580"}],"curies":[{"name":"wp","href":"https:\/\/api.w.org\/{rel}","templated":true}]}}