{"id":15843,"date":"2016-09-26T03:00:13","date_gmt":"2016-09-26T02:00:13","guid":{"rendered":"http:\/\/sven-ove.nu\/?p=15843"},"modified":"2016-09-26T07:12:42","modified_gmt":"2016-09-26T06:12:42","slug":"cecilias-lardom","status":"publish","type":"post","link":"https:\/\/sven-ove.nu\/?p=15843","title":{"rendered":"Cecilias l\u00e4rdom"},"content":{"rendered":"<p><a href=\"https:\/\/sven-ove.nu\/wp-content\/uploads\/2016\/09\/Kvinnosyn.jpg\"><img loading=\"lazy\" decoding=\"async\" class=\"size-large wp-image-15845 alignnone\" src=\"https:\/\/sven-ove.nu\/wp-content\/uploads\/2016\/09\/Kvinnosyn-1024x802.jpg\" alt=\"kvinnosyn\" width=\"660\" height=\"517\" srcset=\"https:\/\/sven-ove.nu\/wp-content\/uploads\/2016\/09\/Kvinnosyn-1024x802.jpg 1024w, https:\/\/sven-ove.nu\/wp-content\/uploads\/2016\/09\/Kvinnosyn-300x235.jpg 300w, https:\/\/sven-ove.nu\/wp-content\/uploads\/2016\/09\/Kvinnosyn.jpg 1257w\" sizes=\"auto, (max-width: 660px) 100vw, 660px\" \/><\/a><\/p>\n<blockquote><p>Det var Cecilia af Jochnick som en g\u00e5ng formulerade vad jag instinktivt visste men aldrig satt ord p\u00e5. Hon gav ut den utm\u00e4rkta tidningen <span style=\"color: #0000ff;\"><a style=\"color: #0000ff;\" href=\"http:\/\/libris.kb.se\/bib\/809234\">Kvinnosyn V\u00e4rmland<\/a><\/span> och skrev om tramset. Det viktiga tramset. En l\u00e4sv\u00e4rd publikation beh\u00f6ver s\u00e5dana inslag med skrev hon och levde hon upp till, mellan alla viktiga och seri\u00f6sa artiklar.<\/p><\/blockquote>\n<p>Cecilia har r\u00e4tt. Ingen livfull m\u00e4nniska orkar g\u00e5 omkring och vara korrekt varenda minut om dygnet, veckan, \u00e5ret och livet. Ibland tittar den lille j\u00e4veln fram p\u00e5 ens h\u00f6gra axel och viskar n\u00e5\u2019t oseri\u00f6st som han tycker \u00e4r skoj.<\/p>\n<p>Det h\u00e4nder mig hela tiden. Vi \u00e4r s\u00e5 skapta, min lille j\u00e4vel och jag. Ibland ser han det absurda i tillvaron, ibland en enkel ordlek, ibland en komplicerad som ingen annan j\u00e4vel f\u00f6rst\u00e5r. Inte kan vi r\u00e5 f\u00f6r det, vi f\u00f6rst\u00e5r den ju.<\/p>\n<p><strong>Ger liv \u00e5t v\u00e5ra dagar<br \/>\n<\/strong>H\u00e4rom dagen skojade jag om hur nyblivna villa\u00e4gare b\u00f6r bete sig, n\u00e4r de uppt\u00e4cker att en av grannarna har en rasande grann h\u00e4ck. Det var den lille som hade viskat om saken i mitt h\u00f6ger\u00f6ra. Lillj\u00e4veln h\u00e4lsar att s\u00e5dant kommer han att forts\u00e4tta tissla om. Vi \u00e4r s\u00e5 lagda han och jag. S\u00e5dant trams ger liv \u00e5t v\u00e5ra dagar och f\u00e5r oss att orka k\u00e4mpa vidare mot oj\u00e4mlikhet, fr\u00e4mlingsfientlighet, d\u00e5lig j\u00e4mst\u00e4lldhet, f\u00f6rf\u00e4rlig asylpolitik och allm\u00e4n dumhet i tillvaron.<\/p>\n<p>S\u00e4g aldrig till din granne att hen har en fin h\u00e4ck.<\/p>\n<p style=\"text-align: right;\"><em><span style=\"color: #993366;\"><strong>###<\/strong><\/span> Ny kr\u00f6nika kring Konsumhistorien:<br \/>\n<span style=\"color: #0000ff;\"><a style=\"color: #0000ff;\" href=\"https:\/\/sven-ove.nu\/?page_id=15850\">Hur skulle det se ut, sa Bertil<\/a><\/span><\/em><\/p>\n<p style=\"text-align: right;\"><em><span style=\"color: #0000ff;\"><a style=\"color: #0000ff;\" href=\"https:\/\/sven-ove.nu\/?page_id=170\">Om mig<\/a><\/span>\u00a0|\u00a0<span style=\"color: #0000ff;\"><a style=\"color: #0000ff;\" href=\"https:\/\/sven-ove.nu\/?page_id=1385\">Skriva &amp; prata<\/a><\/span>\u00a0|\u00a0<span style=\"color: #0000ff;\"><a style=\"color: #0000ff;\" href=\"https:\/\/sven-ove.nu\/?page_id=100\">Politik<\/a><\/span>\u00a0|\u00a0<span style=\"color: #0000ff;\"><a style=\"color: #0000ff;\" href=\"https:\/\/sven-ove.nu\/?page_id=102\">L\u00f6pa<\/a><\/span>\u00a0|\u00a0<span style=\"color: #0000ff;\"><a style=\"color: #0000ff;\" href=\"https:\/\/sven-ove.nu\/?page_id=108\">Viktor Root<\/a><\/span><\/em><\/p>\n","protected":false},"excerpt":{"rendered":"<p>Det var Cecilia af Jochnick som en g\u00e5ng formulerade vad jag instinktivt visste men aldrig satt ord p\u00e5. Hon gav ut den utm\u00e4rkta tidningen Kvinnosyn V\u00e4rmland och skrev om tramset. Det viktiga tramset. En l\u00e4sv\u00e4rd publikation beh\u00f6ver s\u00e5dana inslag med skrev hon och levde hon upp till, mellan alla viktiga och seri\u00f6sa artiklar. Cecilia har &hellip; <a href=\"https:\/\/sven-ove.nu\/?p=15843\" class=\"more-link\">Forts\u00e4tt l\u00e4sa <span class=\"screen-reader-text\">Cecilias l\u00e4rdom<\/span><\/a><\/p>\n","protected":false},"author":1,"featured_media":0,"comment_status":"open","ping_status":"open","sticky":false,"template":"","format":"standard","meta":{"_crdt_document":"","_monsterinsights_skip_tracking":false,"_monsterinsights_sitenote_active":false,"_monsterinsights_sitenote_note":"","_monsterinsights_sitenote_category":0,"footnotes":""},"categories":[28,4],"tags":[18,21,17],"class_list":["post-15843","post","type-post","status-publish","format-standard","hentry","category-kreativt-folk","category-skrivande","tag-lardomar","tag-ord","tag-solidaritet"],"_links":{"self":[{"href":"https:\/\/sven-ove.nu\/index.php?rest_route=\/wp\/v2\/posts\/15843","targetHints":{"allow":["GET"]}}],"collection":[{"href":"https:\/\/sven-ove.nu\/index.php?rest_route=\/wp\/v2\/posts"}],"about":[{"href":"https:\/\/sven-ove.nu\/index.php?rest_route=\/wp\/v2\/types\/post"}],"author":[{"embeddable":true,"href":"https:\/\/sven-ove.nu\/index.php?rest_route=\/wp\/v2\/users\/1"}],"replies":[{"embeddable":true,"href":"https:\/\/sven-ove.nu\/index.php?rest_route=%2Fwp%2Fv2%2Fcomments&post=15843"}],"version-history":[{"count":9,"href":"https:\/\/sven-ove.nu\/index.php?rest_route=\/wp\/v2\/posts\/15843\/revisions"}],"predecessor-version":[{"id":15861,"href":"https:\/\/sven-ove.nu\/index.php?rest_route=\/wp\/v2\/posts\/15843\/revisions\/15861"}],"wp:attachment":[{"href":"https:\/\/sven-ove.nu\/index.php?rest_route=%2Fwp%2Fv2%2Fmedia&parent=15843"}],"wp:term":[{"taxonomy":"category","embeddable":true,"href":"https:\/\/sven-ove.nu\/index.php?rest_route=%2Fwp%2Fv2%2Fcategories&post=15843"},{"taxonomy":"post_tag","embeddable":true,"href":"https:\/\/sven-ove.nu\/index.php?rest_route=%2Fwp%2Fv2%2Ftags&post=15843"}],"curies":[{"name":"wp","href":"https:\/\/api.w.org\/{rel}","templated":true}]}}