{"id":15869,"date":"2016-09-28T03:00:20","date_gmt":"2016-09-28T02:00:20","guid":{"rendered":"http:\/\/sven-ove.nu\/?p=15869"},"modified":"2016-09-27T09:45:56","modified_gmt":"2016-09-27T08:45:56","slug":"15869","status":"publish","type":"post","link":"https:\/\/sven-ove.nu\/?p=15869","title":{"rendered":"F\u00e5r en vara n\u00f6jd?"},"content":{"rendered":"<p><a href=\"https:\/\/sven-ove.nu\/wp-content\/uploads\/2016\/04\/V\u00e4skan.jpg\"><img loading=\"lazy\" decoding=\"async\" class=\"size-large wp-image-14620 alignnone\" src=\"https:\/\/sven-ove.nu\/wp-content\/uploads\/2016\/04\/V\u00e4skan-1024x921.jpg\" alt=\"V\u00e4skan\" width=\"660\" height=\"594\" srcset=\"https:\/\/sven-ove.nu\/wp-content\/uploads\/2016\/04\/V\u00e4skan-1024x921.jpg 1024w, https:\/\/sven-ove.nu\/wp-content\/uploads\/2016\/04\/V\u00e4skan-300x270.jpg 300w\" sizes=\"auto, (max-width: 660px) 100vw, 660px\" \/><\/a><\/p>\n<blockquote><p>Ibland f\u00e5r en till det. De d\u00e4r f\u00e5 g\u00e5ngerna i en skribents liv d\u00e5 det pirrar till i maggropen redan innan orden n\u00e5tt fr\u00e5n tanke till tangent.<\/p><\/blockquote>\n<p>Det h\u00e4nder inte ofta och dock: n\u00e4r det h\u00e4nder sjunger \u00e4nglarna. Svarta \u00e4nglar ibland i den h\u00e4r skrivarens fall men sjung f\u00f6r hundan, jag vill h\u00f6ra s\u00e5ng sa jag.<\/p>\n<p>I de sociala mediernas tid g\u00e4ller det att vara snabb. Twitter l\u00f6ser v\u00e4rldsproblemen p\u00e5 en grisblink, Instagram har bilden, Facebook de geniala kommentarerna. Sj\u00e4lv \u00e4r jag s\u00e4llan s\u00e5dan, jag \u00e4r en eftert\u00e4nksam eftersl\u00e4ntrare.<\/p>\n<p><strong>Rasister i handling<br \/>\n<\/strong>S\u00e5 g\u00e5r jag allts\u00e5 och grunnar i dagar och n\u00e4tter \u00f6ver bristen p\u00e5 k\u00e4llkritik hos det fr\u00e4mlingsfientliga partiets sympatis\u00f6rer. Fr\u00e4mlingsfientliga? Skriv som det \u00e4r, det \u00e4r ett rasistiskt parti i handling, sedan f\u00e5r kostymerna och partidokumenten vara hur nypressade de vill. Handlingen talar och den \u00e4r inte vacker.<\/p>\n<p>Sympatis\u00f6rerna f\u00f6rl\u00e5ter allt. Vecka ut och vecka in str\u00f6mmar nya bravader och korkade uttalanden fr\u00e5n deras f\u00f6rtroendevalda \u00f6ver oss i blad och p\u00e5 n\u00e4t, men de har f\u00f6rst\u00e5else. Vecka ut och vecka in denna f\u00f6rtr\u00f6stan. N\u00e4r en av deras anst\u00e4llda p\u00e5 riksdagskansliet misst\u00e4nks vara rysk <span style=\"color: #993300;\"><a style=\"color: #993300;\" href=\"http:\/\/www.svt.se\/nyheter\/inrikes\/sd-man-i-riksdagen-pekas-ut-som-sakerhetshot\">desinformat\u00f6r<\/a><\/span> som tagit emot miljoner i en tveksam husaff\u00e4r med annan ryss tiger partiledningen. Hela partiet tiger. Desinformat\u00f6ren sjukskriver sig, \u00e4ven det k\u00e4nns igen.<\/p>\n<p>D\u00e5, efter l\u00e5ng eftertanke, rinner orden till i min skalle. Maggropen pirrar och texten knackas ner. En kortdikt av min v\u00e4n Viktor Root.<\/p>\n<p>Trivs.<\/p>\n<h3 style=\"padding-left: 30px;\"><strong>Sanningen om k\u00e4llkritiken<\/strong><\/h3>\n<p style=\"padding-left: 30px;\">M\u00e5nga partier har<br \/>\nv\u00e4ljare.<\/p>\n<p style=\"padding-left: 30px;\">SD har sv\u00e4ljare.<\/p>\n<p style=\"padding-left: 30px;\"><strong>Viktor Root<\/strong><\/p>\n<p style=\"padding-left: 30px;\"><span style=\"color: #993300;\"><strong><em>### <\/em><\/strong><\/span><em>Dikt med anledning av de fr\u00e4mlingsfientligas f\u00f6rm\u00e5ga att sv\u00e4lja b\u00e5de n\u00e4tl\u00f6gner och egna f\u00f6rtroendevaldas korkade bravader. Skriven i september 2016 n\u00e4r deras ryska s\u00e4kerhetsrisk, mannen med de m\u00e5nga identiteterna, just f\u00e5tt lov att s\u00e4ga upp sig fr\u00e5n deras riksdagskansli.<\/em><\/p>\n<p><span style=\"color: #0000ff;\"><a style=\"color: #0000ff;\" href=\"https:\/\/sven-ove.nu\/\">Hem<\/a><\/span>\u00a0|\u00a0<span style=\"color: #0000ff;\"><a style=\"color: #0000ff;\" href=\"https:\/\/sven-ove.nu\/?page_id=170\">Om mig<\/a><\/span>\u00a0|\u00a0<span style=\"color: #0000ff;\"><a style=\"color: #0000ff;\" href=\"https:\/\/sven-ove.nu\/?page_id=1385\">Skriva &amp; prata<\/a><\/span>\u00a0|\u00a0<span style=\"color: #0000ff;\"><a style=\"color: #0000ff;\" href=\"https:\/\/sven-ove.nu\/?page_id=100\">Politik<\/a><\/span>\u00a0|\u00a0<span style=\"color: #0000ff;\"><a style=\"color: #0000ff;\" href=\"https:\/\/sven-ove.nu\/?page_id=102\">L\u00f6pa<\/a><\/span>\u00a0|\u00a0<span style=\"color: #0000ff;\"><a style=\"color: #0000ff;\" href=\"https:\/\/sven-ove.nu\/?page_id=108\">Viktor Root<\/a>\u00a0|\u00a0<a style=\"color: #0000ff;\" href=\"https:\/\/sven-ove.nu\/?page_id=15638\">K\u00f4ppra<\/a><\/span><\/p>\n","protected":false},"excerpt":{"rendered":"<p>Ibland f\u00e5r en till det. De d\u00e4r f\u00e5 g\u00e5ngerna i en skribents liv d\u00e5 det pirrar till i maggropen redan innan orden n\u00e5tt fr\u00e5n tanke till tangent. Det h\u00e4nder inte ofta och dock: n\u00e4r det h\u00e4nder sjunger \u00e4nglarna. Svarta \u00e4nglar ibland i den h\u00e4r skrivarens fall men sjung f\u00f6r hundan, jag vill h\u00f6ra s\u00e5ng sa &hellip; <a href=\"https:\/\/sven-ove.nu\/?p=15869\" class=\"more-link\">Forts\u00e4tt l\u00e4sa <span class=\"screen-reader-text\">F\u00e5r en vara n\u00f6jd?<\/span><\/a><\/p>\n","protected":false},"author":1,"featured_media":0,"comment_status":"open","ping_status":"open","sticky":false,"template":"","format":"standard","meta":{"_crdt_document":"","_monsterinsights_skip_tracking":false,"_monsterinsights_sitenote_active":false,"_monsterinsights_sitenote_note":"","_monsterinsights_sitenote_category":0,"footnotes":""},"categories":[9,4],"tags":[16,18],"class_list":["post-15869","post","type-post","status-publish","format-standard","hentry","category-politik","category-skrivande","tag-dumheter","tag-lardomar"],"_links":{"self":[{"href":"https:\/\/sven-ove.nu\/index.php?rest_route=\/wp\/v2\/posts\/15869","targetHints":{"allow":["GET"]}}],"collection":[{"href":"https:\/\/sven-ove.nu\/index.php?rest_route=\/wp\/v2\/posts"}],"about":[{"href":"https:\/\/sven-ove.nu\/index.php?rest_route=\/wp\/v2\/types\/post"}],"author":[{"embeddable":true,"href":"https:\/\/sven-ove.nu\/index.php?rest_route=\/wp\/v2\/users\/1"}],"replies":[{"embeddable":true,"href":"https:\/\/sven-ove.nu\/index.php?rest_route=%2Fwp%2Fv2%2Fcomments&post=15869"}],"version-history":[{"count":13,"href":"https:\/\/sven-ove.nu\/index.php?rest_route=\/wp\/v2\/posts\/15869\/revisions"}],"predecessor-version":[{"id":15882,"href":"https:\/\/sven-ove.nu\/index.php?rest_route=\/wp\/v2\/posts\/15869\/revisions\/15882"}],"wp:attachment":[{"href":"https:\/\/sven-ove.nu\/index.php?rest_route=%2Fwp%2Fv2%2Fmedia&parent=15869"}],"wp:term":[{"taxonomy":"category","embeddable":true,"href":"https:\/\/sven-ove.nu\/index.php?rest_route=%2Fwp%2Fv2%2Fcategories&post=15869"},{"taxonomy":"post_tag","embeddable":true,"href":"https:\/\/sven-ove.nu\/index.php?rest_route=%2Fwp%2Fv2%2Ftags&post=15869"}],"curies":[{"name":"wp","href":"https:\/\/api.w.org\/{rel}","templated":true}]}}