{"id":15884,"date":"2016-09-29T03:00:45","date_gmt":"2016-09-29T02:00:45","guid":{"rendered":"http:\/\/sven-ove.nu\/?p=15884"},"modified":"2016-09-28T11:23:02","modified_gmt":"2016-09-28T10:23:02","slug":"15884","status":"publish","type":"post","link":"https:\/\/sven-ove.nu\/?p=15884","title":{"rendered":"38 \u00e5r sedan hon sov p\u00e5 \u00e5klagarbordet"},"content":{"rendered":"<p style=\"text-align: left;\"><a href=\"https:\/\/sven-ove.nu\/wp-content\/uploads\/2016\/09\/Ruttna-byr\u00e5krat.jpg\"><img loading=\"lazy\" decoding=\"async\" class=\"size-large wp-image-15893 alignnone\" src=\"https:\/\/sven-ove.nu\/wp-content\/uploads\/2016\/09\/Ruttna-byr\u00e5krat-1024x674.jpg\" alt=\"ruttna-byrakrat\" width=\"660\" height=\"434\" srcset=\"https:\/\/sven-ove.nu\/wp-content\/uploads\/2016\/09\/Ruttna-byr\u00e5krat-1024x674.jpg 1024w, https:\/\/sven-ove.nu\/wp-content\/uploads\/2016\/09\/Ruttna-byr\u00e5krat-300x198.jpg 300w, https:\/\/sven-ove.nu\/wp-content\/uploads\/2016\/09\/Ruttna-byr\u00e5krat.jpg 1280w\" sizes=\"auto, (max-width: 660px) 100vw, 660px\" \/><\/a><\/p>\n<p style=\"padding-left: 30px; text-align: right;\"><em>I st\u00e4llet f\u00f6r novellen om v\u00e5r k\u00e4rlek:\u00a0Den stencilerade<br \/>\nelevr\u00e5dstidningen\u00a0fr\u00e5n\u00a0dagar\u00a0d\u00e5 rubriker var rubriker.<\/em><\/p>\n<p style=\"text-align: left;\">I dag firar vi <strong>cementbr\u00f6llop<\/strong> om jag f\u00e5r tro listan \u00f6ver \u00e5rsdagar. Det hade jag t\u00e4nkt fira genom att publicera novellen jag skrev till Radio V\u00e4rmlands novellprist\u00e4vling i slutet av 1970-talet. Men jag hittar den inte.<\/p>\n<p style=\"text-align: left;\">Novellen handlar om hur v\u00e5r sju veckor gamla dotter ligger tyst och sn\u00e4ll p\u00e5 \u00e5klagarbordet vid Sunne tingsr\u00e4tt, medan lagmannen viger oss och l\u00e4ser sin favoritdikt av Karin Boye. Rosorna p\u00e5 domarbordet har han tagit med hemifr\u00e5n. Han ser livet framf\u00f6r sig n\u00e4r han ser v\u00e5r lilla familj. En m\u00e5nad senare d\u00f6r han i cancer, inte anade vi det.<\/p>\n<p>&#8211; Ni ska inte gifta er vid tinget, sa han i f\u00f6rv\u00e4g n\u00e4r han f\u00f6rs\u00f6kte \u00f6vertala mig att l\u00e5ta bli. Det blir som i \u00f6ststaterna.<\/p>\n<p>Inte blev det n\u00e5gon gr\u00e5 ceremoni. Det s\u00e5g v\u00e5r k\u00e4rlek till men ocks\u00e5 en inlevelsefull lagman som s\u00e5 g\u00e4rna ville att v\u00e5r hemliga vigsel skulle bli ett fint minne.<\/p>\n<p><strong>Nu skulle nya kvastar sopa<br \/>\n<\/strong>Novellen hittar jag inte. D\u00e4remot finner jag en bunt med gamla <strong>INFO<\/strong>, elevr\u00e5dstidningen vi startade p\u00e5 Sundstagymnasiet, kamrat Mats och jag. Den nya, radikala elevr\u00e5dstidningen i st\u00e4llet f\u00f6r den forna.<\/p>\n<p>Vi hade st\u00f6rtat det gamla borgerliga elevr\u00e5dsstyret, jo s\u00e5 s\u00e5g vi det, och nu skulle nya kvastar sopa. Storm\u00f6te i st\u00e4llet f\u00f6r representanter. S\u00e4ga vad man vill om min journalistiska utveckling, men visst skrev vi piggare rubriker den g\u00e5ngen. D\u00e5, n\u00e4r vi besl\u00f6t avskaffa borgarnas ur\u00e5ldriga privilegium att r\u00f6ka nere i elevr\u00e5dsk\u00e4llaren p\u00e5 Sundsta. Det finns dagar n\u00e4r jag k\u00e4nner att det \u00e4r dags att ta fram de gamla orden igen.<\/p>\n<p>Vi blev inte riktigt klara med privilegiesamh\u00e4llet.<\/p>\n<p>Ordet fattigpension\u00e4r hade jag aldrig h\u00f6rt den g\u00e5ngen. Nu har vi\u00a0det. Det \u00e4r dags att fler\u00a0gamla ruttna beslut rivs upp. Darra, byr\u00e5krater!<\/p>\n<p style=\"padding-left: 30px;\"><strong>Grattis p\u00e5 br\u00f6llopsdagen f\u00f6rresten, min k\u00e4ra v\u00e4n.<\/strong><br \/>\n<strong> N\u00e4sta \u00e5r firar vi grafit. Det \u00e4r bra grejer.<\/strong><\/p>\n<p><span style=\"color: #0000ff;\"><a style=\"color: #0000ff;\" href=\"https:\/\/sven-ove.nu\/\">Hem<\/a><\/span>\u00a0|\u00a0<span style=\"color: #0000ff;\"><a style=\"color: #0000ff;\" href=\"https:\/\/sven-ove.nu\/?page_id=170\">Om mig<\/a><\/span>\u00a0|\u00a0<span style=\"color: #0000ff;\"><a style=\"color: #0000ff;\" href=\"https:\/\/sven-ove.nu\/?page_id=1385\">Skriva &amp; prata<\/a><\/span>\u00a0|\u00a0<span style=\"color: #0000ff;\"><a style=\"color: #0000ff;\" href=\"https:\/\/sven-ove.nu\/?page_id=100\">Politik<\/a><\/span>\u00a0|\u00a0<span style=\"color: #0000ff;\"><a style=\"color: #0000ff;\" href=\"https:\/\/sven-ove.nu\/?page_id=102\">L\u00f6pa<\/a><\/span>\u00a0|\u00a0<span style=\"color: #0000ff;\"><a style=\"color: #0000ff;\" href=\"https:\/\/sven-ove.nu\/?page_id=108\">Viktor Root<\/a><\/span>\u00a0|\u00a0<span style=\"color: #0000ff;\"><a style=\"color: #0000ff;\" href=\"https:\/\/sven-ove.nu\/?page_id=15638\">K\u00f4ppra<\/a><\/span><\/p>\n","protected":false},"excerpt":{"rendered":"<p>I st\u00e4llet f\u00f6r novellen om v\u00e5r k\u00e4rlek:\u00a0Den stencilerade elevr\u00e5dstidningen\u00a0fr\u00e5n\u00a0dagar\u00a0d\u00e5 rubriker var rubriker. I dag firar vi cementbr\u00f6llop om jag f\u00e5r tro listan \u00f6ver \u00e5rsdagar. Det hade jag t\u00e4nkt fira genom att publicera novellen jag skrev till Radio V\u00e4rmlands novellprist\u00e4vling i slutet av 1970-talet. Men jag hittar den inte. Novellen handlar om hur v\u00e5r sju veckor &hellip; <a href=\"https:\/\/sven-ove.nu\/?p=15884\" class=\"more-link\">Forts\u00e4tt l\u00e4sa <span class=\"screen-reader-text\">38 \u00e5r sedan hon sov p\u00e5 \u00e5klagarbordet<\/span><\/a><\/p>\n","protected":false},"author":1,"featured_media":0,"comment_status":"open","ping_status":"open","sticky":false,"template":"","format":"standard","meta":{"_crdt_document":"","_monsterinsights_skip_tracking":false,"_monsterinsights_sitenote_active":false,"_monsterinsights_sitenote_note":"","_monsterinsights_sitenote_category":0,"footnotes":""},"categories":[10,9,4],"tags":[8,24,14,15,21,17],"class_list":["post-15884","post","type-post","status-publish","format-standard","hentry","category-familjen","category-politik","category-skrivande","tag-historia","tag-karlek","tag-lasning","tag-mediedjungeln","tag-ord","tag-solidaritet"],"_links":{"self":[{"href":"https:\/\/sven-ove.nu\/index.php?rest_route=\/wp\/v2\/posts\/15884","targetHints":{"allow":["GET"]}}],"collection":[{"href":"https:\/\/sven-ove.nu\/index.php?rest_route=\/wp\/v2\/posts"}],"about":[{"href":"https:\/\/sven-ove.nu\/index.php?rest_route=\/wp\/v2\/types\/post"}],"author":[{"embeddable":true,"href":"https:\/\/sven-ove.nu\/index.php?rest_route=\/wp\/v2\/users\/1"}],"replies":[{"embeddable":true,"href":"https:\/\/sven-ove.nu\/index.php?rest_route=%2Fwp%2Fv2%2Fcomments&post=15884"}],"version-history":[{"count":14,"href":"https:\/\/sven-ove.nu\/index.php?rest_route=\/wp\/v2\/posts\/15884\/revisions"}],"predecessor-version":[{"id":15901,"href":"https:\/\/sven-ove.nu\/index.php?rest_route=\/wp\/v2\/posts\/15884\/revisions\/15901"}],"wp:attachment":[{"href":"https:\/\/sven-ove.nu\/index.php?rest_route=%2Fwp%2Fv2%2Fmedia&parent=15884"}],"wp:term":[{"taxonomy":"category","embeddable":true,"href":"https:\/\/sven-ove.nu\/index.php?rest_route=%2Fwp%2Fv2%2Fcategories&post=15884"},{"taxonomy":"post_tag","embeddable":true,"href":"https:\/\/sven-ove.nu\/index.php?rest_route=%2Fwp%2Fv2%2Ftags&post=15884"}],"curies":[{"name":"wp","href":"https:\/\/api.w.org\/{rel}","templated":true}]}}