{"id":15903,"date":"2016-09-30T03:00:34","date_gmt":"2016-09-30T02:00:34","guid":{"rendered":"http:\/\/sven-ove.nu\/?p=15903"},"modified":"2016-09-28T15:47:16","modified_gmt":"2016-09-28T14:47:16","slug":"va-jag-da-mener-du-inte","status":"publish","type":"post","link":"https:\/\/sven-ove.nu\/?p=15903","title":{"rendered":"Va? Jag?! D\u00e4 mener du inte"},"content":{"rendered":"<p><a href=\"https:\/\/sven-ove.nu\/wp-content\/uploads\/2016\/01\/Vilstund.jpg\"><img loading=\"lazy\" decoding=\"async\" class=\"size-large wp-image-13928 alignnone\" src=\"https:\/\/sven-ove.nu\/wp-content\/uploads\/2016\/01\/Vilstund-1024x1024.jpg\" alt=\"Vilstund\" width=\"660\" height=\"660\" srcset=\"https:\/\/sven-ove.nu\/wp-content\/uploads\/2016\/01\/Vilstund-1024x1024.jpg 1024w, https:\/\/sven-ove.nu\/wp-content\/uploads\/2016\/01\/Vilstund-150x150.jpg 150w, https:\/\/sven-ove.nu\/wp-content\/uploads\/2016\/01\/Vilstund-300x300.jpg 300w, https:\/\/sven-ove.nu\/wp-content\/uploads\/2016\/01\/Vilstund.jpg 1280w\" sizes=\"auto, (max-width: 660px) 100vw, 660px\" \/><\/a><\/p>\n<p>Det \u00e4r ju sj\u00e4lve hundan detta. Nu har jag registrerad firma, momskonto och FA-skattsedel. Jag? Fasen, jag \u00e4r ju pancho sa jag ju. Kompledig, dagledig, kv\u00e4llsledig, arbetsfri. J\u00e4mt g\u00f4rledig. H\u00e4nnera i feckera, g\u00e5r \u00e5 drar bena efter mig hele dagera \ud83d\ude09<\/p>\n<p>Bare inte n\u00f4 m\u00e4nnisch h\u00f6r tales \u00f4m detta nu. D\u00e5 vet en aldrig hur d\u00e4 sluter.<\/p>\n<p><em><strong>L\u00e4nk<\/strong>: <span style=\"color: #ff0000;\"><a style=\"color: #ff0000;\" href=\"https:\/\/sven-ove.nu\/?page_id=15908\">Firman<\/a><\/span><\/em><\/p>\n<p><span style=\"color: #0000ff;\"><a style=\"color: #0000ff;\" href=\"https:\/\/sven-ove.nu\/\">Hem<\/a><\/span>\u00a0|\u00a0<span style=\"color: #0000ff;\"><a style=\"color: #0000ff;\" href=\"https:\/\/sven-ove.nu\/?page_id=170\">Om mig<\/a><\/span>\u00a0|\u00a0<span style=\"color: #0000ff;\"><a style=\"color: #0000ff;\" href=\"https:\/\/sven-ove.nu\/?page_id=1385\">Skriva &amp; prata<\/a><\/span>\u00a0|\u00a0<span style=\"color: #0000ff;\"><a style=\"color: #0000ff;\" href=\"https:\/\/sven-ove.nu\/?page_id=100\">Politik<\/a><\/span>\u00a0|\u00a0<span style=\"color: #0000ff;\"><a style=\"color: #0000ff;\" href=\"https:\/\/sven-ove.nu\/?page_id=102\">L\u00f6pa<\/a><\/span>\u00a0|\u00a0<span style=\"color: #0000ff;\"><a style=\"color: #0000ff;\" href=\"https:\/\/sven-ove.nu\/?page_id=108\">Viktor Root<\/a>\u00a0<\/span>|\u00a0<span style=\"color: #0000ff;\"><a style=\"color: #0000ff;\" href=\"https:\/\/sven-ove.nu\/?page_id=15638\">K\u00f4ppra<\/a><\/span><\/p>\n","protected":false},"excerpt":{"rendered":"<p>Det \u00e4r ju sj\u00e4lve hundan detta. Nu har jag registrerad firma, momskonto och FA-skattsedel. Jag? Fasen, jag \u00e4r ju pancho sa jag ju. Kompledig, dagledig, kv\u00e4llsledig, arbetsfri. J\u00e4mt g\u00f4rledig. H\u00e4nnera i feckera, g\u00e5r \u00e5 drar bena efter mig hele dagera \ud83d\ude09 Bare inte n\u00f4 m\u00e4nnisch h\u00f6r tales \u00f4m detta nu. D\u00e5 vet en aldrig hur &hellip; <a href=\"https:\/\/sven-ove.nu\/?p=15903\" class=\"more-link\">Forts\u00e4tt l\u00e4sa <span class=\"screen-reader-text\">Va? Jag?! D\u00e4 mener du inte<\/span><\/a><\/p>\n","protected":false},"author":1,"featured_media":0,"comment_status":"open","ping_status":"open","sticky":false,"template":"","format":"standard","meta":{"_crdt_document":"","_monsterinsights_skip_tracking":false,"_monsterinsights_sitenote_active":false,"_monsterinsights_sitenote_note":"","_monsterinsights_sitenote_category":0,"footnotes":""},"categories":[4],"tags":[3,24],"class_list":["post-15903","post","type-post","status-publish","format-standard","hentry","category-skrivande","tag-arbete","tag-karlek"],"_links":{"self":[{"href":"https:\/\/sven-ove.nu\/index.php?rest_route=\/wp\/v2\/posts\/15903","targetHints":{"allow":["GET"]}}],"collection":[{"href":"https:\/\/sven-ove.nu\/index.php?rest_route=\/wp\/v2\/posts"}],"about":[{"href":"https:\/\/sven-ove.nu\/index.php?rest_route=\/wp\/v2\/types\/post"}],"author":[{"embeddable":true,"href":"https:\/\/sven-ove.nu\/index.php?rest_route=\/wp\/v2\/users\/1"}],"replies":[{"embeddable":true,"href":"https:\/\/sven-ove.nu\/index.php?rest_route=%2Fwp%2Fv2%2Fcomments&post=15903"}],"version-history":[{"count":6,"href":"https:\/\/sven-ove.nu\/index.php?rest_route=\/wp\/v2\/posts\/15903\/revisions"}],"predecessor-version":[{"id":15915,"href":"https:\/\/sven-ove.nu\/index.php?rest_route=\/wp\/v2\/posts\/15903\/revisions\/15915"}],"wp:attachment":[{"href":"https:\/\/sven-ove.nu\/index.php?rest_route=%2Fwp%2Fv2%2Fmedia&parent=15903"}],"wp:term":[{"taxonomy":"category","embeddable":true,"href":"https:\/\/sven-ove.nu\/index.php?rest_route=%2Fwp%2Fv2%2Fcategories&post=15903"},{"taxonomy":"post_tag","embeddable":true,"href":"https:\/\/sven-ove.nu\/index.php?rest_route=%2Fwp%2Fv2%2Ftags&post=15903"}],"curies":[{"name":"wp","href":"https:\/\/api.w.org\/{rel}","templated":true}]}}