{"id":15925,"date":"2016-10-01T03:00:05","date_gmt":"2016-10-01T02:00:05","guid":{"rendered":"http:\/\/sven-ove.nu\/?p=15925"},"modified":"2016-09-30T07:02:16","modified_gmt":"2016-09-30T06:02:16","slug":"regionfragan-pa-en-minut","status":"publish","type":"post","link":"https:\/\/sven-ove.nu\/?p=15925","title":{"rendered":"Regionfr\u00e5gan p\u00e5 en minut"},"content":{"rendered":"<p>&#8211; \u00c5kej grabbar, vi g\u00f6r en s\u00e5n d\u00e4r \u201dG\u00e5 och st\u00e4ll er i ett h\u00f6rn-\u00f6vning\u201d. Alla som tror att ett gemensamt kollektivtrafikbolag f\u00f6r V\u00e4rmland, V\u00e4stra G\u00f6taland och Halland kommer att ha den allra st\u00f6rsta f\u00f6rst\u00e5else f\u00f6r busstrafiken mellan Arvika och St\u00f6mne, ni st\u00e4ller er d\u00e4r borta i h\u00f6gra h\u00f6rnet.<\/p>\n<p>Blev du ensam, lilla v\u00e4n?<br \/>\nVill du <u>ha<\/u> en storregion, du? Fr\u00e5n L\u00e5ngflon till H\u00e4llede?<\/p>\n<p>D\u00e5 kan du st\u00e5 kvar i ditt h\u00f6rn.<br \/>\nN\u00e4san in\u00e5t.<\/p>\n<p><em><span style=\"color: #008000;\"><strong>#<\/strong><\/span> Beslut b\u00f6r inte fattas p\u00e5 h\u00f6gre niv\u00e5 \u00e4n fr\u00e5gan kr\u00e4ver.<br \/>\n<\/em><em><span style=\"color: #008000;\"><strong>##<\/strong><\/span>\u00a0Beslut b\u00f6r fattas av folk som fattar var den plats ligger som beslutet omfattar.<br \/>\n<\/em><em><span style=\"color: #008000;\"><strong>#<\/strong><\/span><span style=\"color: #008000;\"><strong>#<\/strong><\/span><span style=\"color: #008000;\"><strong>#<\/strong><\/span> Fattas visa beslut? Visa d\u00e5 fattarna vad som fattas.<\/em><\/p>\n<p><span style=\"color: #0000ff;\"><a style=\"color: #0000ff;\" href=\"https:\/\/sven-ove.nu\/\">Hem<\/a><\/span>\u00a0|\u00a0<span style=\"color: #0000ff;\"><a style=\"color: #0000ff;\" href=\"https:\/\/sven-ove.nu\/?page_id=170\">Om mig<\/a><\/span>\u00a0|\u00a0<span style=\"color: #0000ff;\"><a style=\"color: #0000ff;\" href=\"https:\/\/sven-ove.nu\/?page_id=1385\">Skriva &amp; prata<\/a><\/span>\u00a0|\u00a0<span style=\"color: #0000ff;\"><a style=\"color: #0000ff;\" href=\"https:\/\/sven-ove.nu\/?page_id=100\">Politik<\/a><\/span>\u00a0|\u00a0<span style=\"color: #0000ff;\"><a style=\"color: #0000ff;\" href=\"https:\/\/sven-ove.nu\/?page_id=102\">L\u00f6pa<\/a><\/span>\u00a0|\u00a0<span style=\"color: #0000ff;\"><a style=\"color: #0000ff;\" href=\"https:\/\/sven-ove.nu\/?page_id=108\">Viktor Root<\/a><\/span>\u00a0|\u00a0<span style=\"color: #0000ff;\"><a style=\"color: #0000ff;\" href=\"https:\/\/sven-ove.nu\/?page_id=15638\">K\u00f4ppra<\/a><\/span><\/p>\n","protected":false},"excerpt":{"rendered":"<p>&#8211; \u00c5kej grabbar, vi g\u00f6r en s\u00e5n d\u00e4r \u201dG\u00e5 och st\u00e4ll er i ett h\u00f6rn-\u00f6vning\u201d. Alla som tror att ett gemensamt kollektivtrafikbolag f\u00f6r V\u00e4rmland, V\u00e4stra G\u00f6taland och Halland kommer att ha den allra st\u00f6rsta f\u00f6rst\u00e5else f\u00f6r busstrafiken mellan Arvika och St\u00f6mne, ni st\u00e4ller er d\u00e4r borta i h\u00f6gra h\u00f6rnet. Blev du ensam, lilla v\u00e4n? Vill &hellip; <a href=\"https:\/\/sven-ove.nu\/?p=15925\" class=\"more-link\">Forts\u00e4tt l\u00e4sa <span class=\"screen-reader-text\">Regionfr\u00e5gan p\u00e5 en minut<\/span><\/a><\/p>\n","protected":false},"author":1,"featured_media":15928,"comment_status":"open","ping_status":"open","sticky":false,"template":"","format":"standard","meta":{"_crdt_document":"","_monsterinsights_skip_tracking":false,"_monsterinsights_sitenote_active":false,"_monsterinsights_sitenote_note":"","_monsterinsights_sitenote_category":0,"footnotes":""},"categories":[9],"tags":[16,25,20],"class_list":["post-15925","post","type-post","status-publish","format-standard","has-post-thumbnail","hentry","category-politik","tag-dumheter","tag-kartan","tag-rad"],"_links":{"self":[{"href":"https:\/\/sven-ove.nu\/index.php?rest_route=\/wp\/v2\/posts\/15925","targetHints":{"allow":["GET"]}}],"collection":[{"href":"https:\/\/sven-ove.nu\/index.php?rest_route=\/wp\/v2\/posts"}],"about":[{"href":"https:\/\/sven-ove.nu\/index.php?rest_route=\/wp\/v2\/types\/post"}],"author":[{"embeddable":true,"href":"https:\/\/sven-ove.nu\/index.php?rest_route=\/wp\/v2\/users\/1"}],"replies":[{"embeddable":true,"href":"https:\/\/sven-ove.nu\/index.php?rest_route=%2Fwp%2Fv2%2Fcomments&post=15925"}],"version-history":[{"count":5,"href":"https:\/\/sven-ove.nu\/index.php?rest_route=\/wp\/v2\/posts\/15925\/revisions"}],"predecessor-version":[{"id":15931,"href":"https:\/\/sven-ove.nu\/index.php?rest_route=\/wp\/v2\/posts\/15925\/revisions\/15931"}],"wp:featuredmedia":[{"embeddable":true,"href":"https:\/\/sven-ove.nu\/index.php?rest_route=\/wp\/v2\/media\/15928"}],"wp:attachment":[{"href":"https:\/\/sven-ove.nu\/index.php?rest_route=%2Fwp%2Fv2%2Fmedia&parent=15925"}],"wp:term":[{"taxonomy":"category","embeddable":true,"href":"https:\/\/sven-ove.nu\/index.php?rest_route=%2Fwp%2Fv2%2Fcategories&post=15925"},{"taxonomy":"post_tag","embeddable":true,"href":"https:\/\/sven-ove.nu\/index.php?rest_route=%2Fwp%2Fv2%2Ftags&post=15925"}],"curies":[{"name":"wp","href":"https:\/\/api.w.org\/{rel}","templated":true}]}}