{"id":15948,"date":"2016-10-06T03:00:25","date_gmt":"2016-10-06T02:00:25","guid":{"rendered":"http:\/\/sven-ove.nu\/?p=15948"},"modified":"2016-10-04T14:33:22","modified_gmt":"2016-10-04T13:33:22","slug":"15948","status":"publish","type":"post","link":"https:\/\/sven-ove.nu\/?p=15948","title":{"rendered":"&#8221;Sn\u00e4llism&#8221;? S\u00e5 fanken heller"},"content":{"rendered":"<p><a href=\"https:\/\/sven-ove.nu\/wp-content\/uploads\/2016\/03\/L\u00e5ngt-bort-i-h.001.jpg\"><img loading=\"lazy\" decoding=\"async\" class=\"size-full wp-image-14380 alignnone\" src=\"https:\/\/sven-ove.nu\/wp-content\/uploads\/2016\/03\/L\u00e5ngt-bort-i-h.001.jpg\" alt=\"L\u00e5ngt bort i h.001\" width=\"742\" height=\"683\" srcset=\"https:\/\/sven-ove.nu\/wp-content\/uploads\/2016\/03\/L\u00e5ngt-bort-i-h.001.jpg 742w, https:\/\/sven-ove.nu\/wp-content\/uploads\/2016\/03\/L\u00e5ngt-bort-i-h.001-300x276.jpg 300w\" sizes=\"auto, (max-width: 742px) 100vw, 742px\" \/><\/a><\/p>\n<blockquote><p>\u201dSn\u00e4llism\u201d kallar en god v\u00e4n det jag h\u00e5ller p\u00e5 med. Jag blir s\u00e5 f\u00f6rv\u00e5nad.<\/p><\/blockquote>\n<p>Egentligen \u00e4r det inte mycket att orda\u00a0om. V\u00e4nnen \u00e4r synnerligen aktiv i ett annat l\u00e4n och har knappast f\u00f6ljt mina kr\u00f6nikor i lokalradion, lokala TV4 och lokala Folkbladet genom \u00e5ren. Hur ska han veta vilken politiker i Karlstad jag liknade vid en silverfisk? (Vad nu det var bra f\u00f6r, det blev visst fler djurliknelser ocks\u00e5). Inte har han kunnat f\u00f6lja alla m\u00e5ngfaldsinl\u00e4gg genom \u00e5ren, antirasismen. Inte hade han m\u00f6jlighet att komma och lyssna p\u00e5 mina elaka tal mot borgerliga besparingspolitiker fr\u00e5n diverse talarstolar och scener i V\u00e4rmland. Besparingspolitiker fanns av fler kul\u00f6rer f\u00f6rresten.<\/p>\n<p>Hur skulle han ha kunnat g\u00f6ra det?<\/p>\n<p><strong>Till och med i skogen<br \/>\n<\/strong>Nu minns jag sjukv\u00e5rdskr\u00f6nikan i V\u00e4rmlands Folkblad det d\u00e4r val\u00e5ret n\u00e4r landstingsvalet handlade om nedl\u00e4ggning av sjukhus. Arg och ledsen var jag, f\u00f6rbannad p\u00e5 de politiker jag egentligen ville r\u00f6sta p\u00e5, ilsken p\u00e5 lokala LO som inte sprattlat emot mer n\u00e4r Kommunals medlemmar f\u00f6rlorat sina jobb.<\/p>\n<p>Det blev som ett triumft\u00e5g i veckor efter\u00e5t, ett t\u00e5g jag hade velat slippa. Tog jag en cykeltur fick jag uppmuntrande tillrop fr\u00e5n dem jag m\u00f6tte, sprang jag i orienteringsskogen kom det kommentarer d\u00e4r med om kr\u00f6nikan.<\/p>\n<p>&#8211; Bra skrivet, Svensson, det \u00e4r f\u00f6r j\u00e4kligt att di ska l\u00e4gge ner sjukv\u00e5rden\u2026<\/p>\n<p><strong>Genomborrat mig sj\u00e4lv<br \/>\n<\/strong>En g\u00e5ng kallade poeten och v\u00e4nsterpolitikern Bengt Berg mig V\u00e4rmlands vassaste penna i F\u00f6rfattarf\u00f6rbundets tidskrift. \u00d6verdrivet m\u00e5h\u00e4nda men fint ber\u00f6m fr\u00e5n en karl jag beundrar. D\u00e5 visste jag sedan l\u00e4nge, det som Nils Ferlin skriver om.<\/p>\n<p><em>Ja, konstig \u00e4r jag till \u00f6verm\u00e5tt<br \/>\n<\/em><em>och en besynnerlig igelkott.<\/em><em>\u00a0<\/em><\/p>\n<p><em>Ty dessa spjut som jag str\u00e4cker ut<br \/>\n<\/em><em>har genomborrat mej sj\u00e4lv f\u00f6rut.<\/em><\/p>\n<p>Det igelkottsproblemet har jag stundom lidit av. Dagar d\u00e5 jag dragit mig f\u00f6r att tr\u00e4ffa den och den h\u00f6ga herrn p\u00e5 stan, p\u00e5 grund av n\u00e5got elakt som jag skrivit. Det \u00e4r l\u00e4ttare att vara bitsk vid tangentbordet.<\/p>\n<p>Men \u201dsn\u00e4llism\u201d? Nej s\u00e5 fanken heller, kamrat.<\/p>\n<hr \/>\n<p style=\"padding-left: 30px;\"><em>Kartan\u00a0ovan ritade\u00a0jag till ett <\/em><span style=\"color: #ff0000;\"><a style=\"color: #ff0000;\" href=\"https:\/\/sven-ove.nu\/?p=14371\"><em>inl\u00e4gg 10 mars<\/em><\/a><\/span><em> 2016 om det fartblinda f\u00f6rslaget att sl\u00e5 samman V\u00e4rmland, V\u00e4stra G\u00f6taland och Halland till en region. Text den g\u00e5ngen:<\/em><\/p>\n<h3 style=\"padding-left: 30px;\"><strong>Framtida politikerdialog<\/strong><\/h3>\n<p style=\"padding-left: 30px;\">God dag, V\u00e4ldiga Herr Stor-Politikern vid Region-Residenset, \u00d6dsliga Torget, i en ok\u00e4nd stad fyra timmar och 58 minuter bort. Det \u00e4r s\u00e5 att jag ringer fr\u00e5n B\u00e5tstad.<\/p>\n<p style=\"padding-left: 30px;\">Jas\u00e5. Var ligger det? Vid Billingen?<\/p>\n<p><span style=\"color: #0000ff;\"><a style=\"color: #0000ff;\" href=\"https:\/\/sven-ove.nu\/\">Hem<\/a><\/span>\u00a0|\u00a0<span style=\"color: #0000ff;\"><a style=\"color: #0000ff;\" href=\"https:\/\/sven-ove.nu\/?page_id=170\">Om mig<\/a><\/span>\u00a0|\u00a0<span style=\"color: #0000ff;\"><a style=\"color: #0000ff;\" href=\"https:\/\/sven-ove.nu\/?page_id=1385\">Skriva &amp; prata<\/a><\/span>\u00a0|\u00a0<span style=\"color: #0000ff;\"><a style=\"color: #0000ff;\" href=\"https:\/\/sven-ove.nu\/?page_id=100\">Politik<\/a><\/span>\u00a0|\u00a0<span style=\"color: #0000ff;\"><a style=\"color: #0000ff;\" href=\"https:\/\/sven-ove.nu\/?page_id=102\">L\u00f6pa<\/a><\/span>\u00a0|\u00a0<span style=\"color: #0000ff;\"><a style=\"color: #0000ff;\" href=\"https:\/\/sven-ove.nu\/?page_id=108\">Viktor Root<\/a><\/span>\u00a0| <a href=\"https:\/\/sven-ove.nu\/?page_id=15908\"><span style=\"color: #0000ff;\">Firman<\/span>\u00a0<\/a>|\u00a0<span style=\"color: #0000ff;\"><a style=\"color: #0000ff;\" href=\"https:\/\/sven-ove.nu\/?page_id=15638\">K\u00f4ppra<\/a><\/span><\/p>\n","protected":false},"excerpt":{"rendered":"<p>\u201dSn\u00e4llism\u201d kallar en god v\u00e4n det jag h\u00e5ller p\u00e5 med. Jag blir s\u00e5 f\u00f6rv\u00e5nad. Egentligen \u00e4r det inte mycket att orda\u00a0om. V\u00e4nnen \u00e4r synnerligen aktiv i ett annat l\u00e4n och har knappast f\u00f6ljt mina kr\u00f6nikor i lokalradion, lokala TV4 och lokala Folkbladet genom \u00e5ren. Hur ska han veta vilken politiker i Karlstad jag liknade vid &hellip; <a href=\"https:\/\/sven-ove.nu\/?p=15948\" class=\"more-link\">Forts\u00e4tt l\u00e4sa <span class=\"screen-reader-text\">&#8221;Sn\u00e4llism&#8221;? S\u00e5 fanken heller<\/span><\/a><\/p>\n","protected":false},"author":1,"featured_media":0,"comment_status":"open","ping_status":"open","sticky":false,"template":"","format":"standard","meta":{"_crdt_document":"","_monsterinsights_skip_tracking":false,"_monsterinsights_sitenote_active":false,"_monsterinsights_sitenote_note":"","_monsterinsights_sitenote_category":0,"footnotes":""},"categories":[9,4],"tags":[25,15,21,17],"class_list":["post-15948","post","type-post","status-publish","format-standard","hentry","category-politik","category-skrivande","tag-kartan","tag-mediedjungeln","tag-ord","tag-solidaritet"],"_links":{"self":[{"href":"https:\/\/sven-ove.nu\/index.php?rest_route=\/wp\/v2\/posts\/15948","targetHints":{"allow":["GET"]}}],"collection":[{"href":"https:\/\/sven-ove.nu\/index.php?rest_route=\/wp\/v2\/posts"}],"about":[{"href":"https:\/\/sven-ove.nu\/index.php?rest_route=\/wp\/v2\/types\/post"}],"author":[{"embeddable":true,"href":"https:\/\/sven-ove.nu\/index.php?rest_route=\/wp\/v2\/users\/1"}],"replies":[{"embeddable":true,"href":"https:\/\/sven-ove.nu\/index.php?rest_route=%2Fwp%2Fv2%2Fcomments&post=15948"}],"version-history":[{"count":7,"href":"https:\/\/sven-ove.nu\/index.php?rest_route=\/wp\/v2\/posts\/15948\/revisions"}],"predecessor-version":[{"id":15955,"href":"https:\/\/sven-ove.nu\/index.php?rest_route=\/wp\/v2\/posts\/15948\/revisions\/15955"}],"wp:attachment":[{"href":"https:\/\/sven-ove.nu\/index.php?rest_route=%2Fwp%2Fv2%2Fmedia&parent=15948"}],"wp:term":[{"taxonomy":"category","embeddable":true,"href":"https:\/\/sven-ove.nu\/index.php?rest_route=%2Fwp%2Fv2%2Fcategories&post=15948"},{"taxonomy":"post_tag","embeddable":true,"href":"https:\/\/sven-ove.nu\/index.php?rest_route=%2Fwp%2Fv2%2Ftags&post=15948"}],"curies":[{"name":"wp","href":"https:\/\/api.w.org\/{rel}","templated":true}]}}