{"id":15998,"date":"2016-10-05T03:00:24","date_gmt":"2016-10-05T02:00:24","guid":{"rendered":"http:\/\/sven-ove.nu\/?p=15998"},"modified":"2016-10-05T05:00:34","modified_gmt":"2016-10-05T04:00:34","slug":"15998","status":"publish","type":"post","link":"https:\/\/sven-ove.nu\/?p=15998","title":{"rendered":"Dags att bilda V\u00e4xit"},"content":{"rendered":"<p><a href=\"https:\/\/sven-ove.nu\/wp-content\/uploads\/2016\/10\/L\u00e5gbron.jpg\"><img loading=\"lazy\" decoding=\"async\" class=\"size-full wp-image-16002 alignnone\" src=\"https:\/\/sven-ove.nu\/wp-content\/uploads\/2016\/10\/L\u00e5gbron.jpg\" alt=\"lagbron\" width=\"516\" height=\"146\" srcset=\"https:\/\/sven-ove.nu\/wp-content\/uploads\/2016\/10\/L\u00e5gbron.jpg 516w, https:\/\/sven-ove.nu\/wp-content\/uploads\/2016\/10\/L\u00e5gbron-300x85.jpg 300w\" sizes=\"auto, (max-width: 516px) 100vw, 516px\" \/><\/a><\/p>\n<blockquote><p>Jag funderar allvarligt p\u00e5 att bilda Facebookgruppen \u201dV\u00e4xit. Vi som vill g\u00e5 ur V\u00e4stra G\u00f6talandsregionen om vi g\u00e5r med d\u00e4r\u201d.<\/p><\/blockquote>\n<p>Omslagsbilden ska vara en j\u00e4dritt l\u00e5g bro i G\u00f6teborg. S\u00e5 l\u00e5g att den hindrar sj\u00f6farten p\u00e5 V\u00e4nern rej\u00e4lt och skadar industrin i V\u00e4rmland, milj\u00f6n p\u00e5 jordklotet samt lusten till samarbete b\u00e5de h\u00e4r och d\u00e4r. Den ska v\u00e4cka till eftertanke.<\/p>\n<p>Gruppen ska ha tre paroller:<\/p>\n<ol>\n<li><strong>Respektera ett nej.<\/strong><\/li>\n<li><strong>V\u00e4gra tjatsex.<\/strong><\/li>\n<li><strong>Hejd\u00e5, d\u00e4\u2019 inte du, d\u00e4\u2019 ja\u2019.<\/strong><\/li>\n<\/ol>\n<p>P\u00e5 inledningsm\u00f6tet i grundkursen, f\u00f6r den lokalorganisation som samtidigt bildas, kommer vi att g\u00e5 igenom vad parollerna st\u00e5r f\u00f6r.<\/p>\n<p>Den f\u00f6rsta parollen handlar om att V\u00e4stra G\u00f6taland tidigare har sagt ifr\u00e5n <span style=\"color: #0000ff;\"><a style=\"color: #0000ff;\" href=\"http:\/\/www.gp.se\/ledare\/ett-klokt-nej-till-v%C3%A4rmland-1.846430\" target=\"_blank\">tydligt<\/a><\/span> att de inte vill g\u00e5 samman med V\u00e4rmland. S\u00e5dant m\u00e5ste en respektera n\u00e4r hen s\u00e4ger det, vi skriver faktiskt 2016. Vi tror inte p\u00e5 v\u00e5ld.<\/p>\n<p>Den andra handlar om att <span style=\"text-decoration: underline;\">om<\/span> din t\u00e4nkte partner nu sagt nej, s\u00e5 ska du inte tjata dig till ett s\u00e4ngg\u00e5ende i alla fall. Hur g\u00f4tt hen \u00e4n pratar och hur trevlig och grann hen \u00e4n \u00e4r.<\/p>\n<p>Den tredje handlar om att det inte \u00e4r det minsta fel p\u00e5 G\u00f6teborg med kringliggande lydkommuner, men att vi i V\u00e4rmland vill vara oss sj\u00e4lva i forts\u00e4ttningen med. Inte ett lydl\u00e4n.<\/p>\n<p>Lydl\u00e4n.<br \/>\nDu h\u00f6r sj\u00e4lv hur illa det l\u00e5ter.<\/p>\n<p style=\"padding-left: 30px;\"><strong><em>L\u00e4nk<\/em><\/strong><em>:<br \/>\n<span style=\"color: #993366;\"><a style=\"color: #993366;\" href=\"http:\/\/www.svt.se\/nyheter\/lokalt\/varmland\/rosta-om-regionens-framtid\">SVT V\u00e4rmlands webbenk\u00e4t i regionfr\u00e5gan<\/a><\/span><\/em><\/p>\n<p><span style=\"color: #0000ff;\"><a style=\"color: #0000ff;\" href=\"https:\/\/sven-ove.nu\/\">Hem<\/a><\/span>\u00a0|\u00a0<span style=\"color: #0000ff;\"><a style=\"color: #0000ff;\" href=\"https:\/\/sven-ove.nu\/?page_id=170\">Om mig<\/a><\/span>\u00a0|\u00a0<span style=\"color: #0000ff;\"><a style=\"color: #0000ff;\" href=\"https:\/\/sven-ove.nu\/?page_id=1385\">Skriva &amp; prata<\/a><\/span>\u00a0|\u00a0<span style=\"color: #0000ff;\"><a style=\"color: #0000ff;\" href=\"https:\/\/sven-ove.nu\/?page_id=100\">Politik<\/a><\/span>\u00a0|\u00a0<span style=\"color: #0000ff;\"><a style=\"color: #0000ff;\" href=\"https:\/\/sven-ove.nu\/?page_id=102\">L\u00f6pa<\/a><\/span>\u00a0|\u00a0<span style=\"color: #0000ff;\"><a style=\"color: #0000ff;\" href=\"https:\/\/sven-ove.nu\/?page_id=108\">Viktor Root<\/a><\/span>\u00a0| <a href=\"https:\/\/sven-ove.nu\/?page_id=15908\"><span style=\"color: #0000ff;\">Firman<\/span>\u00a0<\/a>|\u00a0<span style=\"color: #0000ff;\"><a style=\"color: #0000ff;\" href=\"https:\/\/sven-ove.nu\/?page_id=15638\">K\u00f4ppra<\/a><\/span><\/p>\n","protected":false},"excerpt":{"rendered":"<p>Jag funderar allvarligt p\u00e5 att bilda Facebookgruppen \u201dV\u00e4xit. Vi som vill g\u00e5 ur V\u00e4stra G\u00f6talandsregionen om vi g\u00e5r med d\u00e4r\u201d. Omslagsbilden ska vara en j\u00e4dritt l\u00e5g bro i G\u00f6teborg. S\u00e5 l\u00e5g att den hindrar sj\u00f6farten p\u00e5 V\u00e4nern rej\u00e4lt och skadar industrin i V\u00e4rmland, milj\u00f6n p\u00e5 jordklotet samt lusten till samarbete b\u00e5de h\u00e4r och d\u00e4r. Den &hellip; <a href=\"https:\/\/sven-ove.nu\/?p=15998\" class=\"more-link\">Forts\u00e4tt l\u00e4sa <span class=\"screen-reader-text\">Dags att bilda V\u00e4xit<\/span><\/a><\/p>\n","protected":false},"author":1,"featured_media":0,"comment_status":"open","ping_status":"open","sticky":false,"template":"","format":"standard","meta":{"_crdt_document":"","_monsterinsights_skip_tracking":false,"_monsterinsights_sitenote_active":false,"_monsterinsights_sitenote_note":"","_monsterinsights_sitenote_category":0,"footnotes":""},"categories":[9],"tags":[25,17],"class_list":["post-15998","post","type-post","status-publish","format-standard","hentry","category-politik","tag-kartan","tag-solidaritet"],"_links":{"self":[{"href":"https:\/\/sven-ove.nu\/index.php?rest_route=\/wp\/v2\/posts\/15998","targetHints":{"allow":["GET"]}}],"collection":[{"href":"https:\/\/sven-ove.nu\/index.php?rest_route=\/wp\/v2\/posts"}],"about":[{"href":"https:\/\/sven-ove.nu\/index.php?rest_route=\/wp\/v2\/types\/post"}],"author":[{"embeddable":true,"href":"https:\/\/sven-ove.nu\/index.php?rest_route=\/wp\/v2\/users\/1"}],"replies":[{"embeddable":true,"href":"https:\/\/sven-ove.nu\/index.php?rest_route=%2Fwp%2Fv2%2Fcomments&post=15998"}],"version-history":[{"count":11,"href":"https:\/\/sven-ove.nu\/index.php?rest_route=\/wp\/v2\/posts\/15998\/revisions"}],"predecessor-version":[{"id":16010,"href":"https:\/\/sven-ove.nu\/index.php?rest_route=\/wp\/v2\/posts\/15998\/revisions\/16010"}],"wp:attachment":[{"href":"https:\/\/sven-ove.nu\/index.php?rest_route=%2Fwp%2Fv2%2Fmedia&parent=15998"}],"wp:term":[{"taxonomy":"category","embeddable":true,"href":"https:\/\/sven-ove.nu\/index.php?rest_route=%2Fwp%2Fv2%2Fcategories&post=15998"},{"taxonomy":"post_tag","embeddable":true,"href":"https:\/\/sven-ove.nu\/index.php?rest_route=%2Fwp%2Fv2%2Ftags&post=15998"}],"curies":[{"name":"wp","href":"https:\/\/api.w.org\/{rel}","templated":true}]}}