{"id":1601,"date":"2012-03-21T15:20:35","date_gmt":"2012-03-21T14:20:35","guid":{"rendered":"http:\/\/sven-ove.nu\/?p=1601"},"modified":"2012-03-21T15:35:02","modified_gmt":"2012-03-21T14:35:02","slug":"tar-mejern-over-byggnads","status":"publish","type":"post","link":"https:\/\/sven-ove.nu\/?p=1601","title":{"rendered":"Tar Mejern \u00f6ver Byggnads?"},"content":{"rendered":"<p>Mejern \u00e4r en av tre som kan bli ordf\u00f6rande i Byggnads, skriver <a href=\"http:\/\/blogg.aftonbladet.se\/politikerkollen\/2012\/03\/riksdagsledamot-kan-ta-over-som-ordforande-i-byggnads\" target=\"_blank\">Politikerkollen<\/a>.<\/p>\n<p>Gillar! (\u00c4ven om det inneb\u00e4r att \u00e4nnu ett riksdagsutskott blir &#8211; n\u00e5got &#8211; avv\u00e4rmlandifierat).<\/p>\n<p>&nbsp;<\/p>\n<p><a href=\"http:\/\/blogg.aftonbladet.se\/politikerkollen\/2012\/03\/riksdagsledamot-kan-ta-over-som-ordforande-i-byggnads\" target=\"_blank\"><img loading=\"lazy\" decoding=\"async\" class=\"alignleft size-medium wp-image-1602\" title=\"Mejern ordf\u00f6rande i Byggnads\" src=\"https:\/\/sven-ove.nu\/wp-content\/uploads\/2012\/03\/Mejern-ordf\u00f6rande-i-Byggnads-300x245.png\" alt=\"\" width=\"300\" height=\"245\" srcset=\"https:\/\/sven-ove.nu\/wp-content\/uploads\/2012\/03\/Mejern-ordf\u00f6rande-i-Byggnads-300x245.png 300w, https:\/\/sven-ove.nu\/wp-content\/uploads\/2012\/03\/Mejern-ordf\u00f6rande-i-Byggnads.png 855w\" sizes=\"auto, (max-width: 300px) 100vw, 300px\" \/><\/a><\/p>\n","protected":false},"excerpt":{"rendered":"<p>Mejern \u00e4r en av tre som kan bli ordf\u00f6rande i Byggnads, skriver Politikerkollen. Gillar! (\u00c4ven om det inneb\u00e4r att \u00e4nnu ett riksdagsutskott blir &#8211; n\u00e5got &#8211; avv\u00e4rmlandifierat). &nbsp;<\/p>\n","protected":false},"author":1,"featured_media":0,"comment_status":"open","ping_status":"open","sticky":false,"template":"","format":"standard","meta":{"_crdt_document":"","_monsterinsights_skip_tracking":false,"_monsterinsights_sitenote_active":false,"_monsterinsights_sitenote_note":"","_monsterinsights_sitenote_category":0,"footnotes":""},"categories":[9],"tags":[3,15],"class_list":["post-1601","post","type-post","status-publish","format-standard","hentry","category-politik","tag-arbete","tag-mediedjungeln"],"_links":{"self":[{"href":"https:\/\/sven-ove.nu\/index.php?rest_route=\/wp\/v2\/posts\/1601","targetHints":{"allow":["GET"]}}],"collection":[{"href":"https:\/\/sven-ove.nu\/index.php?rest_route=\/wp\/v2\/posts"}],"about":[{"href":"https:\/\/sven-ove.nu\/index.php?rest_route=\/wp\/v2\/types\/post"}],"author":[{"embeddable":true,"href":"https:\/\/sven-ove.nu\/index.php?rest_route=\/wp\/v2\/users\/1"}],"replies":[{"embeddable":true,"href":"https:\/\/sven-ove.nu\/index.php?rest_route=%2Fwp%2Fv2%2Fcomments&post=1601"}],"version-history":[{"count":7,"href":"https:\/\/sven-ove.nu\/index.php?rest_route=\/wp\/v2\/posts\/1601\/revisions"}],"predecessor-version":[{"id":1609,"href":"https:\/\/sven-ove.nu\/index.php?rest_route=\/wp\/v2\/posts\/1601\/revisions\/1609"}],"wp:attachment":[{"href":"https:\/\/sven-ove.nu\/index.php?rest_route=%2Fwp%2Fv2%2Fmedia&parent=1601"}],"wp:term":[{"taxonomy":"category","embeddable":true,"href":"https:\/\/sven-ove.nu\/index.php?rest_route=%2Fwp%2Fv2%2Fcategories&post=1601"},{"taxonomy":"post_tag","embeddable":true,"href":"https:\/\/sven-ove.nu\/index.php?rest_route=%2Fwp%2Fv2%2Ftags&post=1601"}],"curies":[{"name":"wp","href":"https:\/\/api.w.org\/{rel}","templated":true}]}}