{"id":16018,"date":"2016-10-10T03:00:40","date_gmt":"2016-10-10T02:00:40","guid":{"rendered":"http:\/\/sven-ove.nu\/?p=16018"},"modified":"2016-10-10T04:57:19","modified_gmt":"2016-10-10T03:57:19","slug":"lycklig-lordag-vid-kungatrasket","status":"publish","type":"post","link":"https:\/\/sven-ove.nu\/?p=16018","title":{"rendered":"Lycklig l\u00f6rdag vid kungatr\u00e4sket"},"content":{"rendered":"<p><a href=\"https:\/\/sven-ove.nu\/wp-content\/uploads\/2016\/10\/Kungens-kurva.jpg\"><img loading=\"lazy\" decoding=\"async\" class=\"size-large wp-image-16023 alignnone\" src=\"https:\/\/sven-ove.nu\/wp-content\/uploads\/2016\/10\/Kungens-kurva-1024x1024.jpg\" alt=\"kungens-kurva\" width=\"660\" height=\"660\" srcset=\"https:\/\/sven-ove.nu\/wp-content\/uploads\/2016\/10\/Kungens-kurva-1024x1024.jpg 1024w, https:\/\/sven-ove.nu\/wp-content\/uploads\/2016\/10\/Kungens-kurva-150x150.jpg 150w, https:\/\/sven-ove.nu\/wp-content\/uploads\/2016\/10\/Kungens-kurva-300x300.jpg 300w, https:\/\/sven-ove.nu\/wp-content\/uploads\/2016\/10\/Kungens-kurva.jpg 1280w\" sizes=\"auto, (max-width: 660px) 100vw, 660px\" \/><\/a><\/p>\n<blockquote><p>Jag tror ju att jag har slutat med orienteringen. Men i fjol fick jag ett ryck och anm\u00e4lde mig till massmobiliseringen V\u00e4rmlandsserien och det gick bra. Trea i klassen. Fick blodad tand och sprang n\u00e5gra lopp till.<\/p><\/blockquote>\n<p>I \u00e5r \u00e4r det likadant. Springer inga t\u00e4vlingar f\u00f6rr\u00e4n veckan innan serien. D\u00e5 anm\u00e4ler jag mig igen f\u00f6r klubbens skull, de f\u00e5r po\u00e4ng f\u00f6r var och en som startar. T\u00e4vlingsarenan f\u00f6r serien ligger vackert vid vattnet i Liljedal och terr\u00e4ngen \u00e4r som gjord f\u00f6r stigfinnare. N\u00e5gorlunda n\u00f6jd, \u00e4ven om jag tar en krokig v\u00e4g till f\u00f6rsta kontrollen.<\/p>\n<p>Efter m\u00e5lg\u00e5ng fr\u00e5gar de mig om 25-mannastafetten utanf\u00f6r Stockholm i oktober. V\u00e5r klubb heter Lusten, bara en s\u00e5n sak. Vem f\u00e5r inte l\u00f6plust n\u00e4r l\u00f6ven b\u00f6rjar gulna?<\/p>\n<p>&#8211; OK, s\u00e4tt upp mig som reserv. Det kan bli kul att f\u00f6lja med och se er andra springa.<\/p>\n<p><strong>Republikan i kungatr\u00e4sket<br \/>\n<\/strong>N\u00e5gra dagar senare kommer mejlet. Jag \u00e4r uttagen som ordinarie, en av fyra l\u00f6pare p\u00e5 str\u00e4cka sex. Nu b\u00f6rjar t\u00e4vlingsj\u00e4veln vakna i mig. Detta blir kul. Inte blir det s\u00e4mre n\u00e4r jag uppt\u00e4cker att t\u00e4vlingen g\u00e5r p\u00e5 samma st\u00e4lle som f\u00f6r tjugo \u00e5r sedan, n\u00e4r jag f\u00f6rra g\u00e5ngen sprang en str\u00e4cka f\u00f6r 25-mannalaget. Den sp\u00e4nnande skogen vid Kungens kurva.<\/p>\n<p>28 september l\u00e4gger jag ut ett inl\u00e4gg p\u00e5 Facebook:<\/p>\n<p style=\"padding-left: 30px;\"><em>I dag \u00e4r det 70 \u00e5r sedan Gustaf V for i diket i en kurva p\u00e5 S\u00f6dert\u00e4ljev\u00e4gen. Chauff\u00f6ren lyckades kana av v\u00e4gen med hovets Cadillac och ner i ett litet tr\u00e4sk, p\u00e5 hemv\u00e4g med de h\u00f6ga herrarna fr\u00e5n en jakttur. I dag heter platsen mycket riktigt Kungens kurva och f\u00f6r 20 \u00e5r sedan sprang jag 25-mannaorienteringen f\u00f6r hittills enda g\u00e5ngen i livet, i skogarna d\u00e4r. En stafett. N\u00e5, efter 20 \u00e5r \u00e4r jag uttagen igen i 25-manna, t\u00e4vlingen g\u00e5r om drygt en vecka. Det \u00e4r som om klubben tror att kungliga sm\u00e5tr\u00e4sk passar den h\u00e4r republikanen. Skumt. Nu g\u00e4ller det att trava f\u00f6rsiktigt s\u00e5 en inte f\u00e5r hovsladd.<\/em><\/p>\n<p><strong>Kroppen fryser, sj\u00e4len trivs<br \/>\n<\/strong>Fredag 7 oktober. Packar orienteringsryggs\u00e4cken och tar bussen till Karlstad. D\u00e4rifr\u00e5n \u00e5ker vi bil till hotellet i Stockholm, i hotellrumsteven p\u00e5g\u00e5r VM-kval i fotboll. Somnar sent, vaknar tidigt p\u00e5 l\u00f6rdagsmorgonen, \u00e4ter frukost halv sju bland orienteringskl\u00e4dda medt\u00e4vlare och konkurrenter. En ensam karl i b\u00e4sta g\u00e5bortkostymen ser f\u00f6rvirrad ut och verkar undra var han hamnat.<\/p>\n<p>Efter kaffet ber\u00e4ttar jag f\u00f6r n\u00e5gra tr\u00e5dsmala norrm\u00e4n fr\u00e5n Halden varf\u00f6r det heter Kungens kurva. De ska vinna stafetten sedan men det vet vi inte \u00e4n. Bil ut till den d\u00e4r kurvan. Vandrar i 50 minuter fr\u00e5n parkeringen till t\u00e4vlingsarenan och v\u00e5rt klubbt\u00e4lt. Jag har tagit med f\u00f6r lite ytterkl\u00e4der, optimist som jag \u00e4r. Kroppen fryser men sj\u00e4len blir varm av gl\u00e4djen och skratten i t\u00e4ltet. D\u00e4r ute vimlar det av tusen andra orienteringsl\u00f6pare, ledare och arrang\u00f6rer.<\/p>\n<p>Startskottet har g\u00e5tt. Medan vi k\u00e4ftar k\u00e4rv\u00e4nligt i v\u00e5rt g\u00e4ng och bland restaurangt\u00e4lt, v\u00e4xlingsarena och m\u00e5lraka p\u00e5g\u00e5r stafetten f\u00f6r fullt.<\/p>\n<p><strong>Strular bland stigarna<br \/>\n<\/strong>Till sist fram\u00e5t tidig eftermiddag \u00e4r det min tur vid kravallstaketet d\u00e4r v\u00e4xlingen sker. Nu kommer Anders l\u00f6pande med min karta och jag kan rusa iv\u00e4g mellan hundratals andra som v\u00e4ntar. N\u00e5r startpunkten, hittar mitt v\u00e4gval till f\u00f6rsta kontrollen. Stigen bort till gr\u00e4nsen f\u00f6r det f\u00f6rbjudna omr\u00e5det, f\u00f6ljer den, tar n\u00e4sta stig uppf\u00f6r berget, rundar h\u00f6jden i mossen med branten. Springer under kraftledningen, strular bland alla gamla och f\u00e4rska stigar, irrar en stund och blir som vanligt sj\u00e4laglad n\u00e4r det lyser orange mellan tr\u00e4dstammarna. Nummer 127, den \u00e4r min.<\/p>\n<p>S\u00e5d\u00e4r, det var f\u00f6rsta. Kompass till andra. Inga problem, terr\u00e4ngen \u00e4r l\u00e4ttsprungen och skogen vimlar av folk, varav vissa ska \u00e5t samma h\u00e5ll. Blir f\u00f6rbisprungen d\u00e5 och d\u00e5 av n\u00e5gon tjugo\u00e5ring med blodsmak i k\u00e4ften. Pinnar p\u00e5 i min egen takt utan blodsmak, lyssnar p\u00e5 pipet fr\u00e5n digitala enheten n\u00e4r jag st\u00e4mplar vid tv\u00e5an. Rundar n\u00e5gra h\u00f6jder p\u00e5 v\u00e4g till trean, orange sk\u00e4rm, st\u00e4mplingspip, ny lycka.<\/p>\n<p><strong>Ramlar p\u00e5 n\u00e4san<br \/>\n<\/strong>S\u00e5d\u00e4r forts\u00e4tter det sedan. Kr\u00e5nglar med fyran men hittar den och sedan \u00e4r det ren rutinorientering i intressant stockholmsterr\u00e4ng hem. Ramlar mitt framf\u00f6r en fotograf vid n\u00e4st sista, far p\u00e5 skallen i den uppsprungna marken men reser mig raskt och drar vidare. \u201dHovsladden\u201d kom, jaja, \u00e4r det orientering s\u00e5 \u00e4r det. Jag brukar stupa.<\/p>\n<p>Yster som en fjorton\u00e5ring st\u00e4mplar jag vid sista och kan defilera bort till r\u00e4tt f\u00e5lla innan m\u00e5let. Rycker karta 189, str\u00e4cka 7, och forts\u00e4tter till kravallstaketet och klubbkamraten som v\u00e4ntar ivrigt.<\/p>\n<p>&#8211; Lycka till!<\/p>\n<p><strong>Blodad tand igen<br \/>\n<\/strong>Vandrar p\u00e5 tr\u00f6tta ben och med varm gl\u00e4dje i br\u00f6stet bort till klubbt\u00e4ltet medan h\u00f6gtalarna d\u00e5nar ut sin ber\u00e4ttelse om st\u00e4llningen i slutstriden. D\u00e4r saknas vi, men vi klarar m\u00e5let att f\u00e5 minst 100 lag efter oss. G\u00f4tt! Inte blev jag sist bland oss fyra p\u00e5 den parallella sj\u00e4ttestr\u00e4ckan heller. Mer skryt blir det inte, men n\u00e5\u2019n ska ju hinna f\u00f6rst.<\/p>\n<p>N\u00e4sta \u00e5r \u00e4r det jag som k\u00f6per nya klubbdr\u00e4kten och anm\u00e4ler mig redan till v\u00e5rt\u00e4vlingarna. Detta g\u00f6r vi om, j\u00e4spalt va\u2019 kul! Inte har den h\u00e4r karlen slutat orientera.<\/p>\n<p>V\u00e4nta f\u00f6rresten. Visst har OK Tyr i Karlstad en n\u00e4rt\u00e4vling den 6:e november?<\/p>\n<p><span style=\"color: #0000ff;\"><a href=\"https:\/\/sven-ove.nu\/wp-content\/uploads\/2016\/10\/Ryggs\u00e4cken-efter\u00e5t.jpg\"><img loading=\"lazy\" decoding=\"async\" class=\"alignright size-thumbnail wp-image-16024\" src=\"https:\/\/sven-ove.nu\/wp-content\/uploads\/2016\/10\/Ryggs\u00e4cken-efter\u00e5t-150x150.jpg\" alt=\"ryggsacken-efterat\" width=\"150\" height=\"150\" srcset=\"https:\/\/sven-ove.nu\/wp-content\/uploads\/2016\/10\/Ryggs\u00e4cken-efter\u00e5t-150x150.jpg 150w, https:\/\/sven-ove.nu\/wp-content\/uploads\/2016\/10\/Ryggs\u00e4cken-efter\u00e5t-300x300.jpg 300w, https:\/\/sven-ove.nu\/wp-content\/uploads\/2016\/10\/Ryggs\u00e4cken-efter\u00e5t-1024x1024.jpg 1024w, https:\/\/sven-ove.nu\/wp-content\/uploads\/2016\/10\/Ryggs\u00e4cken-efter\u00e5t.jpg 1280w\" sizes=\"auto, (max-width: 150px) 100vw, 150px\" \/><\/a><a style=\"color: #0000ff;\" href=\"https:\/\/sven-ove.nu\/\">Hem<\/a><\/span>\u00a0|\u00a0<span style=\"color: #0000ff;\"><a style=\"color: #0000ff;\" href=\"https:\/\/sven-ove.nu\/?page_id=170\">Om mig<\/a><\/span>\u00a0|\u00a0<span style=\"color: #0000ff;\"><a style=\"color: #0000ff;\" href=\"https:\/\/sven-ove.nu\/?page_id=1385\">Skriva &amp; prata<\/a><\/span>\u00a0|\u00a0<span style=\"color: #0000ff;\"><a style=\"color: #0000ff;\" href=\"https:\/\/sven-ove.nu\/?page_id=100\">Politik<\/a><\/span>\u00a0|\u00a0<span style=\"color: #0000ff;\"><a style=\"color: #0000ff;\" href=\"https:\/\/sven-ove.nu\/?page_id=102\">L\u00f6pa<\/a><\/span>\u00a0|\u00a0<span style=\"color: #0000ff;\"><a style=\"color: #0000ff;\" href=\"https:\/\/sven-ove.nu\/?page_id=108\">Viktor Root<\/a><\/span>\u00a0| <a href=\"https:\/\/sven-ove.nu\/?page_id=15908\"><span style=\"color: #0000ff;\">Firman<\/span>\u00a0<\/a>|\u00a0<span style=\"color: #0000ff;\"><a style=\"color: #0000ff;\" href=\"https:\/\/sven-ove.nu\/?page_id=15638\">K\u00f4ppra<\/a><\/span><\/p>\n","protected":false},"excerpt":{"rendered":"<p>Jag tror ju att jag har slutat med orienteringen. Men i fjol fick jag ett ryck och anm\u00e4lde mig till massmobiliseringen V\u00e4rmlandsserien och det gick bra. Trea i klassen. Fick blodad tand och sprang n\u00e5gra lopp till. I \u00e5r \u00e4r det likadant. Springer inga t\u00e4vlingar f\u00f6rr\u00e4n veckan innan serien. D\u00e5 anm\u00e4ler jag mig igen f\u00f6r &hellip; <a href=\"https:\/\/sven-ove.nu\/?p=16018\" class=\"more-link\">Forts\u00e4tt l\u00e4sa <span class=\"screen-reader-text\">Lycklig l\u00f6rdag vid kungatr\u00e4sket<\/span><\/a><\/p>\n","protected":false},"author":1,"featured_media":0,"comment_status":"open","ping_status":"open","sticky":false,"template":"","format":"standard","meta":{"_crdt_document":"","_monsterinsights_skip_tracking":false,"_monsterinsights_sitenote_active":false,"_monsterinsights_sitenote_note":"","_monsterinsights_sitenote_category":0,"footnotes":""},"categories":[5,6],"tags":[8,24,25],"class_list":["post-16018","post","type-post","status-publish","format-standard","hentry","category-lopning","category-natur","tag-historia","tag-karlek","tag-kartan"],"_links":{"self":[{"href":"https:\/\/sven-ove.nu\/index.php?rest_route=\/wp\/v2\/posts\/16018","targetHints":{"allow":["GET"]}}],"collection":[{"href":"https:\/\/sven-ove.nu\/index.php?rest_route=\/wp\/v2\/posts"}],"about":[{"href":"https:\/\/sven-ove.nu\/index.php?rest_route=\/wp\/v2\/types\/post"}],"author":[{"embeddable":true,"href":"https:\/\/sven-ove.nu\/index.php?rest_route=\/wp\/v2\/users\/1"}],"replies":[{"embeddable":true,"href":"https:\/\/sven-ove.nu\/index.php?rest_route=%2Fwp%2Fv2%2Fcomments&post=16018"}],"version-history":[{"count":8,"href":"https:\/\/sven-ove.nu\/index.php?rest_route=\/wp\/v2\/posts\/16018\/revisions"}],"predecessor-version":[{"id":16028,"href":"https:\/\/sven-ove.nu\/index.php?rest_route=\/wp\/v2\/posts\/16018\/revisions\/16028"}],"wp:attachment":[{"href":"https:\/\/sven-ove.nu\/index.php?rest_route=%2Fwp%2Fv2%2Fmedia&parent=16018"}],"wp:term":[{"taxonomy":"category","embeddable":true,"href":"https:\/\/sven-ove.nu\/index.php?rest_route=%2Fwp%2Fv2%2Fcategories&post=16018"},{"taxonomy":"post_tag","embeddable":true,"href":"https:\/\/sven-ove.nu\/index.php?rest_route=%2Fwp%2Fv2%2Ftags&post=16018"}],"curies":[{"name":"wp","href":"https:\/\/api.w.org\/{rel}","templated":true}]}}