{"id":16040,"date":"2016-10-12T03:00:44","date_gmt":"2016-10-12T02:00:44","guid":{"rendered":"http:\/\/sven-ove.nu\/?p=16040"},"modified":"2016-10-11T17:25:03","modified_gmt":"2016-10-11T16:25:03","slug":"16040","status":"publish","type":"post","link":"https:\/\/sven-ove.nu\/?p=16040","title":{"rendered":"Paria? Vad\u00e5 &#8221;paria&#8221;?"},"content":{"rendered":"<p><a href=\"https:\/\/sven-ove.nu\/wp-content\/uploads\/2016\/10\/Adryan-Linden.jpg\"><img loading=\"lazy\" decoding=\"async\" class=\"size-full wp-image-16045 alignnone\" src=\"https:\/\/sven-ove.nu\/wp-content\/uploads\/2016\/10\/Adryan-Linden.jpg\" alt=\"adryan-linden\" width=\"453\" height=\"254\" srcset=\"https:\/\/sven-ove.nu\/wp-content\/uploads\/2016\/10\/Adryan-Linden.jpg 453w, https:\/\/sven-ove.nu\/wp-content\/uploads\/2016\/10\/Adryan-Linden-300x168.jpg 300w\" sizes=\"auto, (max-width: 453px) 100vw, 453px\" \/><\/a><\/p>\n<p><span style=\"color: #000000;\">Tisdag eftermiddag. Jag skulle bara ha l\u00e4st klart bokcirkelboken. Det skulle ha varit intressant. Sedan skulle jag ha cyklat ner till biblioteket om n\u00e5gon timme och tr\u00e4ffat v\u00e4nnerna i cirkeln. Vi skulle ha diskuterat bokens form och inneh\u00e5ll och \u00e4tit av det framdukade godiset. Det skulle ha varit trevligt.<\/span><\/p>\n<p><span style=\"color: #000000;\">D\u00e5, n\u00e4r jag sitter i l\u00e4sf\u00e5t\u00f6ljen och just ska ta fram boken, l\u00e4gger en Facebookv\u00e4n ut filmen som jag l\u00e4nkar till h\u00e4r nedan. Inte farao \u00e4r den trevlig. Den lille j\u00e4keln i mig g\u00e5r i f\u00f6rsvarsst\u00e4llning direkt.<\/span><\/p>\n<p style=\"padding-left: 30px;\"><span style=\"color: #000000;\"><em>V\u00e4nta nu, v\u00e4grade inte vi fostervattenprov?<br \/>\n<\/em><em>Var inte vi duktiga som bara den, hurra hurra, som var f\u00f6rst i landet med att tolka en kongress till l\u00e4ttl\u00e4st svenska i realtid?<br \/>\n<\/em><em>Hade inte jag en \u00e4lskad sv\u00e4rfar som en g\u00e5ng i tiden for runt min provins och lunnade fram personer med utvecklingsst\u00f6rning ur skogen? G\u00f6mda, tysta.<br \/>\n<\/em><em>Jobbade inte jag p\u00e5 ett f\u00f6retag som skaffade l\u00e5ggolvbussar f\u00f6r att\u2026<\/em><\/span><\/p>\n<p><span style=\"color: #000000;\">Se filmen. Det h\u00e4r samh\u00e4llet &#8211; och jag sj\u00e4lv &#8211; har sannerligen ingen anledning att sl\u00e5 oss f\u00f6r br\u00f6stet. Starkare film har jag s\u00e4llan sett. Starkare person har jag s\u00e4llan lyssnat till.<\/span><\/p>\n<p><span style=\"color: #000000;\">Jag f\u00f6rst\u00e5r inte allt, f\u00f6r jag har inte <strong>Adryan Lindens<\/strong> erfarenheter. Jag h\u00e5ller inte med om allt, kanske just av samma sk\u00e4l. Men han \u00f6ppnar mina \u00f6gon, ibland s\u00e5 det g\u00f6r ont.<\/span><\/p>\n<p><span style=\"color: #000000;\">Jag tror han kommer att g\u00f6ra det p\u00e5 dig med.<\/span><\/p>\n<p><span style=\"color: #000000;\"><em><span style=\"color: #000000;\"><strong>###<\/strong> Det d<\/span>yker upp svarta rutor ibland. Filmen \u00e4r inte slut d\u00e5.<br \/>\n<\/em><em><span style=\"color: #000000;\"><strong>###<\/strong><\/span> L\u00e4nk till Jona Elfdahls film (26 minuter), du l\u00e4r m\u00e4rka vad den handlar om: <span style=\"color: #0000ff;\"><a style=\"color: #0000ff;\" href=\"https:\/\/vimeo.com\/39933149?ref=fb-share\">Paria<\/a><\/span>.<br \/>\n<\/em><em><strong><span style=\"color: #000000;\">###<\/span><\/strong> Anna Ekelunds kr\u00f6nika i Aftonbladet 2009 om Adryan Linden: <span style=\"color: #0000ff;\">\u201d<a style=\"color: #0000ff;\" href=\"http:\/\/www.aftonbladet.se\/nyheter\/kolumnister\/annaekelund\/article11636830.ab\">Adryan borde ha aborterats bort<\/a>\u201d<\/span>. \u201d<\/em><em>Han menar allvar: nazismen \u00e4r d\u00f6d men dess ideologi livs levande, kl\u00e4dd i medlidandets dr\u00e4kt. F\u00f6rr slog man ihj\u00e4l en ras f\u00f6r de andra rasernas b\u00e4sta. I dag d\u00f6dar vi vissa utvalda av medlidande och omsorg \u2013 f\u00f6r deras egen skull.\u201d<\/em><\/span><\/p>\n<p style=\"text-align: right;\"><span style=\"color: #000000;\">Tack, du som ber\u00e4ttade om filmen.<br \/>\nJag \u00e4r som du vet l\u00e5ngsaml\u00e4rd men f\u00f6rs\u00f6ker.<\/span><\/p>\n<p style=\"text-align: right;\"><span style=\"color: #000000;\">Bokcirkelboken ligger kvar halvl\u00e4st.<\/span><\/p>\n<p><span style=\"color: #000000;\"><span style=\"color: #0000ff;\"><a style=\"color: #0000ff;\" href=\"https:\/\/sven-ove.nu\/\">Hem<\/a><\/span>\u00a0|\u00a0<span style=\"color: #0000ff;\"><a style=\"color: #0000ff;\" href=\"https:\/\/sven-ove.nu\/?page_id=170\">Om mig<\/a><\/span>\u00a0|\u00a0<span style=\"color: #0000ff;\"><a style=\"color: #0000ff;\" href=\"https:\/\/sven-ove.nu\/?page_id=1385\">Skriva &amp; prata<\/a><\/span>\u00a0|\u00a0<span style=\"color: #0000ff;\"><a style=\"color: #0000ff;\" href=\"https:\/\/sven-ove.nu\/?page_id=100\">Politik<\/a><\/span>\u00a0|\u00a0<span style=\"color: #0000ff;\"><a style=\"color: #0000ff;\" href=\"https:\/\/sven-ove.nu\/?page_id=102\">L\u00f6pa<\/a><\/span>\u00a0|\u00a0<span style=\"color: #0000ff;\"><a style=\"color: #0000ff;\" href=\"https:\/\/sven-ove.nu\/?page_id=108\">Viktor Root<\/a><\/span>\u00a0| <a style=\"color: #000000;\" href=\"https:\/\/sven-ove.nu\/?page_id=15908\"><span style=\"color: #0000ff;\">Firman<\/span>\u00a0<\/a>|\u00a0<span style=\"color: #0000ff;\"><a style=\"color: #0000ff;\" href=\"https:\/\/sven-ove.nu\/?page_id=15638\">K\u00f4ppra<\/a><\/span><\/span><\/p>\n","protected":false},"excerpt":{"rendered":"<p>Tisdag eftermiddag. Jag skulle bara ha l\u00e4st klart bokcirkelboken. Det skulle ha varit intressant. Sedan skulle jag ha cyklat ner till biblioteket om n\u00e5gon timme och tr\u00e4ffat v\u00e4nnerna i cirkeln. Vi skulle ha diskuterat bokens form och inneh\u00e5ll och \u00e4tit av det framdukade godiset. Det skulle ha varit trevligt. D\u00e5, n\u00e4r jag sitter i l\u00e4sf\u00e5t\u00f6ljen &hellip; <a href=\"https:\/\/sven-ove.nu\/?p=16040\" class=\"more-link\">Forts\u00e4tt l\u00e4sa <span class=\"screen-reader-text\">Paria? Vad\u00e5 &#8221;paria&#8221;?<\/span><\/a><\/p>\n","protected":false},"author":1,"featured_media":0,"comment_status":"open","ping_status":"open","sticky":false,"template":"","format":"standard","meta":{"_crdt_document":"","_monsterinsights_skip_tracking":false,"_monsterinsights_sitenote_active":false,"_monsterinsights_sitenote_note":"","_monsterinsights_sitenote_category":0,"footnotes":""},"categories":[28,6,9],"tags":[18,17],"class_list":["post-16040","post","type-post","status-publish","format-standard","hentry","category-kreativt-folk","category-natur","category-politik","tag-lardomar","tag-solidaritet"],"_links":{"self":[{"href":"https:\/\/sven-ove.nu\/index.php?rest_route=\/wp\/v2\/posts\/16040","targetHints":{"allow":["GET"]}}],"collection":[{"href":"https:\/\/sven-ove.nu\/index.php?rest_route=\/wp\/v2\/posts"}],"about":[{"href":"https:\/\/sven-ove.nu\/index.php?rest_route=\/wp\/v2\/types\/post"}],"author":[{"embeddable":true,"href":"https:\/\/sven-ove.nu\/index.php?rest_route=\/wp\/v2\/users\/1"}],"replies":[{"embeddable":true,"href":"https:\/\/sven-ove.nu\/index.php?rest_route=%2Fwp%2Fv2%2Fcomments&post=16040"}],"version-history":[{"count":9,"href":"https:\/\/sven-ove.nu\/index.php?rest_route=\/wp\/v2\/posts\/16040\/revisions"}],"predecessor-version":[{"id":16050,"href":"https:\/\/sven-ove.nu\/index.php?rest_route=\/wp\/v2\/posts\/16040\/revisions\/16050"}],"wp:attachment":[{"href":"https:\/\/sven-ove.nu\/index.php?rest_route=%2Fwp%2Fv2%2Fmedia&parent=16040"}],"wp:term":[{"taxonomy":"category","embeddable":true,"href":"https:\/\/sven-ove.nu\/index.php?rest_route=%2Fwp%2Fv2%2Fcategories&post=16040"},{"taxonomy":"post_tag","embeddable":true,"href":"https:\/\/sven-ove.nu\/index.php?rest_route=%2Fwp%2Fv2%2Ftags&post=16040"}],"curies":[{"name":"wp","href":"https:\/\/api.w.org\/{rel}","templated":true}]}}