{"id":16051,"date":"2016-10-14T03:00:23","date_gmt":"2016-10-14T02:00:23","guid":{"rendered":"http:\/\/sven-ove.nu\/?p=16051"},"modified":"2016-10-13T20:33:58","modified_gmt":"2016-10-13T19:33:58","slug":"de-gubbgriniga-priset","status":"publish","type":"post","link":"https:\/\/sven-ove.nu\/?p=16051","title":{"rendered":"De gubbgriniga &#038; priset"},"content":{"rendered":"<p><a href=\"https:\/\/sven-ove.nu\/wp-content\/uploads\/2016\/10\/Manspread.jpg\"><img loading=\"lazy\" decoding=\"async\" class=\"size-large wp-image-16055 alignnone\" src=\"https:\/\/sven-ove.nu\/wp-content\/uploads\/2016\/10\/Manspread-1024x1024.jpg\" alt=\"manspread\" width=\"660\" height=\"660\" srcset=\"https:\/\/sven-ove.nu\/wp-content\/uploads\/2016\/10\/Manspread-1024x1024.jpg 1024w, https:\/\/sven-ove.nu\/wp-content\/uploads\/2016\/10\/Manspread-150x150.jpg 150w, https:\/\/sven-ove.nu\/wp-content\/uploads\/2016\/10\/Manspread-300x300.jpg 300w, https:\/\/sven-ove.nu\/wp-content\/uploads\/2016\/10\/Manspread.jpg 1280w\" sizes=\"auto, (max-width: 660px) 100vw, 660px\" \/><\/a><\/p>\n<blockquote>\n<p style=\"text-align: left;\">Bob Dylan f\u00e5r Nobelpriset. &#8221;Nu fick kulturkoftorna s\u00e5 de teg&#8221;, flinas det p\u00e5 n\u00e5gra h\u00e5ll.<\/p>\n<\/blockquote>\n<p>Kulturkoftor? Jag m\u00e5ste erk\u00e4nna att jag avskyr ordet. Det st\u00e5r f\u00f6r populism, folkf\u00f6rakt och en kvinnosyn fr\u00e5n h\u00f6sten 1814. Medvetet eller omedvetet.<\/p>\n<p>I min v\u00e4rld har de gubbgriniga fattat alltihop fel. I min v\u00e4rld jublas det \u00f6ver valet av pristagare. Facebook fl\u00f6dar \u00f6ver av l\u00e4skunnigt folk som brister ut i ett stort \u00c4NTLIGEN! \u00f6ver nyheten. I min v\u00e4rld f\u00e5r Akademien ber\u00f6m n\u00e4r den p\u00e5 kort tid bel\u00f6nat f\u00f6rst den <span style=\"color: #0000ff;\"><a style=\"color: #0000ff;\" href=\"http:\/\/vilaser.se\/svetlanaaleksijevitj\/\">litter\u00e4ra journalistiken<\/a><\/span> och nu den s\u00e5ngbara lyriken. \u00d6rats poesi. I min v\u00e4rld skriver skribenter som \u00c5sa Linderborg, <span style=\"color: #0000ff;\"><a style=\"color: #0000ff;\" href=\"http:\/\/www.vf.se\/kultur-noje\/suverant-bra-val\">Peter Franke<\/a><\/span> och <span style=\"color: #0000ff;\"><a style=\"color: #0000ff;\" href=\"http:\/\/www.aftonbladet.se\/kultur\/article23709878.ab\">G\u00f6ran Greider<\/a><\/span> hyllningsartiklar aprop\u00e5\u00a0valet av Bob Dylan.<\/p>\n<p>&#8221;R\u00e4tt l\u00e5t vann!&#8221; skriver <span style=\"color: #0000ff;\"><a style=\"color: #0000ff;\" href=\"http:\/\/www.aftonbladet.se\/kultur\/article23710468.ab\">Linderborg<\/a><\/span>. Kanske \u00e4ger hon en kofta, vad vet jag? Den som vill h\u00e5lla v\u00e4rmen i sj\u00e4len brukar kl\u00e4 sig klokt.<\/p>\n<p><em><strong><span style=\"color: #ff0000;\">###<\/span><\/strong> Fryser ni inte, g\u00f4bber? Ni tr\u00f6jl\u00f6se. <\/em><br \/>\n<em><span style=\"color: #ff0000;\"><strong>###<\/strong><\/span> Blir d\u00e4 inte kallt d\u00e4r ute i grinigheta&#8217;? <\/em><br \/>\n<em><span style=\"color: #ff0000;\"><strong>###<\/strong><\/span> Kom in i v\u00e4rmen vettja\u2019.<\/em><\/p>\n<p style=\"text-align: right;\"><em>(Inl\u00e4gget inspirerat av<br \/>\ndet\u00a0manliga modemagasinet Caf\u00e9).<\/em><\/p>\n<p><span style=\"color: #0000ff;\"><a style=\"color: #0000ff;\" href=\"https:\/\/sven-ove.nu\/\">Hem<\/a><\/span>\u00a0|\u00a0<span style=\"color: #0000ff;\"><a style=\"color: #0000ff;\" href=\"https:\/\/sven-ove.nu\/?page_id=170\">Om mig<\/a><\/span>\u00a0|\u00a0<span style=\"color: #0000ff;\"><a style=\"color: #0000ff;\" href=\"https:\/\/sven-ove.nu\/?page_id=1385\">Skriva &amp; prata<\/a><\/span>\u00a0|\u00a0<span style=\"color: #0000ff;\"><a style=\"color: #0000ff;\" href=\"https:\/\/sven-ove.nu\/?page_id=100\">Politik<\/a><\/span>\u00a0|\u00a0<span style=\"color: #0000ff;\"><a style=\"color: #0000ff;\" href=\"https:\/\/sven-ove.nu\/?page_id=102\">L\u00f6pa<\/a><\/span>\u00a0|\u00a0<span style=\"color: #0000ff;\"><a style=\"color: #0000ff;\" href=\"https:\/\/sven-ove.nu\/?page_id=108\">Viktor Root<\/a><\/span>\u00a0| <a href=\"https:\/\/sven-ove.nu\/?page_id=15908\"><span style=\"color: #0000ff;\">Firman<\/span>\u00a0<\/a>|\u00a0<span style=\"color: #0000ff;\"><a style=\"color: #0000ff;\" href=\"https:\/\/sven-ove.nu\/?page_id=15638\">K\u00f4ppra<\/a><\/span><\/p>\n","protected":false},"excerpt":{"rendered":"<p>Bob Dylan f\u00e5r Nobelpriset. &#8221;Nu fick kulturkoftorna s\u00e5 de teg&#8221;, flinas det p\u00e5 n\u00e5gra h\u00e5ll. Kulturkoftor? Jag m\u00e5ste erk\u00e4nna att jag avskyr ordet. Det st\u00e5r f\u00f6r populism, folkf\u00f6rakt och en kvinnosyn fr\u00e5n h\u00f6sten 1814. Medvetet eller omedvetet. I min v\u00e4rld har de gubbgriniga fattat alltihop fel. I min v\u00e4rld jublas det \u00f6ver valet av pristagare. &hellip; <a href=\"https:\/\/sven-ove.nu\/?p=16051\" class=\"more-link\">Forts\u00e4tt l\u00e4sa <span class=\"screen-reader-text\">De gubbgriniga &#038; priset<\/span><\/a><\/p>\n","protected":false},"author":1,"featured_media":0,"comment_status":"open","ping_status":"open","sticky":false,"template":"","format":"standard","meta":{"_crdt_document":"","_monsterinsights_skip_tracking":false,"_monsterinsights_sitenote_active":false,"_monsterinsights_sitenote_note":"","_monsterinsights_sitenote_category":0,"footnotes":""},"categories":[28,4],"tags":[24,21],"class_list":["post-16051","post","type-post","status-publish","format-standard","hentry","category-kreativt-folk","category-skrivande","tag-karlek","tag-ord"],"_links":{"self":[{"href":"https:\/\/sven-ove.nu\/index.php?rest_route=\/wp\/v2\/posts\/16051","targetHints":{"allow":["GET"]}}],"collection":[{"href":"https:\/\/sven-ove.nu\/index.php?rest_route=\/wp\/v2\/posts"}],"about":[{"href":"https:\/\/sven-ove.nu\/index.php?rest_route=\/wp\/v2\/types\/post"}],"author":[{"embeddable":true,"href":"https:\/\/sven-ove.nu\/index.php?rest_route=\/wp\/v2\/users\/1"}],"replies":[{"embeddable":true,"href":"https:\/\/sven-ove.nu\/index.php?rest_route=%2Fwp%2Fv2%2Fcomments&post=16051"}],"version-history":[{"count":16,"href":"https:\/\/sven-ove.nu\/index.php?rest_route=\/wp\/v2\/posts\/16051\/revisions"}],"predecessor-version":[{"id":16068,"href":"https:\/\/sven-ove.nu\/index.php?rest_route=\/wp\/v2\/posts\/16051\/revisions\/16068"}],"wp:attachment":[{"href":"https:\/\/sven-ove.nu\/index.php?rest_route=%2Fwp%2Fv2%2Fmedia&parent=16051"}],"wp:term":[{"taxonomy":"category","embeddable":true,"href":"https:\/\/sven-ove.nu\/index.php?rest_route=%2Fwp%2Fv2%2Fcategories&post=16051"},{"taxonomy":"post_tag","embeddable":true,"href":"https:\/\/sven-ove.nu\/index.php?rest_route=%2Fwp%2Fv2%2Ftags&post=16051"}],"curies":[{"name":"wp","href":"https:\/\/api.w.org\/{rel}","templated":true}]}}