{"id":16070,"date":"2016-10-15T03:00:51","date_gmt":"2016-10-15T02:00:51","guid":{"rendered":"http:\/\/sven-ove.nu\/?p=16070"},"modified":"2016-10-15T09:51:56","modified_gmt":"2016-10-15T08:51:56","slug":"16070","status":"publish","type":"post","link":"https:\/\/sven-ove.nu\/?p=16070","title":{"rendered":"Tryckfrihet, \u00e4rtsoppa och gamla l\u00f6gner"},"content":{"rendered":"<p><a href=\"https:\/\/sven-ove.nu\/wp-content\/uploads\/2016\/10\/Skugga-med-n\u00e4ve.jpg\"><img loading=\"lazy\" decoding=\"async\" class=\"size-large wp-image-16074 alignnone\" src=\"https:\/\/sven-ove.nu\/wp-content\/uploads\/2016\/10\/Skugga-med-n\u00e4ve-1024x434.jpg\" alt=\"skugga-med-nave\" width=\"660\" height=\"280\" srcset=\"https:\/\/sven-ove.nu\/wp-content\/uploads\/2016\/10\/Skugga-med-n\u00e4ve-1024x434.jpg 1024w, https:\/\/sven-ove.nu\/wp-content\/uploads\/2016\/10\/Skugga-med-n\u00e4ve-300x127.jpg 300w\" sizes=\"auto, (max-width: 660px) 100vw, 660px\" \/><\/a><\/p>\n<p>1.<br \/>\nOredan som uppstod bland de kamrater p\u00e5 redaktionen som s\u00e5 g\u00e4rna ville men inte fick uppdraget att bevaka kungamiddagen.<\/p>\n<p>Jag som fick<br \/>\n\u2026 men nekade.<\/p>\n<p>2.<br \/>\nEn g\u00e5ng l\u00e5ngt tidigare, n\u00e4r tidningens ledare dundrade mot oss solidariska som protesterade mot Vietnamkriget, tog vi beslutet. Vi ockuperar tidningen!<\/p>\n<p>Beslutet blev protokollf\u00f6rt men aldrig verkst\u00e4llt. Heroiskt stannade vi en stund utanf\u00f6r officinen med varje demonstrationst\u00e5g de f\u00f6rsta \u00e5ren. Ropande v\u00e5r talk\u00f6r om L\u00d6GNEN.<\/p>\n<p>Femton \u00e5r senare anst\u00e4llde tidningen mig. Jag blev arbetskamrat med Ledardundraren. Chefen fann en s\u00e4rskild ironisk gl\u00e4dje i att l\u00e5ta oss tv\u00e5 bevaka f\u00f6rsta maj-demonstrationerna.<\/p>\n<p>\u00c4nd\u00e5 blev jag inte den f\u00f6rste fr\u00e5n ockupationsm\u00f6tet som hamnade i tidningens spalter. Det blev han som hade f\u00f6reslagit att vi skulle sl\u00e4nga lim och sand i deras nya offsetpress. N\u00e5gra \u00e5r efter hans f\u00f6rslag kom vi fram till att redan talk\u00f6ren framf\u00f6r tidningshuset var En Felaktig Till\u00e4mpning.<\/p>\n<p>Sandmannen var bra p\u00e5 sj\u00e4lvkritik.<\/p>\n<p>3.<br \/>\nOm Ledardundrarens l\u00f6gner har jag aldrig \u00e4ndrat \u00e5sikt. Det var ett or\u00e4ttf\u00e4rdigt angreppskrig. Det var r\u00e4tt att g\u00f6ra uppror mot det. Vi fick r\u00e4tt i <span style=\"color: #0000ff;\"><a style=\"color: #0000ff;\" href=\"http:\/\/sverigesradio.se\/sida\/artikel.aspx?programid=1602&amp;artikel=3642675\">opinionen<\/a><\/span> till slut.<\/p>\n<p>N\u00e4r jag nekade att g\u00e5 p\u00e5 kungamiddagen skickade Chefen mig att skriva om folket som \u00e5t \u00e4rtsoppa p\u00e5 Stora torget i st\u00e4llet, de som aldrig blir bjudna p\u00e5 finmiddag med kungen.<\/p>\n<p>Det \u00e4r mitt folk.<br \/>\nD\u00e4r trivs jag b\u00e4ttre.<br \/>\n\u00c4n i dag.<\/p>\n<p><em><span style=\"color: #008000;\"><strong>#<\/strong><\/span> Monarkins makt. Om den\u00a0talar Cecilia \u00c5se, docent i statsvetenskap, i eftermiddag, l\u00f6rdag. Hur monarkin som institution fungerar som symbolisk och politisk maktfaktor.<br \/>\n<\/em><em><span style=\"color: #008000;\"><strong>#<\/strong><\/span> Plats: Gjuteriet, Verkstadsgatan 1, 1 trappa upp, Karlstad. Tid: 15.00. Arrang\u00f6rer: <span style=\"color: #0000ff;\"><a style=\"color: #0000ff;\" href=\"https:\/\/karlstadbokcafe.se\">Karlstads bokcaf\u00e9<\/a><\/span>, <span style=\"color: #0000ff;\"><a style=\"color: #0000ff;\" href=\"http:\/\/www.republikanskaforeningen.se\">Republikanska f\u00f6reningen<\/a><\/span> och ABF.<br \/>\n<\/em><em><span style=\"color: #008000;\"><strong>#<\/strong><\/span> D\u00e4r trivs jag riktigt bra.<\/em><\/p>\n<p><span style=\"color: #0000ff;\"><a style=\"color: #0000ff;\" href=\"https:\/\/sven-ove.nu\/\">Hem<\/a><\/span>\u00a0|\u00a0<span style=\"color: #0000ff;\"><a style=\"color: #0000ff;\" href=\"https:\/\/sven-ove.nu\/?page_id=170\">Om mig<\/a><\/span>\u00a0|\u00a0<span style=\"color: #0000ff;\"><a style=\"color: #0000ff;\" href=\"https:\/\/sven-ove.nu\/?page_id=1385\">Skriva &amp; prata<\/a><\/span>\u00a0|\u00a0<span style=\"color: #0000ff;\"><a style=\"color: #0000ff;\" href=\"https:\/\/sven-ove.nu\/?page_id=100\">Politik<\/a><\/span>\u00a0|\u00a0<span style=\"color: #0000ff;\"><a style=\"color: #0000ff;\" href=\"https:\/\/sven-ove.nu\/?page_id=102\">L\u00f6pa<\/a><\/span>\u00a0|\u00a0<span style=\"color: #0000ff;\"><a style=\"color: #0000ff;\" href=\"https:\/\/sven-ove.nu\/?page_id=108\">Viktor Root<\/a><\/span>\u00a0| <a href=\"https:\/\/sven-ove.nu\/?page_id=15908\"><span style=\"color: #0000ff;\">Firman<\/span>\u00a0<\/a>|\u00a0<span style=\"color: #0000ff;\"><a style=\"color: #0000ff;\" href=\"https:\/\/sven-ove.nu\/?page_id=15638\">K\u00f4ppra<\/a><\/span><\/p>\n<p><em>\u00a0<\/em><\/p>\n","protected":false},"excerpt":{"rendered":"<p>1. Oredan som uppstod bland de kamrater p\u00e5 redaktionen som s\u00e5 g\u00e4rna ville men inte fick uppdraget att bevaka kungamiddagen. Jag som fick \u2026 men nekade. 2. En g\u00e5ng l\u00e5ngt tidigare, n\u00e4r tidningens ledare dundrade mot oss solidariska som protesterade mot Vietnamkriget, tog vi beslutet. Vi ockuperar tidningen! Beslutet blev protokollf\u00f6rt men aldrig verkst\u00e4llt. Heroiskt &hellip; <a href=\"https:\/\/sven-ove.nu\/?p=16070\" class=\"more-link\">Forts\u00e4tt l\u00e4sa <span class=\"screen-reader-text\">Tryckfrihet, \u00e4rtsoppa och gamla l\u00f6gner<\/span><\/a><\/p>\n","protected":false},"author":1,"featured_media":0,"comment_status":"open","ping_status":"open","sticky":false,"template":"","format":"standard","meta":{"_crdt_document":"","_monsterinsights_skip_tracking":false,"_monsterinsights_sitenote_active":false,"_monsterinsights_sitenote_note":"","_monsterinsights_sitenote_category":0,"footnotes":""},"categories":[9,4],"tags":[16,8,17],"class_list":["post-16070","post","type-post","status-publish","format-standard","hentry","category-politik","category-skrivande","tag-dumheter","tag-historia","tag-solidaritet"],"_links":{"self":[{"href":"https:\/\/sven-ove.nu\/index.php?rest_route=\/wp\/v2\/posts\/16070","targetHints":{"allow":["GET"]}}],"collection":[{"href":"https:\/\/sven-ove.nu\/index.php?rest_route=\/wp\/v2\/posts"}],"about":[{"href":"https:\/\/sven-ove.nu\/index.php?rest_route=\/wp\/v2\/types\/post"}],"author":[{"embeddable":true,"href":"https:\/\/sven-ove.nu\/index.php?rest_route=\/wp\/v2\/users\/1"}],"replies":[{"embeddable":true,"href":"https:\/\/sven-ove.nu\/index.php?rest_route=%2Fwp%2Fv2%2Fcomments&post=16070"}],"version-history":[{"count":8,"href":"https:\/\/sven-ove.nu\/index.php?rest_route=\/wp\/v2\/posts\/16070\/revisions"}],"predecessor-version":[{"id":16079,"href":"https:\/\/sven-ove.nu\/index.php?rest_route=\/wp\/v2\/posts\/16070\/revisions\/16079"}],"wp:attachment":[{"href":"https:\/\/sven-ove.nu\/index.php?rest_route=%2Fwp%2Fv2%2Fmedia&parent=16070"}],"wp:term":[{"taxonomy":"category","embeddable":true,"href":"https:\/\/sven-ove.nu\/index.php?rest_route=%2Fwp%2Fv2%2Fcategories&post=16070"},{"taxonomy":"post_tag","embeddable":true,"href":"https:\/\/sven-ove.nu\/index.php?rest_route=%2Fwp%2Fv2%2Ftags&post=16070"}],"curies":[{"name":"wp","href":"https:\/\/api.w.org\/{rel}","templated":true}]}}