{"id":16090,"date":"2016-10-17T07:53:24","date_gmt":"2016-10-17T06:53:24","guid":{"rendered":"http:\/\/sven-ove.nu\/?p=16090"},"modified":"2016-10-17T08:13:37","modified_gmt":"2016-10-17T07:13:37","slug":"nar-jag-blev-forbaskad-pa-konsum","status":"publish","type":"post","link":"https:\/\/sven-ove.nu\/?p=16090","title":{"rendered":"N\u00e4r jag blev f\u00f6rbaskad p\u00e5 Konsum"},"content":{"rendered":"<p style=\"margin: 0in;\"><a href=\"https:\/\/sven-ove.nu\/wp-content\/uploads\/2016\/10\/KV-F\u00f6rbaskad.jpg\"><img loading=\"lazy\" decoding=\"async\" class=\"size-medium wp-image-16085 alignnone\" src=\"https:\/\/sven-ove.nu\/wp-content\/uploads\/2016\/10\/KV-F\u00f6rbaskad-300x235.jpg\" alt=\"kv-forbaskad\" width=\"300\" height=\"235\" srcset=\"https:\/\/sven-ove.nu\/wp-content\/uploads\/2016\/10\/KV-F\u00f6rbaskad-300x235.jpg 300w, https:\/\/sven-ove.nu\/wp-content\/uploads\/2016\/10\/KV-F\u00f6rbaskad-1024x802.jpg 1024w, https:\/\/sven-ove.nu\/wp-content\/uploads\/2016\/10\/KV-F\u00f6rbaskad.jpg 1280w\" sizes=\"auto, (max-width: 300px) 100vw, 300px\" \/><\/a><\/p>\n<p style=\"margin: 0in;\"><span style=\"font-family: 'Noto Serif'; font-size: 12.75pt; color: #333333;\"><br \/>\nNu har Konsumflygbladen med min sjunde\u00a0historiska betraktelse delats ut i hush\u00e5llen. Jag \u00e4r fortfarande \u00f6dmjukt stolt inf\u00f6r tanken p\u00e5 att de n\u00e5r \u00f6ver 100 000 brevl\u00e5dor.<\/p>\n<p><\/span><\/p>\n<p>I dag handlar det om vrede:<\/p>\n<p style=\"margin: 0in; padding-left: 30px;\"><span style=\"font-family: 'Noto Serif'; font-size: 12.75pt; color: #333333;\">\u00a0<em>&#8221;Det \u00e4r klart jag blev f\u00f6rbaskad \u00e5r 2014 n\u00e4r tidningarna ber\u00e4ttade vad f\u00f6rre vd:n hade f\u00f6r sig. N\u00e4stan tre miljoner i ers\u00e4ttning fast han var sjukskriven stor del av \u00e5ret, 674 000 f\u00f6r konsultuppdrag som\u2026 asch d\u00e4 kvetter, jag blir bara rasen igen.&#8221;<\/em> <em>#konsumvarmland<\/em><\/span><\/p>\n<p><a style=\"color: #0000ff;\" href=\"https:\/\/sven-ove.nu\/?page_id=16081\"><br \/>\nL\u00e4s kr\u00f6nikan<\/a><\/p>\n<p>&nbsp;<\/p>\n<p style=\"margin: 0in; text-align: left;\"><span style=\"color: #0000ff;\"><a style=\"color: #0000ff;\" href=\"https:\/\/sven-ove.nu\/\">Hem<\/a><\/span>\u00a0|\u00a0<span style=\"color: #0000ff;\"><a style=\"color: #0000ff;\" href=\"https:\/\/sven-ove.nu\/?page_id=170\">Om mig<\/a><\/span>\u00a0|\u00a0<span style=\"color: #0000ff;\"><a style=\"color: #0000ff;\" href=\"https:\/\/sven-ove.nu\/?page_id=1385\">Skriva &amp; prata<\/a><\/span>\u00a0|\u00a0<span style=\"color: #0000ff;\"><a style=\"color: #0000ff;\" href=\"https:\/\/sven-ove.nu\/?page_id=100\">Politik<\/a><\/span>\u00a0|\u00a0<span style=\"color: #0000ff;\"><a style=\"color: #0000ff;\" href=\"https:\/\/sven-ove.nu\/?page_id=102\">L\u00f6pa<\/a><\/span>\u00a0|\u00a0<span style=\"color: #0000ff;\"><a style=\"color: #0000ff;\" href=\"https:\/\/sven-ove.nu\/?page_id=108\">Viktor Root<\/a><\/span>\u00a0|\u00a0<a href=\"https:\/\/sven-ove.nu\/?page_id=15908\"><span style=\"color: #0000ff;\">Firman<\/span>\u00a0<\/a>|\u00a0<span style=\"color: #0000ff;\"><a style=\"color: #0000ff;\" href=\"https:\/\/sven-ove.nu\/?page_id=15638\">K\u00f4ppra<\/a><\/span><\/p>\n","protected":false},"excerpt":{"rendered":"<p>Nu har Konsumflygbladen med min sjunde\u00a0historiska betraktelse delats ut i hush\u00e5llen. Jag \u00e4r fortfarande \u00f6dmjukt stolt inf\u00f6r tanken p\u00e5 att de n\u00e5r \u00f6ver 100 000 brevl\u00e5dor. I dag handlar det om vrede: \u00a0&#8221;Det \u00e4r klart jag blev f\u00f6rbaskad \u00e5r 2014 n\u00e4r tidningarna ber\u00e4ttade vad f\u00f6rre vd:n hade f\u00f6r sig. N\u00e4stan tre miljoner i ers\u00e4ttning fast &hellip; <a href=\"https:\/\/sven-ove.nu\/?p=16090\" class=\"more-link\">Forts\u00e4tt l\u00e4sa <span class=\"screen-reader-text\">N\u00e4r jag blev f\u00f6rbaskad p\u00e5 Konsum<\/span><\/a><\/p>\n","protected":false},"author":1,"featured_media":0,"comment_status":"open","ping_status":"open","sticky":false,"template":"","format":"standard","meta":{"_crdt_document":"","_monsterinsights_skip_tracking":false,"_monsterinsights_sitenote_active":false,"_monsterinsights_sitenote_note":"","_monsterinsights_sitenote_category":0,"footnotes":""},"categories":[4],"tags":[8,18,17],"class_list":["post-16090","post","type-post","status-publish","format-standard","hentry","category-skrivande","tag-historia","tag-lardomar","tag-solidaritet"],"_links":{"self":[{"href":"https:\/\/sven-ove.nu\/index.php?rest_route=\/wp\/v2\/posts\/16090","targetHints":{"allow":["GET"]}}],"collection":[{"href":"https:\/\/sven-ove.nu\/index.php?rest_route=\/wp\/v2\/posts"}],"about":[{"href":"https:\/\/sven-ove.nu\/index.php?rest_route=\/wp\/v2\/types\/post"}],"author":[{"embeddable":true,"href":"https:\/\/sven-ove.nu\/index.php?rest_route=\/wp\/v2\/users\/1"}],"replies":[{"embeddable":true,"href":"https:\/\/sven-ove.nu\/index.php?rest_route=%2Fwp%2Fv2%2Fcomments&post=16090"}],"version-history":[{"count":14,"href":"https:\/\/sven-ove.nu\/index.php?rest_route=\/wp\/v2\/posts\/16090\/revisions"}],"predecessor-version":[{"id":16109,"href":"https:\/\/sven-ove.nu\/index.php?rest_route=\/wp\/v2\/posts\/16090\/revisions\/16109"}],"wp:attachment":[{"href":"https:\/\/sven-ove.nu\/index.php?rest_route=%2Fwp%2Fv2%2Fmedia&parent=16090"}],"wp:term":[{"taxonomy":"category","embeddable":true,"href":"https:\/\/sven-ove.nu\/index.php?rest_route=%2Fwp%2Fv2%2Fcategories&post=16090"},{"taxonomy":"post_tag","embeddable":true,"href":"https:\/\/sven-ove.nu\/index.php?rest_route=%2Fwp%2Fv2%2Ftags&post=16090"}],"curies":[{"name":"wp","href":"https:\/\/api.w.org\/{rel}","templated":true}]}}