{"id":16110,"date":"2016-10-19T04:36:23","date_gmt":"2016-10-19T03:36:23","guid":{"rendered":"http:\/\/sven-ove.nu\/?p=16110"},"modified":"2016-10-23T15:34:25","modified_gmt":"2016-10-23T14:34:25","slug":"artag-paus-artag-paus","status":"publish","type":"post","link":"https:\/\/sven-ove.nu\/?p=16110","title":{"rendered":"&#8221;\u00c5rtag, paus. \u00c5rtag, paus.&#8221;"},"content":{"rendered":"<p>Nu f\u00f6rs\u00f6ker bloggen g\u00f6ra ett litet uppeh\u00e5ll, vi f\u00e5r se om det lyckas. Jag har ett frilansjobb som m\u00e5ste bli klart, deadline n\u00e4rmar sig med kl\u00e4mmig hastighet.<\/p>\n<p>Vi ses.<\/p>\n<p><em><a href=\"https:\/\/sven-ove.nu\/wp-content\/uploads\/2016\/10\/Och.jpg\"><img loading=\"lazy\" decoding=\"async\" class=\"alignright size-thumbnail wp-image-16114\" src=\"https:\/\/sven-ove.nu\/wp-content\/uploads\/2016\/10\/Och-150x150.jpg\" alt=\"och\" width=\"150\" height=\"150\" srcset=\"https:\/\/sven-ove.nu\/wp-content\/uploads\/2016\/10\/Och-150x150.jpg 150w, https:\/\/sven-ove.nu\/wp-content\/uploads\/2016\/10\/Och-300x300.jpg 300w, https:\/\/sven-ove.nu\/wp-content\/uploads\/2016\/10\/Och-1024x1024.jpg 1024w\" sizes=\"auto, (max-width: 150px) 100vw, 150px\" \/><\/a># Citatet i rubriken \u00e4r fr\u00e5n ett klassiskt Sven Jerring-referat. Han ber\u00e4ttade om kungaslupens framfart \u00f6ver Stockholms str\u00f6m.<br \/>\n<\/em><em># Har jag f\u00f6r mig.<\/em><\/p>\n<p style=\"padding-left: 30px;\"><span style=\"color: #ff0000;\"><strong>PS.<\/strong> Paus? Absolut. Fast jag skulle bli f\u00f6rv\u00e5nad om det inte kommer en ny kr\u00f6nika kring Konsumhistorien varje vecka, i takt med att de delas ut i hush\u00e5llen i V\u00e4rmland. Klicka p\u00e5 K\u00f4ppra-l\u00e4nken h\u00e4r nedanf\u00f6r. DS.<\/span><\/p>\n<p><span style=\"color: #0000ff;\"><a style=\"color: #0000ff;\" href=\"https:\/\/sven-ove.nu\/\">Hem<\/a><\/span>\u00a0|\u00a0<span style=\"color: #0000ff;\"><a style=\"color: #0000ff;\" href=\"https:\/\/sven-ove.nu\/?page_id=170\">Om mig<\/a><\/span>\u00a0|\u00a0<span style=\"color: #0000ff;\"><a style=\"color: #0000ff;\" href=\"https:\/\/sven-ove.nu\/?page_id=1385\">Skriva &amp; prata<\/a><\/span>\u00a0|\u00a0<span style=\"color: #0000ff;\"><a style=\"color: #0000ff;\" href=\"https:\/\/sven-ove.nu\/?page_id=100\">Politik<\/a><\/span>\u00a0|\u00a0<span style=\"color: #0000ff;\"><a style=\"color: #0000ff;\" href=\"https:\/\/sven-ove.nu\/?page_id=102\">L\u00f6pa<\/a><\/span>\u00a0|\u00a0<span style=\"color: #0000ff;\"><a style=\"color: #0000ff;\" href=\"https:\/\/sven-ove.nu\/?page_id=108\">Viktor Root<\/a><\/span>\u00a0| <a href=\"https:\/\/sven-ove.nu\/?page_id=15908\"><span style=\"color: #0000ff;\">Firman<\/span>\u00a0<\/a>|\u00a0<span style=\"color: #0000ff;\"><a style=\"color: #0000ff;\" href=\"https:\/\/sven-ove.nu\/?page_id=15638\">K\u00f4ppra<\/a><\/span><\/p>\n","protected":false},"excerpt":{"rendered":"<p>Nu f\u00f6rs\u00f6ker bloggen g\u00f6ra ett litet uppeh\u00e5ll, vi f\u00e5r se om det lyckas. Jag har ett frilansjobb som m\u00e5ste bli klart, deadline n\u00e4rmar sig med kl\u00e4mmig hastighet. Vi ses. # Citatet i rubriken \u00e4r fr\u00e5n ett klassiskt Sven Jerring-referat. Han ber\u00e4ttade om kungaslupens framfart \u00f6ver Stockholms str\u00f6m. # Har jag f\u00f6r mig. PS. Paus? Absolut. &hellip; <a href=\"https:\/\/sven-ove.nu\/?p=16110\" class=\"more-link\">Forts\u00e4tt l\u00e4sa <span class=\"screen-reader-text\">&#8221;\u00c5rtag, paus. \u00c5rtag, paus.&#8221;<\/span><\/a><\/p>\n","protected":false},"author":1,"featured_media":0,"comment_status":"open","ping_status":"open","sticky":false,"template":"","format":"standard","meta":{"_crdt_document":"","_monsterinsights_skip_tracking":false,"_monsterinsights_sitenote_active":false,"_monsterinsights_sitenote_note":"","_monsterinsights_sitenote_category":0,"footnotes":""},"categories":[4],"tags":[3,24],"class_list":["post-16110","post","type-post","status-publish","format-standard","hentry","category-skrivande","tag-arbete","tag-karlek"],"_links":{"self":[{"href":"https:\/\/sven-ove.nu\/index.php?rest_route=\/wp\/v2\/posts\/16110","targetHints":{"allow":["GET"]}}],"collection":[{"href":"https:\/\/sven-ove.nu\/index.php?rest_route=\/wp\/v2\/posts"}],"about":[{"href":"https:\/\/sven-ove.nu\/index.php?rest_route=\/wp\/v2\/types\/post"}],"author":[{"embeddable":true,"href":"https:\/\/sven-ove.nu\/index.php?rest_route=\/wp\/v2\/users\/1"}],"replies":[{"embeddable":true,"href":"https:\/\/sven-ove.nu\/index.php?rest_route=%2Fwp%2Fv2%2Fcomments&post=16110"}],"version-history":[{"count":9,"href":"https:\/\/sven-ove.nu\/index.php?rest_route=\/wp\/v2\/posts\/16110\/revisions"}],"predecessor-version":[{"id":16132,"href":"https:\/\/sven-ove.nu\/index.php?rest_route=\/wp\/v2\/posts\/16110\/revisions\/16132"}],"wp:attachment":[{"href":"https:\/\/sven-ove.nu\/index.php?rest_route=%2Fwp%2Fv2%2Fmedia&parent=16110"}],"wp:term":[{"taxonomy":"category","embeddable":true,"href":"https:\/\/sven-ove.nu\/index.php?rest_route=%2Fwp%2Fv2%2Fcategories&post=16110"},{"taxonomy":"post_tag","embeddable":true,"href":"https:\/\/sven-ove.nu\/index.php?rest_route=%2Fwp%2Fv2%2Ftags&post=16110"}],"curies":[{"name":"wp","href":"https:\/\/api.w.org\/{rel}","templated":true}]}}