{"id":16133,"date":"2016-10-25T03:00:39","date_gmt":"2016-10-25T02:00:39","guid":{"rendered":"http:\/\/sven-ove.nu\/?p=16133"},"modified":"2016-10-25T15:15:39","modified_gmt":"2016-10-25T14:15:39","slug":"klumpdemokrater","status":"publish","type":"post","link":"https:\/\/sven-ove.nu\/?p=16133","title":{"rendered":"Klumpdemokrater"},"content":{"rendered":"<p>Intressant n\u00e4r demokrater, som \u00e4r demokrater eftersom de tycker att svenska folket \u00e4r kapabelt att ta st\u00e4llning till v\u00e5rt lands allra som mest komplicerade fr\u00e5gor i klump, inte vill ha folkomr\u00f6stning eftersom de inte tror att samma svenska folk \u00e4r klokt nog att ta st\u00e4llning till en enda enskild av de m\u00e5nga separata fr\u00e5gorna i denna klump, som vi begrep oss s\u00e5 bra p\u00e5 nyss n\u00e4r den kom i klump.<\/p>\n<p>Klumpdemokrater k\u00e4nner jag m\u00e5nga.<br \/>\nNu kommer\u00a0D\u00e5ochd\u00e5demokraterna.<\/p>\n<p>De vill ha r\u00f6stboskap med iblandf\u00f6rtroende.<\/p>\n<p style=\"padding-left: 30px;\"><strong>L\u00e4nk<\/strong>:\u00a0<span style=\"color: #ff0000;\"><a style=\"color: #ff0000;\" href=\"http:\/\/www.rostaomvarmland.com\" target=\"_blank\">R\u00f6sta om V\u00e4rmland<br \/>\n<\/a><\/span><strong>L\u00e4nk<\/strong>: <a href=\"http:\/\/www.dn.se\/debatt\/slapp-tanken-pa-att-dela-in-sverige-i-storregioner\/\" target=\"_blank\">&#8221;<span style=\"color: #ff0000;\">Sl\u00e4pp tanken p\u00e5 att dela in Sverige i storregioner<\/span>&#8221;<\/a><\/p>\n<p style=\"padding-left: 30px;\"><em><span style=\"color: #ff0000;\"><strong>#<\/strong><\/span> Inl\u00e4gg efter att ha lyssnat p\u00e5 diskussion om hur ol\u00e4mpligt det \u00e4r att l\u00e5ta de som ska bo i en region vara med och best\u00e4mma om de ska bo i en region.<br \/>\n<\/em><em><span style=\"color: #ff0000;\"><strong>#<\/strong><\/span> &#8230; och s\u00e5 undrar v\u00e5ra partistrateger \u00f6ver att populismen g\u00e5r fram\u00e5t i v\u00e4rlden.<br \/>\n<span style=\"color: #ff0000;\"><strong>#<\/strong><\/span> Jag minns n\u00e4r ni\u00a0trodde p\u00e5 folkbildning.<\/em><\/p>\n<p><span style=\"color: #0000ff;\"><a style=\"color: #0000ff;\" href=\"https:\/\/sven-ove.nu\/\">Hem<\/a><\/span>\u00a0|\u00a0<span style=\"color: #0000ff;\"><a style=\"color: #0000ff;\" href=\"https:\/\/sven-ove.nu\/?page_id=170\">Om mig<\/a>\u00a0<\/span>|\u00a0<span style=\"color: #0000ff;\"><a style=\"color: #0000ff;\" href=\"https:\/\/sven-ove.nu\/?page_id=1385\">Skriva &amp; prata<\/a><\/span>\u00a0|\u00a0<span style=\"color: #0000ff;\"><a style=\"color: #0000ff;\" href=\"https:\/\/sven-ove.nu\/?page_id=100\">Politik<\/a><\/span>\u00a0|\u00a0<span style=\"color: #0000ff;\"><a style=\"color: #0000ff;\" href=\"https:\/\/sven-ove.nu\/?page_id=102\">L\u00f6pa<\/a><\/span>\u00a0|\u00a0<span style=\"color: #0000ff;\"><a style=\"color: #0000ff;\" href=\"https:\/\/sven-ove.nu\/?page_id=108\">Viktor Root<\/a><\/span>\u00a0| <a href=\"https:\/\/sven-ove.nu\/?page_id=15908\"><span style=\"color: #0000ff;\">Firman<\/span>\u00a0<\/a>|\u00a0<span style=\"color: #0000ff;\"><a style=\"color: #0000ff;\" href=\"https:\/\/sven-ove.nu\/?page_id=15638\">K\u00f4ppra<\/a><\/span><\/p>\n","protected":false},"excerpt":{"rendered":"<p>Intressant n\u00e4r demokrater, som \u00e4r demokrater eftersom de tycker att svenska folket \u00e4r kapabelt att ta st\u00e4llning till v\u00e5rt lands allra som mest komplicerade fr\u00e5gor i klump, inte vill ha folkomr\u00f6stning eftersom de inte tror att samma svenska folk \u00e4r klokt nog att ta st\u00e4llning till en enda enskild av de m\u00e5nga separata fr\u00e5gorna i &hellip; <a href=\"https:\/\/sven-ove.nu\/?p=16133\" class=\"more-link\">Forts\u00e4tt l\u00e4sa <span class=\"screen-reader-text\">Klumpdemokrater<\/span><\/a><\/p>\n","protected":false},"author":1,"featured_media":15224,"comment_status":"open","ping_status":"open","sticky":false,"template":"","format":"standard","meta":{"_crdt_document":"","_monsterinsights_skip_tracking":false,"_monsterinsights_sitenote_active":false,"_monsterinsights_sitenote_note":"","_monsterinsights_sitenote_category":0,"footnotes":""},"categories":[9],"tags":[16],"class_list":["post-16133","post","type-post","status-publish","format-standard","has-post-thumbnail","hentry","category-politik","tag-dumheter"],"_links":{"self":[{"href":"https:\/\/sven-ove.nu\/index.php?rest_route=\/wp\/v2\/posts\/16133","targetHints":{"allow":["GET"]}}],"collection":[{"href":"https:\/\/sven-ove.nu\/index.php?rest_route=\/wp\/v2\/posts"}],"about":[{"href":"https:\/\/sven-ove.nu\/index.php?rest_route=\/wp\/v2\/types\/post"}],"author":[{"embeddable":true,"href":"https:\/\/sven-ove.nu\/index.php?rest_route=\/wp\/v2\/users\/1"}],"replies":[{"embeddable":true,"href":"https:\/\/sven-ove.nu\/index.php?rest_route=%2Fwp%2Fv2%2Fcomments&post=16133"}],"version-history":[{"count":16,"href":"https:\/\/sven-ove.nu\/index.php?rest_route=\/wp\/v2\/posts\/16133\/revisions"}],"predecessor-version":[{"id":16149,"href":"https:\/\/sven-ove.nu\/index.php?rest_route=\/wp\/v2\/posts\/16133\/revisions\/16149"}],"wp:featuredmedia":[{"embeddable":true,"href":"https:\/\/sven-ove.nu\/index.php?rest_route=\/wp\/v2\/media\/15224"}],"wp:attachment":[{"href":"https:\/\/sven-ove.nu\/index.php?rest_route=%2Fwp%2Fv2%2Fmedia&parent=16133"}],"wp:term":[{"taxonomy":"category","embeddable":true,"href":"https:\/\/sven-ove.nu\/index.php?rest_route=%2Fwp%2Fv2%2Fcategories&post=16133"},{"taxonomy":"post_tag","embeddable":true,"href":"https:\/\/sven-ove.nu\/index.php?rest_route=%2Fwp%2Fv2%2Ftags&post=16133"}],"curies":[{"name":"wp","href":"https:\/\/api.w.org\/{rel}","templated":true}]}}