{"id":16150,"date":"2016-10-26T03:00:40","date_gmt":"2016-10-26T02:00:40","guid":{"rendered":"http:\/\/sven-ove.nu\/?p=16150"},"modified":"2016-10-25T22:10:14","modified_gmt":"2016-10-25T21:10:14","slug":"16150","status":"publish","type":"post","link":"https:\/\/sven-ove.nu\/?p=16150","title":{"rendered":"F\u00f6rst\u00e5r ni inte att ni f\u00f6der en populist i timmen?"},"content":{"rendered":"<p><a href=\"https:\/\/sven-ove.nu\/wp-content\/uploads\/2016\/10\/L\u00e5gbron.jpg\"><img loading=\"lazy\" decoding=\"async\" class=\"size-full wp-image-16002 alignnone\" src=\"https:\/\/sven-ove.nu\/wp-content\/uploads\/2016\/10\/L\u00e5gbron.jpg\" alt=\"lagbron\" width=\"516\" height=\"146\" srcset=\"https:\/\/sven-ove.nu\/wp-content\/uploads\/2016\/10\/L\u00e5gbron.jpg 516w, https:\/\/sven-ove.nu\/wp-content\/uploads\/2016\/10\/L\u00e5gbron-300x85.jpg 300w\" sizes=\"auto, (max-width: 516px) 100vw, 516px\" \/><\/a><\/p>\n<p style=\"padding-left: 30px;\"><em>L\u00e5gbron, symbolen f\u00f6r maktens lomh\u00f6rdhet.<\/em><\/p>\n<p>Tisdag, oktober m\u00e5lar akvarell. Vid paradis\u00e4ppeltr\u00e4det kivas f\u00e5glarna om v\u00e5ra enkla bidrag. I G\u00f6teborg jobbar politikerna vidare med den l\u00e5gbro \u00f6ver G\u00f6ta \u00e4lv som kommer att bli till s\u00e5nt besv\u00e4r f\u00f6r V\u00e4nersj\u00f6fart och f\u00f6r industrier i min provins.<\/p>\n<p>Sj\u00e4lv sitter jag och l\u00e4ser statistik p\u00e5 n\u00e4tet, n\u00e5n ska g\u00f6ra det. 1979 hade de svenska partierna 1,5 miljoner medlemmar, i dag bara omkring 270 000. Jag har tillh\u00f6rt n\u00e5gra av de partierna och vet att det f\u00f6rst\u00e5s \u00e4r en liten andel av medlemmarna som i praktiken avg\u00f6r \u00e4rendena, genom att sitta i valberedningar, styrelser och viktiga beslutandef\u00f6rsamlingar i kommuner, landsting och riksdag.<\/p>\n<p>S\u00e5 fungerar den svenska demokratin. Demokratin \u00e4r jag stolt \u00f6ver, den har svenska folket k\u00e4mpat sig till, den m\u00e5ste vi forts\u00e4tta sl\u00e5ss f\u00f6r varje dag. Och just d\u00e4rf\u00f6r: det m\u00e5ste v\u00e4l vara fler \u00e4n jag som tycker det \u00e4r bekymmersamt att en alltmer krympande andel av folket \u00e4r partimedlemmar? Att allts\u00e5 en \u00e4nnu mer f\u00f6rsvinnande liten del i praktiken avg\u00f6r s\u00e5 stora fr\u00e5gor som regionfr\u00e5gan? Ska kanske 30-40 av 276 000 v\u00e4rml\u00e4nningar avg\u00f6ra en s\u00e5 viktig framtidsfr\u00e5ga som storomvandlingen av Sverige?<\/p>\n<p>Inte \u00e4r det sj\u00e4lvklart f\u00f6r en demokrat.<\/p>\n<p>Jag k\u00e4nner m\u00e5nga av de 30-40 partisterna som tycker att de kan besluta \u00e5t oss \u00e4ven i detta \u00e4rende, fast det \u00e4r s\u00e5 mycket st\u00f6rre \u00e4n vardagsfr\u00e5gorna. De \u00e4r i allm\u00e4nhet kloka m\u00e4nniskor som vill v\u00e4l. Just d\u00e4rf\u00f6r f\u00f6rst\u00e5r jag inte att de vill trumma igenom ett s\u00e5 tungt beslut utan att h\u00f6ra med sitt folk. Jag fattar inte att de inte begriper att de just nu f\u00f6der en ny populist i timmen h\u00e4r p\u00e5 trakten, genom sin lomh\u00f6rdhet.<\/p>\n<p>\u00c4r politiken bara partitaktik och smusselstrategi nuf\u00f6rtiden?<br \/>\nVart tog folkupplysningen v\u00e4gen? Vad h\u00e4nde med lyh\u00f6rdhet, f\u00f6rankring och respekt?<\/p>\n<p><em><span style=\"color: #ff0000;\"><strong>#<\/strong><strong>#<\/strong><strong>#<\/strong><\/span> L\u00e5gbron i G\u00f6teborg f\u00f6rskr\u00e4cker.<br \/>\n<\/em><em><span style=\"color: #ff0000;\"><strong>###<\/strong><\/span> Fr\u00e5gan om slussarna i Trollh\u00e4ttan f\u00e5r en att b\u00e4va.<br \/>\n<\/em><em><span style=\"color: #ff0000;\"><strong>###<\/strong><\/span> De \u00e4r talande att makthavare nedstr\u00f6ms g\u00f6r V\u00e4rmland till en blindtarm, redan innan storregionen ens \u00e4r genomf\u00f6rd. Lomh\u00f6rdhet: hundra.<\/em><\/p>\n<p><span style=\"color: #0000ff;\"><a style=\"color: #0000ff;\" href=\"https:\/\/sven-ove.nu\/\">Hem<\/a><\/span>\u00a0|\u00a0<span style=\"color: #0000ff;\"><a style=\"color: #0000ff;\" href=\"https:\/\/sven-ove.nu\/?page_id=170\">Om mig<\/a><\/span>\u00a0|\u00a0<span style=\"color: #0000ff;\"><a style=\"color: #0000ff;\" href=\"https:\/\/sven-ove.nu\/?page_id=1385\">Skriva &amp; prata<\/a><\/span>\u00a0|\u00a0<span style=\"color: #0000ff;\"><a style=\"color: #0000ff;\" href=\"https:\/\/sven-ove.nu\/?page_id=100\">Politik<\/a><\/span>\u00a0|\u00a0<span style=\"color: #0000ff;\"><a style=\"color: #0000ff;\" href=\"https:\/\/sven-ove.nu\/?page_id=102\">L\u00f6pa<\/a><\/span>\u00a0|\u00a0<span style=\"color: #0000ff;\"><a style=\"color: #0000ff;\" href=\"https:\/\/sven-ove.nu\/?page_id=108\">Viktor Root<\/a><\/span>\u00a0| <a href=\"https:\/\/sven-ove.nu\/?page_id=15908\"><span style=\"color: #0000ff;\">Firman<\/span>\u00a0<\/a>|\u00a0<span style=\"color: #0000ff;\"><a style=\"color: #0000ff;\" href=\"https:\/\/sven-ove.nu\/?page_id=15638\">K\u00f4ppra<\/a><\/span><\/p>\n","protected":false},"excerpt":{"rendered":"<p>L\u00e5gbron, symbolen f\u00f6r maktens lomh\u00f6rdhet. Tisdag, oktober m\u00e5lar akvarell. Vid paradis\u00e4ppeltr\u00e4det kivas f\u00e5glarna om v\u00e5ra enkla bidrag. I G\u00f6teborg jobbar politikerna vidare med den l\u00e5gbro \u00f6ver G\u00f6ta \u00e4lv som kommer att bli till s\u00e5nt besv\u00e4r f\u00f6r V\u00e4nersj\u00f6fart och f\u00f6r industrier i min provins. Sj\u00e4lv sitter jag och l\u00e4ser statistik p\u00e5 n\u00e4tet, n\u00e5n ska g\u00f6ra det. &hellip; <a href=\"https:\/\/sven-ove.nu\/?p=16150\" class=\"more-link\">Forts\u00e4tt l\u00e4sa <span class=\"screen-reader-text\">F\u00f6rst\u00e5r ni inte att ni f\u00f6der en populist i timmen?<\/span><\/a><\/p>\n","protected":false},"author":1,"featured_media":0,"comment_status":"open","ping_status":"open","sticky":false,"template":"","format":"standard","meta":{"_crdt_document":"","_monsterinsights_skip_tracking":false,"_monsterinsights_sitenote_active":false,"_monsterinsights_sitenote_note":"","_monsterinsights_sitenote_category":0,"footnotes":""},"categories":[9],"tags":[16,25,18],"class_list":["post-16150","post","type-post","status-publish","format-standard","hentry","category-politik","tag-dumheter","tag-kartan","tag-lardomar"],"_links":{"self":[{"href":"https:\/\/sven-ove.nu\/index.php?rest_route=\/wp\/v2\/posts\/16150","targetHints":{"allow":["GET"]}}],"collection":[{"href":"https:\/\/sven-ove.nu\/index.php?rest_route=\/wp\/v2\/posts"}],"about":[{"href":"https:\/\/sven-ove.nu\/index.php?rest_route=\/wp\/v2\/types\/post"}],"author":[{"embeddable":true,"href":"https:\/\/sven-ove.nu\/index.php?rest_route=\/wp\/v2\/users\/1"}],"replies":[{"embeddable":true,"href":"https:\/\/sven-ove.nu\/index.php?rest_route=%2Fwp%2Fv2%2Fcomments&post=16150"}],"version-history":[{"count":8,"href":"https:\/\/sven-ove.nu\/index.php?rest_route=\/wp\/v2\/posts\/16150\/revisions"}],"predecessor-version":[{"id":16158,"href":"https:\/\/sven-ove.nu\/index.php?rest_route=\/wp\/v2\/posts\/16150\/revisions\/16158"}],"wp:attachment":[{"href":"https:\/\/sven-ove.nu\/index.php?rest_route=%2Fwp%2Fv2%2Fmedia&parent=16150"}],"wp:term":[{"taxonomy":"category","embeddable":true,"href":"https:\/\/sven-ove.nu\/index.php?rest_route=%2Fwp%2Fv2%2Fcategories&post=16150"},{"taxonomy":"post_tag","embeddable":true,"href":"https:\/\/sven-ove.nu\/index.php?rest_route=%2Fwp%2Fv2%2Ftags&post=16150"}],"curies":[{"name":"wp","href":"https:\/\/api.w.org\/{rel}","templated":true}]}}