{"id":16159,"date":"2016-10-27T08:36:22","date_gmt":"2016-10-27T07:36:22","guid":{"rendered":"http:\/\/sven-ove.nu\/?p=16159"},"modified":"2016-10-27T08:43:42","modified_gmt":"2016-10-27T07:43:42","slug":"16159","status":"publish","type":"post","link":"https:\/\/sven-ove.nu\/?p=16159","title":{"rendered":"Solen g\u00e5r upp och bokst\u00e4verna vill g\u00e5 samman"},"content":{"rendered":"<p><a href=\"https:\/\/sven-ove.nu\/wp-content\/uploads\/2016\/10\/Soln.jpg\"><img loading=\"lazy\" decoding=\"async\" class=\"size-large wp-image-16164 alignnone\" src=\"https:\/\/sven-ove.nu\/wp-content\/uploads\/2016\/10\/Soln-1024x302.jpg\" alt=\"soln\" width=\"660\" height=\"195\" srcset=\"https:\/\/sven-ove.nu\/wp-content\/uploads\/2016\/10\/Soln-1024x302.jpg 1024w, https:\/\/sven-ove.nu\/wp-content\/uploads\/2016\/10\/Soln-300x88.jpg 300w, https:\/\/sven-ove.nu\/wp-content\/uploads\/2016\/10\/Soln.jpg 1215w\" sizes=\"auto, (max-width: 660px) 100vw, 660px\" \/><\/a><\/p>\n<blockquote><p>Solen m\u00e5lar horisonten med bladguld. Medan jag h\u00e4ller upp l\u00e4ttfil och m\u00fcsli st\u00e5r datorn och sm\u00e5hoppar av arbetslust p\u00e5 skrivbordet d\u00e4r uppe.<\/p><\/blockquote>\n<p>S\u00e5 m\u00e5nga bokst\u00e4ver genom \u00e5ren, s\u00e5 m\u00e5nga verktyg. Kulspetspennorna, Facitskrivmaskinen, elektriska skrivmaskinen, composern med 16 teckens minne, Toshibadatorn, f\u00f6rsta Macen och sedan han som hade uppkoppling p\u00e5 n\u00e4tet.<\/p>\n<p>Han. Han kr\u00e5nglade ibland men modemet surrade hoppfullt.<\/p>\n<p><strong>F\u00f6r\u00e4ndra v\u00e4rlden?<br \/>\n<\/strong>S\u00e5 m\u00e5nga bokst\u00e4ver, s\u00e5 mycket hopp. Jag ska f\u00f6r\u00e4ndra v\u00e4rlden, sa jag till f\u00f6rsta chefen, f\u00e4rsk lokalredakt\u00f6rsvikarie som jag var.<\/p>\n<p>&#8211; Jas\u00e5. Ska du f\u00f6r\u00e4ndre v\u00e4rlden? sa Allan. D\u00e5 kan du b\u00f6rje i N\u00f4rra R\u00e5da.<\/p>\n<p>Varp\u00e5 han skickade mig till hembygdsveckan d\u00e4r.<\/p>\n<p><strong>Inte riktigt klar<br \/>\n<\/strong>Jag \u00e4r inte riktigt f\u00e4rdig med v\u00e4rldsf\u00f6rb\u00e4ttringen, vi f\u00e5r jobba vidare, men \u00e4n st\u00e5r en dator och hoppar och i skallen vill orden fortfarande bli till bokst\u00e4ver.<\/p>\n<p>J-\u00e4-m-l-i-k-h-e-t.<br \/>\nR-\u00e4-t-t-v-i-s-a.<br \/>\nF-r-e-d.<\/p>\n<p><span style=\"color: #0000ff;\"><a style=\"color: #0000ff;\" href=\"https:\/\/sven-ove.nu\/\">Hem<\/a><\/span>\u00a0|\u00a0<span style=\"color: #0000ff;\"><a style=\"color: #0000ff;\" href=\"https:\/\/sven-ove.nu\/?page_id=170\">Om mig<\/a><\/span>\u00a0|\u00a0<span style=\"color: #0000ff;\"><a style=\"color: #0000ff;\" href=\"https:\/\/sven-ove.nu\/?page_id=1385\">Skriva &amp; prata<\/a><\/span>\u00a0|\u00a0<span style=\"color: #0000ff;\"><a style=\"color: #0000ff;\" href=\"https:\/\/sven-ove.nu\/?page_id=100\">Politik<\/a><\/span>\u00a0|\u00a0<span style=\"color: #0000ff;\"><a style=\"color: #0000ff;\" href=\"https:\/\/sven-ove.nu\/?page_id=102\">L\u00f6pa<\/a><\/span>\u00a0|\u00a0<span style=\"color: #0000ff;\"><a style=\"color: #0000ff;\" href=\"https:\/\/sven-ove.nu\/?page_id=108\">Viktor Root<\/a><\/span>\u00a0| <a href=\"https:\/\/sven-ove.nu\/?page_id=15908\"><span style=\"color: #0000ff;\">Firman<\/span>\u00a0<\/a>|\u00a0<span style=\"color: #0000ff;\"><a style=\"color: #0000ff;\" href=\"https:\/\/sven-ove.nu\/?page_id=15638\">K\u00f4ppra<\/a><\/span><\/p>\n","protected":false},"excerpt":{"rendered":"<p>Solen m\u00e5lar horisonten med bladguld. Medan jag h\u00e4ller upp l\u00e4ttfil och m\u00fcsli st\u00e5r datorn och sm\u00e5hoppar av arbetslust p\u00e5 skrivbordet d\u00e4r uppe. S\u00e5 m\u00e5nga bokst\u00e4ver genom \u00e5ren, s\u00e5 m\u00e5nga verktyg. Kulspetspennorna, Facitskrivmaskinen, elektriska skrivmaskinen, composern med 16 teckens minne, Toshibadatorn, f\u00f6rsta Macen och sedan han som hade uppkoppling p\u00e5 n\u00e4tet. Han. Han kr\u00e5nglade ibland men &hellip; <a href=\"https:\/\/sven-ove.nu\/?p=16159\" class=\"more-link\">Forts\u00e4tt l\u00e4sa <span class=\"screen-reader-text\">Solen g\u00e5r upp och bokst\u00e4verna vill g\u00e5 samman<\/span><\/a><\/p>\n","protected":false},"author":1,"featured_media":0,"comment_status":"open","ping_status":"open","sticky":false,"template":"","format":"standard","meta":{"_crdt_document":"","_monsterinsights_skip_tracking":false,"_monsterinsights_sitenote_active":false,"_monsterinsights_sitenote_note":"","_monsterinsights_sitenote_category":0,"footnotes":""},"categories":[4],"tags":[24,21,17,13],"class_list":["post-16159","post","type-post","status-publish","format-standard","hentry","category-skrivande","tag-karlek","tag-ord","tag-solidaritet","tag-utrustning"],"_links":{"self":[{"href":"https:\/\/sven-ove.nu\/index.php?rest_route=\/wp\/v2\/posts\/16159","targetHints":{"allow":["GET"]}}],"collection":[{"href":"https:\/\/sven-ove.nu\/index.php?rest_route=\/wp\/v2\/posts"}],"about":[{"href":"https:\/\/sven-ove.nu\/index.php?rest_route=\/wp\/v2\/types\/post"}],"author":[{"embeddable":true,"href":"https:\/\/sven-ove.nu\/index.php?rest_route=\/wp\/v2\/users\/1"}],"replies":[{"embeddable":true,"href":"https:\/\/sven-ove.nu\/index.php?rest_route=%2Fwp%2Fv2%2Fcomments&post=16159"}],"version-history":[{"count":5,"href":"https:\/\/sven-ove.nu\/index.php?rest_route=\/wp\/v2\/posts\/16159\/revisions"}],"predecessor-version":[{"id":16165,"href":"https:\/\/sven-ove.nu\/index.php?rest_route=\/wp\/v2\/posts\/16159\/revisions\/16165"}],"wp:attachment":[{"href":"https:\/\/sven-ove.nu\/index.php?rest_route=%2Fwp%2Fv2%2Fmedia&parent=16159"}],"wp:term":[{"taxonomy":"category","embeddable":true,"href":"https:\/\/sven-ove.nu\/index.php?rest_route=%2Fwp%2Fv2%2Fcategories&post=16159"},{"taxonomy":"post_tag","embeddable":true,"href":"https:\/\/sven-ove.nu\/index.php?rest_route=%2Fwp%2Fv2%2Ftags&post=16159"}],"curies":[{"name":"wp","href":"https:\/\/api.w.org\/{rel}","templated":true}]}}