{"id":16166,"date":"2016-10-29T03:00:09","date_gmt":"2016-10-29T02:00:09","guid":{"rendered":"http:\/\/sven-ove.nu\/?p=16166"},"modified":"2016-10-29T10:03:59","modified_gmt":"2016-10-29T09:03:59","slug":"16166","status":"publish","type":"post","link":"https:\/\/sven-ove.nu\/?p=16166","title":{"rendered":"Fundering f\u00f6re frukost"},"content":{"rendered":"<p><a href=\"https:\/\/sven-ove.nu\/wp-content\/uploads\/2016\/10\/H\u00f6jdkurvor.jpg\"><img loading=\"lazy\" decoding=\"async\" class=\"size-full wp-image-16170 alignnone\" src=\"https:\/\/sven-ove.nu\/wp-content\/uploads\/2016\/10\/H\u00f6jdkurvor.jpg\" alt=\"hojdkurvor\" width=\"947\" height=\"388\" srcset=\"https:\/\/sven-ove.nu\/wp-content\/uploads\/2016\/10\/H\u00f6jdkurvor.jpg 947w, https:\/\/sven-ove.nu\/wp-content\/uploads\/2016\/10\/H\u00f6jdkurvor-300x123.jpg 300w\" sizes=\"auto, (max-width: 947px) 100vw, 947px\" \/><\/a><\/p>\n<p>Funderar \u00f6ver vilka politiska fr\u00e5gor som \u00e4r f\u00f6r komplicerade f\u00f6r svenska medborgare att ta st\u00e4llning till, om en \u00e4r demokrat. Kommer inte p\u00e5 en enda.<\/p>\n<p>Funderar \u00f6ver den m\u00e4nniskosyn som breder ut sig bland allt fler. Kommer p\u00e5 mig sj\u00e4lv med att bli ledsen.<\/p>\n<p>Funderar.<\/p>\n<p><em><span style=\"color: #339966;\">#<\/span> Jag \u00e4lskar uppf\u00f6rsbackar.<br \/>\n<\/em><em><span style=\"color: #339966;\">#<\/span> Men inte de on\u00f6diga.<br \/>\n<\/em><em><span style=\"color: #339966;\">#<\/span> Problemet \u00e4r att parti efter parti valt att f\u00f6lja h\u00f6jdkurvan intill dumhet. Nu m\u00e5ste snart n\u00e5gon av de v\u00e5re v\u00e5ga ta det jobbiga klivet och h\u00f6ja niv\u00e5n. En del stigningar \u00e4r n\u00f6dv\u00e4ndiga. Upp\u00e5t, upp\u00e5t!<\/em><\/p>\n<p><span style=\"color: #0000ff;\"><a style=\"color: #0000ff;\" href=\"https:\/\/sven-ove.nu\/\">Hem<\/a><\/span>\u00a0|\u00a0<span style=\"color: #0000ff;\"><a style=\"color: #0000ff;\" href=\"https:\/\/sven-ove.nu\/?page_id=170\">Om mig<\/a><\/span>\u00a0|\u00a0<span style=\"color: #0000ff;\"><a style=\"color: #0000ff;\" href=\"https:\/\/sven-ove.nu\/?page_id=1385\">Skriva &amp; prata<\/a><\/span>\u00a0|\u00a0<span style=\"color: #0000ff;\"><a style=\"color: #0000ff;\" href=\"https:\/\/sven-ove.nu\/?page_id=100\">Politik<\/a><\/span>\u00a0|\u00a0<span style=\"color: #0000ff;\"><a style=\"color: #0000ff;\" href=\"https:\/\/sven-ove.nu\/?page_id=102\">L\u00f6pa<\/a><\/span>\u00a0|\u00a0<span style=\"color: #0000ff;\"><a style=\"color: #0000ff;\" href=\"https:\/\/sven-ove.nu\/?page_id=108\">Viktor Root<\/a><\/span>\u00a0| <a href=\"https:\/\/sven-ove.nu\/?page_id=15908\"><span style=\"color: #0000ff;\">Firman<\/span>\u00a0<\/a>|\u00a0<span style=\"color: #0000ff;\"><a style=\"color: #0000ff;\" href=\"https:\/\/sven-ove.nu\/?page_id=15638\">K\u00f4ppra<\/a><\/span><\/p>\n","protected":false},"excerpt":{"rendered":"<p>Funderar \u00f6ver vilka politiska fr\u00e5gor som \u00e4r f\u00f6r komplicerade f\u00f6r svenska medborgare att ta st\u00e4llning till, om en \u00e4r demokrat. Kommer inte p\u00e5 en enda. Funderar \u00f6ver den m\u00e4nniskosyn som breder ut sig bland allt fler. Kommer p\u00e5 mig sj\u00e4lv med att bli ledsen. Funderar. # Jag \u00e4lskar uppf\u00f6rsbackar. # Men inte de on\u00f6diga. # &hellip; <a href=\"https:\/\/sven-ove.nu\/?p=16166\" class=\"more-link\">Forts\u00e4tt l\u00e4sa <span class=\"screen-reader-text\">Fundering f\u00f6re frukost<\/span><\/a><\/p>\n","protected":false},"author":1,"featured_media":0,"comment_status":"open","ping_status":"open","sticky":false,"template":"","format":"standard","meta":{"_crdt_document":"","_monsterinsights_skip_tracking":false,"_monsterinsights_sitenote_active":false,"_monsterinsights_sitenote_note":"","_monsterinsights_sitenote_category":0,"footnotes":""},"categories":[9],"tags":[3,25,17],"class_list":["post-16166","post","type-post","status-publish","format-standard","hentry","category-politik","tag-arbete","tag-kartan","tag-solidaritet"],"_links":{"self":[{"href":"https:\/\/sven-ove.nu\/index.php?rest_route=\/wp\/v2\/posts\/16166","targetHints":{"allow":["GET"]}}],"collection":[{"href":"https:\/\/sven-ove.nu\/index.php?rest_route=\/wp\/v2\/posts"}],"about":[{"href":"https:\/\/sven-ove.nu\/index.php?rest_route=\/wp\/v2\/types\/post"}],"author":[{"embeddable":true,"href":"https:\/\/sven-ove.nu\/index.php?rest_route=\/wp\/v2\/users\/1"}],"replies":[{"embeddable":true,"href":"https:\/\/sven-ove.nu\/index.php?rest_route=%2Fwp%2Fv2%2Fcomments&post=16166"}],"version-history":[{"count":6,"href":"https:\/\/sven-ove.nu\/index.php?rest_route=\/wp\/v2\/posts\/16166\/revisions"}],"predecessor-version":[{"id":16173,"href":"https:\/\/sven-ove.nu\/index.php?rest_route=\/wp\/v2\/posts\/16166\/revisions\/16173"}],"wp:attachment":[{"href":"https:\/\/sven-ove.nu\/index.php?rest_route=%2Fwp%2Fv2%2Fmedia&parent=16166"}],"wp:term":[{"taxonomy":"category","embeddable":true,"href":"https:\/\/sven-ove.nu\/index.php?rest_route=%2Fwp%2Fv2%2Fcategories&post=16166"},{"taxonomy":"post_tag","embeddable":true,"href":"https:\/\/sven-ove.nu\/index.php?rest_route=%2Fwp%2Fv2%2Ftags&post=16166"}],"curies":[{"name":"wp","href":"https:\/\/api.w.org\/{rel}","templated":true}]}}