{"id":16183,"date":"2016-10-31T08:39:55","date_gmt":"2016-10-31T07:39:55","guid":{"rendered":"http:\/\/sven-ove.nu\/?p=16183"},"modified":"2016-10-31T08:39:55","modified_gmt":"2016-10-31T07:39:55","slug":"och-och-och","status":"publish","type":"post","link":"https:\/\/sven-ove.nu\/?p=16183","title":{"rendered":"Och och och"},"content":{"rendered":"<p><a href=\"https:\/\/sven-ove.nu\/wp-content\/uploads\/2016\/10\/Och.jpg\"><img loading=\"lazy\" decoding=\"async\" class=\"size-large wp-image-16114 alignnone\" src=\"https:\/\/sven-ove.nu\/wp-content\/uploads\/2016\/10\/Och-1024x1024.jpg\" alt=\"och\" width=\"660\" height=\"660\" srcset=\"https:\/\/sven-ove.nu\/wp-content\/uploads\/2016\/10\/Och-1024x1024.jpg 1024w, https:\/\/sven-ove.nu\/wp-content\/uploads\/2016\/10\/Och-150x150.jpg 150w, https:\/\/sven-ove.nu\/wp-content\/uploads\/2016\/10\/Och-300x300.jpg 300w\" sizes=\"auto, (max-width: 660px) 100vw, 660px\" \/><\/a><\/p>\n<blockquote><p>Sverigedemokraterna vill utvisa alla l\u00e5neord. Det \u00e4r rej\u00e4la tag. Av uttrycket \u201d\u00e4rans och hj\u00e4ltarnas spr\u00e5k\u201d blir bara ett ord kvar: \u201doch\u201d. Resten \u00e4r hitfraktat.<\/p><\/blockquote>\n<p>F\u00f6r att inte tala om \u201ddemokrati\u201d. Det ordet \u00e4r importerat fr\u00e5n strax hitom S\u00e4rkland.<\/p>\n<p>N\u00e4sta steg i SD:s programarbete blir att velocipeden, automobilen och tandborsten f\u00f6rbjuds. Tandborsten \u00e4r kinesisk, f\u00f6r h\u00f6ge b\u00f6veln. Den g\u00e5r bort! Varje riktigt bl\u00e5\u00f6gd karl b\u00e4r gula tansebissingar i kors i truten, n\u00e4r han h\u00e4ver upp sitt stolta:<\/p>\n<p>&#8211; Och och och.<\/p>\n<p><span style=\"color: #0000ff;\"><a style=\"color: #0000ff;\" href=\"https:\/\/sven-ove.nu\/\">Hem<\/a><\/span>\u00a0|\u00a0<span style=\"color: #0000ff;\"><a style=\"color: #0000ff;\" href=\"https:\/\/sven-ove.nu\/?page_id=170\">Om mig<\/a><\/span>\u00a0|\u00a0<span style=\"color: #0000ff;\"><a style=\"color: #0000ff;\" href=\"https:\/\/sven-ove.nu\/?page_id=1385\">Skriva &amp; prata<\/a><\/span>\u00a0|\u00a0<span style=\"color: #0000ff;\"><a style=\"color: #0000ff;\" href=\"https:\/\/sven-ove.nu\/?page_id=100\">Politik<\/a><\/span>\u00a0|\u00a0<span style=\"color: #0000ff;\"><a style=\"color: #0000ff;\" href=\"https:\/\/sven-ove.nu\/?page_id=102\">L\u00f6pa<\/a><\/span>\u00a0|\u00a0<span style=\"color: #0000ff;\"><a style=\"color: #0000ff;\" href=\"https:\/\/sven-ove.nu\/?page_id=108\">Viktor Root<\/a><\/span>\u00a0| <a href=\"https:\/\/sven-ove.nu\/?page_id=15908\"><span style=\"color: #0000ff;\">Firman<\/span>\u00a0<\/a>|\u00a0<span style=\"color: #0000ff;\"><a style=\"color: #0000ff;\" href=\"https:\/\/sven-ove.nu\/?page_id=15638\">K\u00f4ppra<\/a><\/span><\/p>\n","protected":false},"excerpt":{"rendered":"<p>Sverigedemokraterna vill utvisa alla l\u00e5neord. Det \u00e4r rej\u00e4la tag. Av uttrycket \u201d\u00e4rans och hj\u00e4ltarnas spr\u00e5k\u201d blir bara ett ord kvar: \u201doch\u201d. Resten \u00e4r hitfraktat. F\u00f6r att inte tala om \u201ddemokrati\u201d. Det ordet \u00e4r importerat fr\u00e5n strax hitom S\u00e4rkland. N\u00e4sta steg i SD:s programarbete blir att velocipeden, automobilen och tandborsten f\u00f6rbjuds. Tandborsten \u00e4r kinesisk, f\u00f6r h\u00f6ge &hellip; <a href=\"https:\/\/sven-ove.nu\/?p=16183\" class=\"more-link\">Forts\u00e4tt l\u00e4sa <span class=\"screen-reader-text\">Och och och<\/span><\/a><\/p>\n","protected":false},"author":1,"featured_media":0,"comment_status":"open","ping_status":"open","sticky":false,"template":"","format":"standard","meta":{"_crdt_document":"","_monsterinsights_skip_tracking":false,"_monsterinsights_sitenote_active":false,"_monsterinsights_sitenote_note":"","_monsterinsights_sitenote_category":0,"footnotes":""},"categories":[9],"tags":[16,8,21],"class_list":["post-16183","post","type-post","status-publish","format-standard","hentry","category-politik","tag-dumheter","tag-historia","tag-ord"],"_links":{"self":[{"href":"https:\/\/sven-ove.nu\/index.php?rest_route=\/wp\/v2\/posts\/16183","targetHints":{"allow":["GET"]}}],"collection":[{"href":"https:\/\/sven-ove.nu\/index.php?rest_route=\/wp\/v2\/posts"}],"about":[{"href":"https:\/\/sven-ove.nu\/index.php?rest_route=\/wp\/v2\/types\/post"}],"author":[{"embeddable":true,"href":"https:\/\/sven-ove.nu\/index.php?rest_route=\/wp\/v2\/users\/1"}],"replies":[{"embeddable":true,"href":"https:\/\/sven-ove.nu\/index.php?rest_route=%2Fwp%2Fv2%2Fcomments&post=16183"}],"version-history":[{"count":2,"href":"https:\/\/sven-ove.nu\/index.php?rest_route=\/wp\/v2\/posts\/16183\/revisions"}],"predecessor-version":[{"id":16185,"href":"https:\/\/sven-ove.nu\/index.php?rest_route=\/wp\/v2\/posts\/16183\/revisions\/16185"}],"wp:attachment":[{"href":"https:\/\/sven-ove.nu\/index.php?rest_route=%2Fwp%2Fv2%2Fmedia&parent=16183"}],"wp:term":[{"taxonomy":"category","embeddable":true,"href":"https:\/\/sven-ove.nu\/index.php?rest_route=%2Fwp%2Fv2%2Fcategories&post=16183"},{"taxonomy":"post_tag","embeddable":true,"href":"https:\/\/sven-ove.nu\/index.php?rest_route=%2Fwp%2Fv2%2Ftags&post=16183"}],"curies":[{"name":"wp","href":"https:\/\/api.w.org\/{rel}","templated":true}]}}