{"id":16204,"date":"2016-11-06T03:00:18","date_gmt":"2016-11-06T02:00:18","guid":{"rendered":"http:\/\/sven-ove.nu\/?p=16204"},"modified":"2016-11-06T07:01:33","modified_gmt":"2016-11-06T06:01:33","slug":"master-skraddares-dag","status":"publish","type":"post","link":"https:\/\/sven-ove.nu\/?p=16204","title":{"rendered":"M\u00e4ster Skr\u00e4ddares dag"},"content":{"rendered":"<p><a href=\"https:\/\/sven-ove.nu\/wp-content\/uploads\/2016\/11\/Sk\u00e4rmavbild-2013-10-12-kl.-11.43.45-kopia.png\"><img loading=\"lazy\" decoding=\"async\" class=\"size-full wp-image-16207 alignnone\" src=\"https:\/\/sven-ove.nu\/wp-content\/uploads\/2016\/11\/Sk\u00e4rmavbild-2013-10-12-kl.-11.43.45-kopia.png\" alt=\"skarmavbild-2013-10-12-kl-11-43-45-kopia\" width=\"500\" height=\"504\" srcset=\"https:\/\/sven-ove.nu\/wp-content\/uploads\/2016\/11\/Sk\u00e4rmavbild-2013-10-12-kl.-11.43.45-kopia.png 500w, https:\/\/sven-ove.nu\/wp-content\/uploads\/2016\/11\/Sk\u00e4rmavbild-2013-10-12-kl.-11.43.45-kopia-150x150.png 150w, https:\/\/sven-ove.nu\/wp-content\/uploads\/2016\/11\/Sk\u00e4rmavbild-2013-10-12-kl.-11.43.45-kopia-298x300.png 298w\" sizes=\"auto, (max-width: 500px) 100vw, 500px\" \/><\/a><\/p>\n<blockquote><p>6 november. I dag firar jag en energisk karl som betytt mycket f\u00f6r svenska\u00a0arbetare.<\/p><\/blockquote>\n<p><a href=\"https:\/\/sven-ove.nu\/wp-content\/uploads\/2016\/11\/August-Palm.jpg\"><img loading=\"lazy\" decoding=\"async\" class=\"alignright size-thumbnail wp-image-16212\" src=\"https:\/\/sven-ove.nu\/wp-content\/uploads\/2016\/11\/August-Palm-150x150.jpg\" alt=\"august-palm\" width=\"150\" height=\"150\" \/><\/a>Gustav II Adolf? Nej knappast, den f\u00e5r andra fira. Min hette <span style=\"color: #ff0000;\"><strong><a style=\"color: #ff0000;\" href=\"http:\/\/www.arbark.se\/2009\/11\/hvad-vil-sosial-demokraterna\/\">August<\/a><\/strong><\/span>. Jag s\u00e4ger bara: stora salen p\u00e5 Hotell Stockholm i Malm\u00f6 f\u00f6r 135 \u00e5r sedan i dag.<\/p>\n<p><em>\u201d\u2026 \u00e4r det inte rysligt att t\u00e4nka sig att medan ladorna och magasinerna \u00e4r fulla af spanm\u00e5l s\u00e5 gives d\u00e4r m\u00e5nga som lider hunger\u201d.<\/em><\/p>\n<p><em>\u201d\u2026 arbetet det \u00e4r arbetarens endaste egendom, d\u00e4rf\u00f6r vill vi att s\u00e5dana lagar skall vidtagas som beskyddar arbetarens endaste egendom, n\u00e4mligen hans arbetskraft\u201d.<\/em><\/p>\n<p><em>\u2026 ja \u00e4r det inte rysligt att t\u00e4nka sig att medan arbetaren han frambringar alla v\u00e4rden s\u00e5 lider han \/\u2026\/ n\u00f6d, men eder plikt arbetare, b\u00e5de m\u00e4n och kvinnor, \u00e4r det att sluta eder samman\u201d.<\/em><\/p>\n<p>Tack f\u00f6r allt ditt slit l\u00e4ngs v\u00e4garna, M\u00e4ster Palm.<br \/>\nNu beh\u00f6ver vi dig igen.<\/p>\n<p style=\"padding-left: 30px;\"><strong><br \/>\nL\u00e4nk<\/strong>:<br \/>\n<em><span style=\"color: #ff0000;\"><a style=\"color: #ff0000;\" href=\"http:\/\/www.arbark.se\/dokument\/temp\/palm-hvad-vil-sosial-demokraterna.pdf\">Facsimil p\u00e5 det handskrivna manuskriptet fr\u00e5n 6 november 1881<\/a><\/span><\/em><\/p>\n<p><span style=\"color: #0000ff;\"><a style=\"color: #0000ff;\" href=\"https:\/\/sven-ove.nu\/\">Hem<\/a><\/span>\u00a0|\u00a0<span style=\"color: #0000ff;\"><a style=\"color: #0000ff;\" href=\"https:\/\/sven-ove.nu\/?page_id=170\">Om mig<\/a><\/span>\u00a0|\u00a0<span style=\"color: #0000ff;\"><a style=\"color: #0000ff;\" href=\"https:\/\/sven-ove.nu\/?page_id=1385\">Skriva &amp; prata<\/a><\/span>\u00a0|\u00a0<span style=\"color: #0000ff;\"><a style=\"color: #0000ff;\" href=\"https:\/\/sven-ove.nu\/?page_id=100\">Politik<\/a><\/span>\u00a0|\u00a0<span style=\"color: #0000ff;\"><a style=\"color: #0000ff;\" href=\"https:\/\/sven-ove.nu\/?page_id=102\">L\u00f6pa<\/a><\/span>\u00a0|\u00a0<span style=\"color: #0000ff;\"><a style=\"color: #0000ff;\" href=\"https:\/\/sven-ove.nu\/?page_id=108\">Viktor Root<\/a><\/span>\u00a0| <a href=\"https:\/\/sven-ove.nu\/?page_id=15908\"><span style=\"color: #0000ff;\">Firman<\/span>\u00a0<\/a>|\u00a0<span style=\"color: #0000ff;\"><a style=\"color: #0000ff;\" href=\"https:\/\/sven-ove.nu\/?page_id=15638\">K\u00f4ppra<\/a><\/span><\/p>\n","protected":false},"excerpt":{"rendered":"<p>6 november. I dag firar jag en energisk karl som betytt mycket f\u00f6r svenska\u00a0arbetare. Gustav II Adolf? Nej knappast, den f\u00e5r andra fira. Min hette August. Jag s\u00e4ger bara: stora salen p\u00e5 Hotell Stockholm i Malm\u00f6 f\u00f6r 135 \u00e5r sedan i dag. \u201d\u2026 \u00e4r det inte rysligt att t\u00e4nka sig att medan ladorna och magasinerna &hellip; <a href=\"https:\/\/sven-ove.nu\/?p=16204\" class=\"more-link\">Forts\u00e4tt l\u00e4sa <span class=\"screen-reader-text\">M\u00e4ster Skr\u00e4ddares dag<\/span><\/a><\/p>\n","protected":false},"author":1,"featured_media":0,"comment_status":"open","ping_status":"open","sticky":false,"template":"","format":"standard","meta":{"_crdt_document":"","_monsterinsights_skip_tracking":false,"_monsterinsights_sitenote_active":false,"_monsterinsights_sitenote_note":"","_monsterinsights_sitenote_category":0,"footnotes":""},"categories":[9],"tags":[3,8,18,20,17],"class_list":["post-16204","post","type-post","status-publish","format-standard","hentry","category-politik","tag-arbete","tag-historia","tag-lardomar","tag-rad","tag-solidaritet"],"_links":{"self":[{"href":"https:\/\/sven-ove.nu\/index.php?rest_route=\/wp\/v2\/posts\/16204","targetHints":{"allow":["GET"]}}],"collection":[{"href":"https:\/\/sven-ove.nu\/index.php?rest_route=\/wp\/v2\/posts"}],"about":[{"href":"https:\/\/sven-ove.nu\/index.php?rest_route=\/wp\/v2\/types\/post"}],"author":[{"embeddable":true,"href":"https:\/\/sven-ove.nu\/index.php?rest_route=\/wp\/v2\/users\/1"}],"replies":[{"embeddable":true,"href":"https:\/\/sven-ove.nu\/index.php?rest_route=%2Fwp%2Fv2%2Fcomments&post=16204"}],"version-history":[{"count":15,"href":"https:\/\/sven-ove.nu\/index.php?rest_route=\/wp\/v2\/posts\/16204\/revisions"}],"predecessor-version":[{"id":16222,"href":"https:\/\/sven-ove.nu\/index.php?rest_route=\/wp\/v2\/posts\/16204\/revisions\/16222"}],"wp:attachment":[{"href":"https:\/\/sven-ove.nu\/index.php?rest_route=%2Fwp%2Fv2%2Fmedia&parent=16204"}],"wp:term":[{"taxonomy":"category","embeddable":true,"href":"https:\/\/sven-ove.nu\/index.php?rest_route=%2Fwp%2Fv2%2Fcategories&post=16204"},{"taxonomy":"post_tag","embeddable":true,"href":"https:\/\/sven-ove.nu\/index.php?rest_route=%2Fwp%2Fv2%2Ftags&post=16204"}],"curies":[{"name":"wp","href":"https:\/\/api.w.org\/{rel}","templated":true}]}}