{"id":16229,"date":"2016-11-08T03:00:02","date_gmt":"2016-11-08T02:00:02","guid":{"rendered":"http:\/\/sven-ove.nu\/?p=16229"},"modified":"2016-11-07T18:50:52","modified_gmt":"2016-11-07T17:50:52","slug":"tidrapport","status":"publish","type":"post","link":"https:\/\/sven-ove.nu\/?p=16229","title":{"rendered":"Tidrapport"},"content":{"rendered":"<p><a href=\"https:\/\/sven-ove.nu\/wp-content\/uploads\/2013\/06\/nils_holgersson_130520_9162_copy.jpg\"><img loading=\"lazy\" decoding=\"async\" class=\"size-medium wp-image-5976 alignnone\" src=\"https:\/\/sven-ove.nu\/wp-content\/uploads\/2013\/06\/nils_holgersson_130520_9162_copy-199x300.jpg\" alt=\"nils_holgersson_130520_9162_copy\" width=\"199\" height=\"300\" srcset=\"https:\/\/sven-ove.nu\/wp-content\/uploads\/2013\/06\/nils_holgersson_130520_9162_copy-199x300.jpg 199w, https:\/\/sven-ove.nu\/wp-content\/uploads\/2013\/06\/nils_holgersson_130520_9162_copy-682x1024.jpg 682w, https:\/\/sven-ove.nu\/wp-content\/uploads\/2013\/06\/nils_holgersson_130520_9162_copy.jpg 1333w\" sizes=\"auto, (max-width: 199px) 100vw, 199px\" \/><\/a><\/p>\n<p style=\"padding-left: 30px;\"><em>Foto: Per Hardestam<\/em><\/p>\n<p><strong>L\u00f6rdag<\/strong>. En s\u00e5n d\u00e4r dag n\u00e4r tankarna vill vara f\u00f6r sig sj\u00e4lva och h\u00e4nderna vill t\u00e4nda ljus.<\/p>\n<p>Nio\u00e5ring p\u00e5 bes\u00f6k ber\u00e4ttar att han hamnade p\u00e5 min blogg n\u00e4r han googlade p\u00e5 sina favoriter, V\u00e4stan\u00e5 teater. &#8221;Du hade ju skrivit om dom&#8221;.<\/p>\n<p>Nio \u00e5r.<\/p>\n<p><strong>S\u00f6ndag<\/strong>. Fryser n\u00e4r jag cyklar runt och s\u00e4tter upp tipspromenadfr\u00e5gorna vid friluftsg\u00e5rden, v\u00e4rms av gemenskapen kring kaffet och v\u00e5fflorna efter\u00e5t. &#8221;Jas\u00e5 hette telefonen Diavox, jag var s\u00e4ker p\u00e5 att det skulle vara Dialog&#8221;.<\/p>\n<p><strong>M\u00e5ndag<\/strong>. Springer med eftert\u00e4nksamma steg bort\u00e5t Haget, bland dansande blyga sn\u00f6flingor. Blyg sj\u00e4lv vet jag hur de menar.<\/p>\n<p><strong>Tisdag<\/strong>.\u00a0V\u00e4ntar<\/p>\n<p>&nbsp;<\/p>\n<p style=\"padding-left: 30px;\"><em><strong><span style=\"color: #0000ff;\">###<\/span><\/strong>\u00a0N\u00e5got av de h\u00e4r inl\u00e4ggen om V\u00e4stan\u00e5 teater var det han hittade:<\/em><br \/>\n<span style=\"color: #ff6600;\"><em><a style=\"color: #ff6600;\" href=\"https:\/\/sven-ove.nu\/?p=5610\">Sveriges f\u00f6rsta v\u00e4rstingresa<br \/>\n<\/a><\/em><em><a style=\"color: #ff6600;\" href=\"https:\/\/sven-ove.nu\/?p=5633\">Nils Holgersson n\u00e4r bilarna brinner i Husby<br \/>\n<\/a><\/em><em><a style=\"color: #ff6600;\" href=\"https:\/\/sven-ove.nu\/?p=5770\">Ber\u00e4ttelsen om en lada som spelar teater<br \/>\n<\/a><\/em><em><a style=\"color: #ff6600;\" href=\"https:\/\/sven-ove.nu\/?p=5975\">Genrep och tamg\u00e5sen flyger<br \/>\n<\/a><\/em><em><a style=\"color: #ff6600;\" href=\"https:\/\/sven-ove.nu\/?p=12486\">L\u00f6pare anfallen i vilda skogen<\/a><\/em><\/span><\/p>\n<p><span style=\"color: #0000ff;\"><a style=\"color: #0000ff;\" href=\"https:\/\/sven-ove.nu\/\">Hem<\/a><\/span>\u00a0|\u00a0<span style=\"color: #0000ff;\"><a style=\"color: #0000ff;\" href=\"https:\/\/sven-ove.nu\/?page_id=170\">Om mig<\/a><\/span>\u00a0|\u00a0<span style=\"color: #0000ff;\"><a style=\"color: #0000ff;\" href=\"https:\/\/sven-ove.nu\/?page_id=1385\">Skriva &amp; prata<\/a><\/span>\u00a0|\u00a0<span style=\"color: #0000ff;\"><a style=\"color: #0000ff;\" href=\"https:\/\/sven-ove.nu\/?page_id=100\">Politik<\/a><\/span>\u00a0|\u00a0<span style=\"color: #0000ff;\"><a style=\"color: #0000ff;\" href=\"https:\/\/sven-ove.nu\/?page_id=102\">L\u00f6pa<\/a><\/span>\u00a0|\u00a0<span style=\"color: #0000ff;\"><a style=\"color: #0000ff;\" href=\"https:\/\/sven-ove.nu\/?page_id=108\">Viktor Root<\/a><\/span>\u00a0| <a href=\"https:\/\/sven-ove.nu\/?page_id=15908\"><span style=\"color: #0000ff;\">Firman<\/span>\u00a0<\/a>|\u00a0<span style=\"color: #0000ff;\"><a style=\"color: #0000ff;\" href=\"https:\/\/sven-ove.nu\/?page_id=15638\">K\u00f4ppra<\/a><\/span><\/p>\n<p>&nbsp;<\/p>\n","protected":false},"excerpt":{"rendered":"<p>Foto: Per Hardestam L\u00f6rdag. En s\u00e5n d\u00e4r dag n\u00e4r tankarna vill vara f\u00f6r sig sj\u00e4lva och h\u00e4nderna vill t\u00e4nda ljus. Nio\u00e5ring p\u00e5 bes\u00f6k ber\u00e4ttar att han hamnade p\u00e5 min blogg n\u00e4r han googlade p\u00e5 sina favoriter, V\u00e4stan\u00e5 teater. &#8221;Du hade ju skrivit om dom&#8221;. Nio \u00e5r. S\u00f6ndag. Fryser n\u00e4r jag cyklar runt och s\u00e4tter upp &hellip; <a href=\"https:\/\/sven-ove.nu\/?p=16229\" class=\"more-link\">Forts\u00e4tt l\u00e4sa <span class=\"screen-reader-text\">Tidrapport<\/span><\/a><\/p>\n","protected":false},"author":1,"featured_media":0,"comment_status":"open","ping_status":"open","sticky":false,"template":"","format":"standard","meta":{"_crdt_document":"","_monsterinsights_skip_tracking":false,"_monsterinsights_sitenote_active":false,"_monsterinsights_sitenote_note":"","_monsterinsights_sitenote_category":0,"footnotes":""},"categories":[10,28,5,6,1],"tags":[24],"class_list":["post-16229","post","type-post","status-publish","format-standard","hentry","category-familjen","category-kreativt-folk","category-lopning","category-natur","category-uncategorized","tag-karlek"],"_links":{"self":[{"href":"https:\/\/sven-ove.nu\/index.php?rest_route=\/wp\/v2\/posts\/16229","targetHints":{"allow":["GET"]}}],"collection":[{"href":"https:\/\/sven-ove.nu\/index.php?rest_route=\/wp\/v2\/posts"}],"about":[{"href":"https:\/\/sven-ove.nu\/index.php?rest_route=\/wp\/v2\/types\/post"}],"author":[{"embeddable":true,"href":"https:\/\/sven-ove.nu\/index.php?rest_route=\/wp\/v2\/users\/1"}],"replies":[{"embeddable":true,"href":"https:\/\/sven-ove.nu\/index.php?rest_route=%2Fwp%2Fv2%2Fcomments&post=16229"}],"version-history":[{"count":7,"href":"https:\/\/sven-ove.nu\/index.php?rest_route=\/wp\/v2\/posts\/16229\/revisions"}],"predecessor-version":[{"id":16253,"href":"https:\/\/sven-ove.nu\/index.php?rest_route=\/wp\/v2\/posts\/16229\/revisions\/16253"}],"wp:attachment":[{"href":"https:\/\/sven-ove.nu\/index.php?rest_route=%2Fwp%2Fv2%2Fmedia&parent=16229"}],"wp:term":[{"taxonomy":"category","embeddable":true,"href":"https:\/\/sven-ove.nu\/index.php?rest_route=%2Fwp%2Fv2%2Fcategories&post=16229"},{"taxonomy":"post_tag","embeddable":true,"href":"https:\/\/sven-ove.nu\/index.php?rest_route=%2Fwp%2Fv2%2Ftags&post=16229"}],"curies":[{"name":"wp","href":"https:\/\/api.w.org\/{rel}","templated":true}]}}