{"id":16276,"date":"2016-11-10T03:00:46","date_gmt":"2016-11-10T02:00:46","guid":{"rendered":"http:\/\/sven-ove.nu\/?p=16276"},"modified":"2020-11-10T12:09:39","modified_gmt":"2020-11-10T11:09:39","slug":"glom-aldrig-mer-de-glomda","status":"publish","type":"post","link":"https:\/\/sven-ove.nu\/?p=16276","title":{"rendered":"Gl\u00f6m aldrig mer de gl\u00f6mda"},"content":{"rendered":"<blockquote><p>(2016)<\/p>\n<p>&#8211; De gl\u00f6mda m\u00e4nnen och kvinnorna i v\u00e5rt land kommer inte att vara gl\u00f6mda l\u00e4ngre.<\/p>\n<p>Det lovar Donald Trump i sitt segertal. Jag tror inte en sekund att han kommer att kunna h\u00e5lla sitt l\u00f6fte, men en sak har han anat. Tankarna i folkdjupet.<\/p><\/blockquote>\n<p>De gl\u00f6mdas tankar. Vreden och misstron.<\/p>\n<p>Naturligtvis \u00e4r det illa att han vann. Varf\u00f6r skulle han balansera sig nu, som n\u00e5gon sa? Varf\u00f6r skulle han d\u00f6lja sitt kvinnohat, sin rasism, sin ilska mot flyktingar, minoriteter och medier n\u00e4r han blir v\u00e4rldens m\u00e4ktigaste? Snus \u00e4r snus och strunt \u00e4r strunt, om \u00e4n i ovala rum.<\/p>\n<p>\u00c4nd\u00e5 kan vi l\u00e4ra av Donald Trumps framg\u00e5ng. Den l\u00e4rdomen handlar om att vi m\u00e5ste sluta se hans v\u00e4ljare (eller Sverigedemokraternas) genom v\u00e5ra v\u00e4rsta generaliseringsglas\u00f6gon. H\u00e4lften av USA:s v\u00e4ljare \u00e4r inte idioter. N\u00e4ra 17 procent av tillfr\u00e5gade svenskar, som avsl\u00f6jar sina SD-sympatier f\u00f6r SIFO, \u00e4r inte korkade. Inte allihop. Tror vi det \u00e4r vi kulturella rasister sj\u00e4lva.<\/p>\n<div class=\"UFICommentContent\">\n<p><span data-ft=\"{&quot;tn&quot;:&quot;K&quot;}\">&#8221;De som r\u00f6stade in Trump \u00e4r hj\u00e4rnd\u00f6da Rednecks&#8221; skriver n\u00e5gon\u00a0i en Facebooktr\u00e5d jag r\u00e5kar l\u00e4sa.\u00a0Den sortens i<\/span>diotst\u00e4mpel kommer aldrig att hj\u00e4lpa oss f\u00f6rst\u00e5 och f\u00f6r\u00e4ndra.<\/p>\n<p>Inte s\u00e5dana h\u00e4r bilder heller:<\/p>\n<p><a href=\"https:\/\/sven-ove.nu\/wp-content\/uploads\/2016\/11\/Korkad-bild.jpg\"><img loading=\"lazy\" decoding=\"async\" class=\"size-medium wp-image-16300 alignnone\" src=\"https:\/\/sven-ove.nu\/wp-content\/uploads\/2016\/11\/Korkad-bild-300x242.jpg\" alt=\"korkad-bild\" width=\"300\" height=\"242\" srcset=\"https:\/\/sven-ove.nu\/wp-content\/uploads\/2016\/11\/Korkad-bild-300x242.jpg 300w, https:\/\/sven-ove.nu\/wp-content\/uploads\/2016\/11\/Korkad-bild.jpg 359w\" sizes=\"auto, (max-width: 300px) 100vw, 300px\" \/><\/a><\/p>\n<p><strong>Tolv lager p\u00e5 kartan<br \/>\n<\/strong>F\u00f6r tv\u00e5 \u00e5r sedan <span style=\"color: #0000ff;\"><a style=\"color: #0000ff;\" href=\"https:\/\/sven-ove.nu\/?p=9776\">skrev jag<\/a><\/span> om olika lager man kunde l\u00e4gga p\u00e5 Sverigekartan. Jag har inte \u00e4ndrat mig:<\/p>\n<p style=\"padding-left: 30px;\"><em>Kanske borde vi g\u00f6ra n\u00e5gra stycken lager p\u00e5 kartan och se hur de sammanfaller? Ett antal SD-v\u00e4ljarnas och det spruckna Sveriges egna GIS-lager. Orsaken till de senaste veckornas antirasistiska f\u00f6rf\u00e4ran.<\/em><\/p>\n<p style=\"padding-left: 30px;\"><em>Det journalistiska gr\u00e4vjobbet vore v\u00e4rt att g\u00f6ra, misst\u00e4nker jag. F\u00f6rst l\u00e4gger du ut var det fr\u00e4mlingsfientliga partiet fick flest r\u00f6ster. Sedan l\u00e4gger du p\u00e5 ett nytt lager, var arbetsl\u00f6sheten \u00e4r h\u00f6g. Ytterligare tv\u00e5 lager visar utf\u00f6rs\u00e4kringarna och de l\u00e5nga sjukskrivningarna. Femte lagret handlar om var varg angripit och d\u00f6dat tamboskap de senaste fem \u00e5ren. Det sj\u00e4tte visar buss- och t\u00e5gh\u00e5llplatser d\u00e4r det slutat g\u00e5 n\u00e5gorlunda t\u00e4t trafik. Sjunde lagret visar skolor i glesbygd som \u00e4r hotade eller nyss lagts ner.<\/em><\/p>\n<p style=\"padding-left: 30px;\"><em>Har ni sv\u00e5ra myggangrepp? Vi g\u00f6r ett GIS-lager av det med. En viktig arbetsgivare f\u00f6r bygden som lagt ner? D\u00e4r har du nionde lagret. Nedlagda bensinmackar, v\u00e5rdcentraler och lanthandlar? Nu har vi tolv lager.<\/em><\/p>\n<p>(L\u00e4s g\u00e4rna hela det l\u00e5nga inl\u00e4gget, d\u00e4r lade jag ner min sj\u00e4l. Klicka p\u00e5 l\u00e4nken nedan).<\/p>\n<p><strong>Folktalare med visioner<br \/>\n<\/strong>I dag har jag insett att det finns fler lager att l\u00e4gga ut, men l\u00e5t oss b\u00f6rja med de tolv. D\u00e4r bor de gl\u00f6mda. De finns i Amerika med, de som Donald Trump var s\u00e5 mycket b\u00e4ttre \u00e4n Hillary Clinton p\u00e5 att f\u00e5nga.<\/p>\n<p>Han har inte r\u00e4tt men han var en b\u00e4ttre demagog. Demagoger beh\u00f6ver vi inga, d\u00e4remot g\u00e4rna en och annan talf\u00f6r kvinna eller man med visioner. Vi har f\u00f6r ont om fram\u00e5tblickande folktalare p\u00e5 den h\u00e4r kanten. Det kan inte vara meningen att Jimmie \u00c5kesson ska st\u00e5 f\u00f6r visionen, framtidstron, i svensk politik.<\/p>\n<p><strong>Nederlag f\u00f6r journalistiken<br \/>\n<\/strong>Inom amerikanska medier ser vissa den g\u00e5ngna valbevakningen som en l\u00e4xa \u00e4ven f\u00f6r journalistiken. Jag tror de har r\u00e4tt. L\u00e4xan de talar om \u00e4r att media inte borde ha l\u00e5tit sig luras av spektakul\u00e4ra utspel f\u00f6r att s\u00e4lja l\u00f6snummer och samla klick. Press, radio och tv borde ha satsat p\u00e5 faktagranskning i st\u00e4llet. De borde ha tagit folks vrede och misstro p\u00e5 allvar. De med.<\/p>\n<p>V\u00e4nta, k\u00e4nns inte detta igen fr\u00e5n den politiska bevakningen ocks\u00e5 i Sverige? Klickjakt i st\u00e4llet f\u00f6r kontinuitet, spektakel i st\u00e4llet f\u00f6r upplysning. Vad var det vi sa p\u00e5 redaktionerna f\u00f6rr?<\/p>\n<p>&#8211; Hur h\u00e4r?<\/p>\n<p><strong>Myterna ser de sannerligen<br \/>\n<\/strong>Har inte m\u00e5nga svenska medier ocks\u00e5 gjort ett d\u00e5ligt jobb som faktagranskare? N\u00e4r s\u00e5g du till exempel senast ett genomarbetat nyhetsreportage i din dagstidning om den l\u00e5ga dagers\u00e4ttning en flykting f\u00e5r?<\/p>\n<p>S\u00f6ker du asyl i Sverige, och inte kan f\u00f6rs\u00f6rja dig, har du r\u00e4tt till dagers\u00e4ttning medan du v\u00e4ntar p\u00e5 beslut. Bor du p\u00e5 en av Migrationsverkets anl\u00e4ggningar d\u00e4r maten ing\u00e5r \u00e4r dagers\u00e4ttningen <strong>24 kr<\/strong> om du \u00e4r vuxen ensamst\u00e5ende.<strong> 19 kr<\/strong> om du delar hush\u00e5ll. Har du eget hush\u00e5ll och sk\u00f6ter matink\u00f6pen sj\u00e4lv \u00e4r dagers\u00e4ttningen <strong>71 kr<\/strong> om du \u00e4r vuxen ensamst\u00e5ende, <strong>61 kr<\/strong> om du \u00e4r vuxen och delar boende. Pengarna ska r\u00e4cka till maten (i det senare fallet) men ocks\u00e5 till kl\u00e4der och skor, sjukv\u00e5rd och medicin, tandv\u00e5rd, hygienartiklar, andra f\u00f6rbrukningsvaror och fritidsaktiviteter. (K\u00e4lla: migrationsinfo.se).<\/p>\n<p>Myterna ser folk varenda dag, de finns ett klick bort. Bor du d\u00e5 i din egen <span style=\"color: #0000ff;\"><a style=\"color: #0000ff;\" href=\"https:\/\/www.facebook.com\/svt\/videos\/1278934345482484\/\" target=\"_blank\" rel=\"noopener noreferrer\">filterbubbla<\/a><\/span> \u00e4r det l\u00e4tt att du bara hittar det du redan visste att du trodde var sant, fast det inte var en krona r\u00e4tt.<\/p>\n<p><strong>R\u00f6j undan<br \/>\n<\/strong>S\u00e5 vad g\u00f6r vi och v\u00e5ra amerikanska v\u00e4nner? Enkelt. Vi b\u00f6rjar ett m\u00f6dosamt arbete med att undanr\u00f6ja orsakerna till populismens framg\u00e5ngar. Det kommer att ta ett tag och v\u00e4rst blir det i Amerika. Jag pratar om vita kr\u00e4nkta m\u00e4n (suck, hur botar man en s\u00e5n?) \u00a0men ocks\u00e5 om klyftor.<\/p>\n<p>Klyftan mellan fattig och rik.<br \/>\nKlyftan mellan arbetsl\u00f6s och kvartalskapitalist.<br \/>\nKlyftan mellan glesbygd och centrum.<\/p>\n<p>Det finns fler sprickor, du vet vilka. Gl\u00f6mda m\u00e4nniskor som k\u00e4nner sig obeh\u00f6vda hittar du l\u00e4ngs m\u00e5nga gator och grusv\u00e4gar, om du bara v\u00e5gar se.<\/p>\n<p>G\u00f6r det.<br \/>\nSe.<\/p>\n<p>Det kallas solidaritet.<\/p>\n<ul>\n<li><strong><span style=\"color: #000000;\">MINA BEK\u00c4NNELSER<\/span><\/strong><em><strong><br \/>\n<\/strong><\/em><em><em><span style=\"color: #ff0000;\"><a style=\"color: #ff0000;\" href=\"https:\/\/sven-ove.nu\/?p=9776\">Samtida bek\u00e4nnelser av en milj\u00f6v\u00e4n som gillar m\u00e5ngfald<\/a><\/span> (Svenssons sl\u00e4ng, 21 oktober 2014)<\/em><\/em><\/li>\n<li><span style=\"color: #000000;\"><strong>FAKTA<\/strong><\/span><br \/>\n<em><span style=\"color: #ff0000;\"> <a style=\"color: #ff0000;\" href=\"http:\/\/www.migrationsinfo.se\/fragor-och-svar\/hur-mycket-pengar-far-flyktingar\/\">Hur mycket pengar f\u00e5r flyktingar<\/a><\/span> (Migrationsinfo.se)<\/em><br \/>\n<em><span style=\"color: #ff0000;\"> <a style=\"color: #ff0000;\" href=\"http:\/\/www.migrationsverket.se\/Privatpersoner\/Skydd-och-asyl-i-Sverige\/Medan-du-vantar\/Ekonomiskt-stod.html\">Ekonomiskt st\u00f6d f\u00f6r asyls\u00f6kande<\/a><\/span> (Migrationsverket)<\/em><\/li>\n<\/ul>\n<p><span style=\"color: #0000ff;\"><a style=\"color: #0000ff;\" href=\"https:\/\/sven-ove.nu\/\">Hem<\/a><\/span>\u00a0|\u00a0<span style=\"color: #0000ff;\"><a style=\"color: #0000ff;\" href=\"https:\/\/sven-ove.nu\/?page_id=170\">Om mig<\/a><\/span>\u00a0|\u00a0<span style=\"color: #0000ff;\"><a style=\"color: #0000ff;\" href=\"https:\/\/sven-ove.nu\/?page_id=1385\">Skriva &amp; prata<\/a><\/span>\u00a0|\u00a0<span style=\"color: #0000ff;\"><a style=\"color: #0000ff;\" href=\"https:\/\/sven-ove.nu\/?page_id=100\">Politik<\/a><\/span>\u00a0|\u00a0<span style=\"color: #0000ff;\"><a style=\"color: #0000ff;\" href=\"https:\/\/sven-ove.nu\/?page_id=102\">L\u00f6pa<\/a><\/span>\u00a0|\u00a0<span style=\"color: #0000ff;\"><a style=\"color: #0000ff;\" href=\"https:\/\/sven-ove.nu\/?page_id=108\">Viktor Root<\/a><\/span>\u00a0| <a href=\"https:\/\/sven-ove.nu\/?page_id=15908\"><span style=\"color: #0000ff;\">Firman<\/span>\u00a0<\/a>|\u00a0<span style=\"color: #0000ff;\"><a style=\"color: #0000ff;\" href=\"https:\/\/sven-ove.nu\/?page_id=15638\">K\u00f4ppra<\/a><\/span><\/p>\n<\/div>\n","protected":false},"excerpt":{"rendered":"<p>(2016) &#8211; De gl\u00f6mda m\u00e4nnen och kvinnorna i v\u00e5rt land kommer inte att vara gl\u00f6mda l\u00e4ngre. Det lovar Donald Trump i sitt segertal. Jag tror inte en sekund att han kommer att kunna h\u00e5lla sitt l\u00f6fte, men en sak har han anat. Tankarna i folkdjupet. De gl\u00f6mdas tankar. Vreden och misstron. Naturligtvis \u00e4r det illa &hellip; <a href=\"https:\/\/sven-ove.nu\/?p=16276\" class=\"more-link\">Forts\u00e4tt l\u00e4sa <span class=\"screen-reader-text\">Gl\u00f6m aldrig mer de gl\u00f6mda<\/span><\/a><\/p>\n","protected":false},"author":1,"featured_media":16283,"comment_status":"open","ping_status":"open","sticky":false,"template":"","format":"standard","meta":{"_crdt_document":"","_monsterinsights_skip_tracking":false,"_monsterinsights_sitenote_active":false,"_monsterinsights_sitenote_note":"","_monsterinsights_sitenote_category":0,"footnotes":""},"categories":[9],"tags":[25,18,15,13],"class_list":["post-16276","post","type-post","status-publish","format-standard","has-post-thumbnail","hentry","category-politik","tag-kartan","tag-lardomar","tag-mediedjungeln","tag-utrustning"],"_links":{"self":[{"href":"https:\/\/sven-ove.nu\/index.php?rest_route=\/wp\/v2\/posts\/16276","targetHints":{"allow":["GET"]}}],"collection":[{"href":"https:\/\/sven-ove.nu\/index.php?rest_route=\/wp\/v2\/posts"}],"about":[{"href":"https:\/\/sven-ove.nu\/index.php?rest_route=\/wp\/v2\/types\/post"}],"author":[{"embeddable":true,"href":"https:\/\/sven-ove.nu\/index.php?rest_route=\/wp\/v2\/users\/1"}],"replies":[{"embeddable":true,"href":"https:\/\/sven-ove.nu\/index.php?rest_route=%2Fwp%2Fv2%2Fcomments&post=16276"}],"version-history":[{"count":38,"href":"https:\/\/sven-ove.nu\/index.php?rest_route=\/wp\/v2\/posts\/16276\/revisions"}],"predecessor-version":[{"id":22944,"href":"https:\/\/sven-ove.nu\/index.php?rest_route=\/wp\/v2\/posts\/16276\/revisions\/22944"}],"wp:featuredmedia":[{"embeddable":true,"href":"https:\/\/sven-ove.nu\/index.php?rest_route=\/wp\/v2\/media\/16283"}],"wp:attachment":[{"href":"https:\/\/sven-ove.nu\/index.php?rest_route=%2Fwp%2Fv2%2Fmedia&parent=16276"}],"wp:term":[{"taxonomy":"category","embeddable":true,"href":"https:\/\/sven-ove.nu\/index.php?rest_route=%2Fwp%2Fv2%2Fcategories&post=16276"},{"taxonomy":"post_tag","embeddable":true,"href":"https:\/\/sven-ove.nu\/index.php?rest_route=%2Fwp%2Fv2%2Ftags&post=16276"}],"curies":[{"name":"wp","href":"https:\/\/api.w.org\/{rel}","templated":true}]}}