{"id":16326,"date":"2016-11-11T03:00:25","date_gmt":"2016-11-11T02:00:25","guid":{"rendered":"http:\/\/sven-ove.nu\/?p=16326"},"modified":"2016-11-11T16:04:37","modified_gmt":"2016-11-11T15:04:37","slug":"tredje-strangen","status":"publish","type":"post","link":"https:\/\/sven-ove.nu\/?p=16326","title":{"rendered":"Tredje str\u00e4ngen"},"content":{"rendered":"<p>Tre str\u00e4ngar p\u00e5 min lyra. Jag kan vissla som en visselpipa och f\u00e5 m\u00f6ten att dra ut p\u00e5 tiden. Den tredje har jag gl\u00f6mt.<\/p>\n<p>&#8230; jo just det. Jag gl\u00f6mmer fortare \u00e4n min egen skugga.<\/p>\n<p style=\"padding-left: 30px;\">*<\/p>\n<p>I morgon ska jag upptr\u00e4da vid boksl\u00e4ppet f\u00f6r V\u00e4rml\u00e4ndska F\u00f6rfattars\u00e4llskapets nya antologi V\u00e4rmlandsv\u00e4gar. Stadsbiblioteket i Karlstad, 13.00.<\/p>\n<p>Det kommer jag ih\u00e5g.<br \/>\nEn novell var det, va&#8217;?<\/p>\n<p>L\u00e4ser jag fort hinner jag hela.<\/p>\n<p><a href=\"https:\/\/sven-ove.nu\/wp-content\/uploads\/2016\/11\/Boksl\u00e4pp.001.jpeg\"><img loading=\"lazy\" decoding=\"async\" class=\"alignright size-large wp-image-16333\" src=\"https:\/\/sven-ove.nu\/wp-content\/uploads\/2016\/11\/Boksl\u00e4pp.001-1024x768.jpeg\" alt=\"bokslapp-001\" width=\"660\" height=\"495\" srcset=\"https:\/\/sven-ove.nu\/wp-content\/uploads\/2016\/11\/Boksl\u00e4pp.001.jpeg 1024w, https:\/\/sven-ove.nu\/wp-content\/uploads\/2016\/11\/Boksl\u00e4pp.001-300x225.jpeg 300w\" sizes=\"auto, (max-width: 660px) 100vw, 660px\" \/><\/a><\/p>\n<p><span style=\"color: #0000ff;\"><a style=\"color: #0000ff;\" href=\"https:\/\/sven-ove.nu\/\">Hem<\/a><\/span>\u00a0|\u00a0<span style=\"color: #0000ff;\"><a style=\"color: #0000ff;\" href=\"https:\/\/sven-ove.nu\/?page_id=170\">Om mig<\/a><\/span>\u00a0|\u00a0<span style=\"color: #0000ff;\"><a style=\"color: #0000ff;\" href=\"https:\/\/sven-ove.nu\/?page_id=1385\">Skriva &amp; prata<\/a><\/span>\u00a0|\u00a0<span style=\"color: #0000ff;\"><a style=\"color: #0000ff;\" href=\"https:\/\/sven-ove.nu\/?page_id=100\">Politik<\/a><\/span>\u00a0|\u00a0<span style=\"color: #0000ff;\"><a style=\"color: #0000ff;\" href=\"https:\/\/sven-ove.nu\/?page_id=102\">L\u00f6pa<\/a><\/span>\u00a0|\u00a0<span style=\"color: #0000ff;\"><a style=\"color: #0000ff;\" href=\"https:\/\/sven-ove.nu\/?page_id=108\">Viktor Root<\/a><\/span>\u00a0| <a href=\"https:\/\/sven-ove.nu\/?page_id=15908\"><span style=\"color: #0000ff;\">Firman<\/span>\u00a0<\/a>|\u00a0<span style=\"color: #0000ff;\"><a style=\"color: #0000ff;\" href=\"https:\/\/sven-ove.nu\/?page_id=15638\">K\u00f4ppra<\/a><\/span><\/p>\n","protected":false},"excerpt":{"rendered":"<p>Tre str\u00e4ngar p\u00e5 min lyra. Jag kan vissla som en visselpipa och f\u00e5 m\u00f6ten att dra ut p\u00e5 tiden. Den tredje har jag gl\u00f6mt. &#8230; jo just det. Jag gl\u00f6mmer fortare \u00e4n min egen skugga. * I morgon ska jag upptr\u00e4da vid boksl\u00e4ppet f\u00f6r V\u00e4rml\u00e4ndska F\u00f6rfattars\u00e4llskapets nya antologi V\u00e4rmlandsv\u00e4gar. Stadsbiblioteket i Karlstad, 13.00. Det kommer &hellip; <a href=\"https:\/\/sven-ove.nu\/?p=16326\" class=\"more-link\">Forts\u00e4tt l\u00e4sa <span class=\"screen-reader-text\">Tredje str\u00e4ngen<\/span><\/a><\/p>\n","protected":false},"author":1,"featured_media":0,"comment_status":"open","ping_status":"open","sticky":false,"template":"","format":"standard","meta":{"_crdt_document":"","_monsterinsights_skip_tracking":false,"_monsterinsights_sitenote_active":false,"_monsterinsights_sitenote_note":"","_monsterinsights_sitenote_category":0,"footnotes":""},"categories":[4],"tags":[21],"class_list":["post-16326","post","type-post","status-publish","format-standard","hentry","category-skrivande","tag-ord"],"_links":{"self":[{"href":"https:\/\/sven-ove.nu\/index.php?rest_route=\/wp\/v2\/posts\/16326","targetHints":{"allow":["GET"]}}],"collection":[{"href":"https:\/\/sven-ove.nu\/index.php?rest_route=\/wp\/v2\/posts"}],"about":[{"href":"https:\/\/sven-ove.nu\/index.php?rest_route=\/wp\/v2\/types\/post"}],"author":[{"embeddable":true,"href":"https:\/\/sven-ove.nu\/index.php?rest_route=\/wp\/v2\/users\/1"}],"replies":[{"embeddable":true,"href":"https:\/\/sven-ove.nu\/index.php?rest_route=%2Fwp%2Fv2%2Fcomments&post=16326"}],"version-history":[{"count":6,"href":"https:\/\/sven-ove.nu\/index.php?rest_route=\/wp\/v2\/posts\/16326\/revisions"}],"predecessor-version":[{"id":16336,"href":"https:\/\/sven-ove.nu\/index.php?rest_route=\/wp\/v2\/posts\/16326\/revisions\/16336"}],"wp:attachment":[{"href":"https:\/\/sven-ove.nu\/index.php?rest_route=%2Fwp%2Fv2%2Fmedia&parent=16326"}],"wp:term":[{"taxonomy":"category","embeddable":true,"href":"https:\/\/sven-ove.nu\/index.php?rest_route=%2Fwp%2Fv2%2Fcategories&post=16326"},{"taxonomy":"post_tag","embeddable":true,"href":"https:\/\/sven-ove.nu\/index.php?rest_route=%2Fwp%2Fv2%2Ftags&post=16326"}],"curies":[{"name":"wp","href":"https:\/\/api.w.org\/{rel}","templated":true}]}}