{"id":16391,"date":"2016-11-18T10:47:27","date_gmt":"2016-11-18T09:47:27","guid":{"rendered":"http:\/\/sven-ove.nu\/?p=16391"},"modified":"2016-11-18T11:02:28","modified_gmt":"2016-11-18T10:02:28","slug":"16391","status":"publish","type":"post","link":"https:\/\/sven-ove.nu\/?p=16391","title":{"rendered":"Hurra! Ett jubileumsbloggjogginl\u00e4gg!"},"content":{"rendered":"<p><a href=\"https:\/\/sven-ove.nu\/wp-content\/uploads\/2016\/11\/Sl\u00e4ngen.jpg\"><img loading=\"lazy\" decoding=\"async\" class=\"size-full wp-image-16395 alignnone\" src=\"https:\/\/sven-ove.nu\/wp-content\/uploads\/2016\/11\/Sl\u00e4ngen.jpg\" alt=\"slangen\" width=\"497\" height=\"237\" srcset=\"https:\/\/sven-ove.nu\/wp-content\/uploads\/2016\/11\/Sl\u00e4ngen.jpg 497w, https:\/\/sven-ove.nu\/wp-content\/uploads\/2016\/11\/Sl\u00e4ngen-300x143.jpg 300w\" sizes=\"auto, (max-width: 497px) 100vw, 497px\" \/><\/a><\/p>\n<blockquote><p>I f\u00f6rrg\u00e5r fyllde bloggen fem \u00e5r. Det jubileet skedde i tysthet, f\u00f6r jag hade annat att t\u00e4nka p\u00e5 och gl\u00f6mde hela saken.<\/p><\/blockquote>\n<p>En blogg om att \u201dskriva, springa, leva och f\u00f6r\u00e4ndra v\u00e4rlden\u201d kallar den sig. D\u00e4r visar vi att vi missf\u00f6rst\u00e5tt allting redan fr\u00e5n b\u00f6rjan, <strong>Svenssons sl\u00e4ng<\/strong> och jag. Vi g\u00f6r n\u00e4mligen alla fel som g\u00e5r.<\/p>\n<p>Vill du f\u00e5 m\u00e5nga bes\u00f6kare ska du skriva om ett enda \u00e4mne, inte drygt fyra. Nu riskerar du att tappa l\u00f6parna varje g\u00e5ng du skriver om skrivandet, skrivarna varje g\u00e5ng du skriver n\u00e5t argt politiskt och alla seri\u00f6sa n\u00e4r du skriver trams eller gulligheter.<\/p>\n<p><strong>Personlig, inte privat<br \/>\n<\/strong>Lugn. Jag vet. Det \u00e4r medvetet. Ville vi n\u00e5 hundra tusen, sl\u00e4ngen och jag, d\u00e5 skulle vi satsa p\u00e5 att n\u00e5 ut. Den delen har vi aldrig lagt ner s\u00e4rskilt mycket kraft p\u00e5. Jag vill vara en hel m\u00e4nniska i bloggen, det \u00e4r allt. Den h\u00e4r karlen gillar allt det d\u00e4r som st\u00e5r i mottot. D\u00e5 ska allt f\u00e5 sin plats i spalten ocks\u00e5 ibland, beroende p\u00e5 dagsform och hum\u00f6r.<\/p>\n<p>F\u00f6rsta m\u00e5lgruppen f\u00f6r plitandet \u00e4r alltid jag sj\u00e4lv.<\/p>\n<p>F\u00f6rsta regeln: g\u00e4rna personlig, aldrig f\u00f6r privat. Selfies och familjebilder f\u00e5r andra syssla med. Jag tar de bilderna med men g\u00f6mmer dem prydligt i mobil &amp; kameraminne. Mina sm\u00e5 har inte bett att f\u00e5 hamna p\u00e5 n\u00e4tet, inte min nuna heller.<\/p>\n<p><strong>I fosterst\u00e4llning<br \/>\n<\/strong>Det \u00e4r f\u00f6rresten fler \u00e4n vi kunde ana fr\u00e5n b\u00f6rjan som bes\u00f6ker sl\u00e4ngen. Alla gillar inte att gilla, alla finns inte ens p\u00e5 Facebook, de uppt\u00e4cker mina inl\u00e4gg i alla fall. Tack alla ni som hittar hit, tack f\u00f6r kommentarer p\u00e5 blogg, Facebook och i verkliga livet. Det samtalet \u00e4lskar jag.<\/p>\n<p style=\"padding-left: 30px;\"><em>\u2026 och n\u00e5gon enstaka g\u00e5ng ligger jag i fosterst\u00e4llning efter ett inl\u00e4gg som gjorde ont att skriva. Att en aldrig l\u00e4r sig. Att en aldrig vill l\u00e4ra sig.<\/em><\/p>\n<p>I kv\u00e4ll firar vi 5 \u00e5r &amp; 2-dagarsjubileum med tacos p\u00e5 bloggredaktionen. (Dvs den bl\u00e5 tv-f\u00e5t\u00f6ljen). I dag p\u00e5 f\u00f6rmiddagen stack bloggaren ut p\u00e5 en pigg jubileumsbloggjogg i v\u00e4rsta vattenf\u00e4rgsv\u00e4dret. Sl\u00e4ng dig i v\u00e4ggen Lars Lerin.<\/p>\n<p>Skorna luktar skog och lycka.<\/p>\n<p style=\"padding-left: 30px;\"><strong><em>L\u00e4nk<\/em><\/strong><em>:<br \/>\n<span style=\"color: #ff0000;\"><a style=\"color: #ff0000;\" href=\"https:\/\/sven-ove.nu\/?p=192\">F\u00f6rsta riktiga inl\u00e4gget, 16 november 2011<\/a><\/span><\/em><\/p>\n<p><span style=\"color: #0000ff;\"><a href=\"https:\/\/sven-ove.nu\/wp-content\/uploads\/2016\/11\/L\u00f6pgl\u00e4dje.jpg\"><img loading=\"lazy\" decoding=\"async\" class=\"alignright size-thumbnail wp-image-16394\" src=\"https:\/\/sven-ove.nu\/wp-content\/uploads\/2016\/11\/L\u00f6pgl\u00e4dje-150x150.jpg\" alt=\"lopgladje\" width=\"150\" height=\"150\" \/><\/a><a style=\"color: #0000ff;\" href=\"https:\/\/sven-ove.nu\/\">Hem<\/a><\/span>\u00a0|\u00a0<span style=\"color: #0000ff;\"><a style=\"color: #0000ff;\" href=\"https:\/\/sven-ove.nu\/?page_id=170\">Om mig<\/a><\/span>\u00a0|\u00a0<span style=\"color: #0000ff;\"><a style=\"color: #0000ff;\" href=\"https:\/\/sven-ove.nu\/?page_id=1385\">Skriva &amp; prata<\/a><\/span>\u00a0|\u00a0<span style=\"color: #0000ff;\"><a style=\"color: #0000ff;\" href=\"https:\/\/sven-ove.nu\/?page_id=100\">Politik<\/a><\/span>\u00a0|\u00a0<span style=\"color: #0000ff;\"><a style=\"color: #0000ff;\" href=\"https:\/\/sven-ove.nu\/?page_id=102\">L\u00f6pa<\/a><\/span>\u00a0|\u00a0<span style=\"color: #0000ff;\"><a style=\"color: #0000ff;\" href=\"https:\/\/sven-ove.nu\/?page_id=108\">Viktor Root<\/a><\/span>\u00a0| <a href=\"https:\/\/sven-ove.nu\/?page_id=15908\"><span style=\"color: #0000ff;\">Firman<\/span>\u00a0<\/a>|\u00a0<span style=\"color: #0000ff;\"><a style=\"color: #0000ff;\" href=\"https:\/\/sven-ove.nu\/?page_id=15638\">K\u00f4ppra<\/a><\/span><\/p>\n","protected":false},"excerpt":{"rendered":"<p>I f\u00f6rrg\u00e5r fyllde bloggen fem \u00e5r. Det jubileet skedde i tysthet, f\u00f6r jag hade annat att t\u00e4nka p\u00e5 och gl\u00f6mde hela saken. En blogg om att \u201dskriva, springa, leva och f\u00f6r\u00e4ndra v\u00e4rlden\u201d kallar den sig. D\u00e4r visar vi att vi missf\u00f6rst\u00e5tt allting redan fr\u00e5n b\u00f6rjan, Svenssons sl\u00e4ng och jag. Vi g\u00f6r n\u00e4mligen alla fel som &hellip; <a href=\"https:\/\/sven-ove.nu\/?p=16391\" class=\"more-link\">Forts\u00e4tt l\u00e4sa <span class=\"screen-reader-text\">Hurra! Ett jubileumsbloggjogginl\u00e4gg!<\/span><\/a><\/p>\n","protected":false},"author":1,"featured_media":0,"comment_status":"open","ping_status":"open","sticky":false,"template":"","format":"standard","meta":{"_crdt_document":"","_monsterinsights_skip_tracking":false,"_monsterinsights_sitenote_active":false,"_monsterinsights_sitenote_note":"","_monsterinsights_sitenote_category":0,"footnotes":""},"categories":[10,5,6,9,4],"tags":[8,24,18],"class_list":["post-16391","post","type-post","status-publish","format-standard","hentry","category-familjen","category-lopning","category-natur","category-politik","category-skrivande","tag-historia","tag-karlek","tag-lardomar"],"_links":{"self":[{"href":"https:\/\/sven-ove.nu\/index.php?rest_route=\/wp\/v2\/posts\/16391","targetHints":{"allow":["GET"]}}],"collection":[{"href":"https:\/\/sven-ove.nu\/index.php?rest_route=\/wp\/v2\/posts"}],"about":[{"href":"https:\/\/sven-ove.nu\/index.php?rest_route=\/wp\/v2\/types\/post"}],"author":[{"embeddable":true,"href":"https:\/\/sven-ove.nu\/index.php?rest_route=\/wp\/v2\/users\/1"}],"replies":[{"embeddable":true,"href":"https:\/\/sven-ove.nu\/index.php?rest_route=%2Fwp%2Fv2%2Fcomments&post=16391"}],"version-history":[{"count":5,"href":"https:\/\/sven-ove.nu\/index.php?rest_route=\/wp\/v2\/posts\/16391\/revisions"}],"predecessor-version":[{"id":16398,"href":"https:\/\/sven-ove.nu\/index.php?rest_route=\/wp\/v2\/posts\/16391\/revisions\/16398"}],"wp:attachment":[{"href":"https:\/\/sven-ove.nu\/index.php?rest_route=%2Fwp%2Fv2%2Fmedia&parent=16391"}],"wp:term":[{"taxonomy":"category","embeddable":true,"href":"https:\/\/sven-ove.nu\/index.php?rest_route=%2Fwp%2Fv2%2Fcategories&post=16391"},{"taxonomy":"post_tag","embeddable":true,"href":"https:\/\/sven-ove.nu\/index.php?rest_route=%2Fwp%2Fv2%2Ftags&post=16391"}],"curies":[{"name":"wp","href":"https:\/\/api.w.org\/{rel}","templated":true}]}}