{"id":16413,"date":"2016-11-21T03:00:41","date_gmt":"2016-11-21T02:00:41","guid":{"rendered":"http:\/\/sven-ove.nu\/?p=16413"},"modified":"2016-11-21T11:56:28","modified_gmt":"2016-11-21T10:56:28","slug":"dessa-tragiska-motestroll","status":"publish","type":"post","link":"https:\/\/sven-ove.nu\/?p=16413","title":{"rendered":"Dessa tragiska gubbtroll"},"content":{"rendered":"<p><a href=\"https:\/\/sven-ove.nu\/wp-content\/uploads\/2016\/11\/Sk\u00e4rmavbild-2016-11-20-kl.-12.08.30.png\"><img loading=\"lazy\" decoding=\"async\" class=\"alignright size-full wp-image-16416\" src=\"https:\/\/sven-ove.nu\/wp-content\/uploads\/2016\/11\/Sk\u00e4rmavbild-2016-11-20-kl.-12.08.30.png\" alt=\"skarmavbild-2016-11-20-kl-12-08-30\" width=\"366\" height=\"514\" srcset=\"https:\/\/sven-ove.nu\/wp-content\/uploads\/2016\/11\/Sk\u00e4rmavbild-2016-11-20-kl.-12.08.30.png 366w, https:\/\/sven-ove.nu\/wp-content\/uploads\/2016\/11\/Sk\u00e4rmavbild-2016-11-20-kl.-12.08.30-214x300.png 214w\" sizes=\"auto, (max-width: 366px) 100vw, 366px\" \/><\/a><\/p>\n<blockquote><p>Hela den h\u00e4r historien \u00e4r s\u00e5 himla rolig.<\/p><\/blockquote>\n<p>Du har s\u00e4kert st\u00f6tt p\u00e5 f\u00f6reteelsen du med. F\u00f6rst s\u00e4ger klok kvinna smart sak, sedan g\u00e5r trump\u00f6gd karl in och f\u00f6rklarar \u00f6verl\u00e4gset hur det egentligen ligger till, fast inte lika smart formulerat och inte h\u00e4lften s\u00e5 klokt f\u00f6rst\u00e5tt. (Men p\u00e5 n\u00e5got konstigt vis \u00e4nd\u00e5 med samma slutsats).<\/p>\n<p>Mansplaining. Korkade karlars s\u00e4tt att f\u00f6rminska kvinnor.<\/p>\n<p><strong>M-ordet<br \/>\n<\/strong>Ja. Ibland \u00e4r jag en j\u00e4dra besserwisser och ivrig sanningss\u00e4gare. Mmmm, jag misst\u00e4nker att jag gjort mig skyldig till m-ordet m\u00e5nga g\u00e5nger, suck. Att en aldrig l\u00e4r sig att vara tyst.<\/p>\n<p>Fast det finns gr\u00e4nser. Jag skulle aldrig komma p\u00e5 tanken att ringa till fackf\u00f6rbundet Unionens mansplainingjour och f\u00f6rs\u00f6ka f\u00f6rklara f\u00f6r beg\u00e5vade\u00a0kvinnor i luren vad mansplaining egentligen \u00e4r. L\u00e4\u00e4\u00e4\u00e4\u00e4\u00e4\u00e4\u00e4\u00e4nge.<\/p>\n<p><strong>Skaffa distans<br \/>\n<\/strong>Att ett g\u00e4ng karlar tydligen gjorde det \u00e4r s\u00e5 illa bedr\u00f6vligt dumt, n\u00e4rsynt och galghumoristiskt s\u00e5 jag n\u00e4stan bryter ihop. Det \u00e4r dags att ni skaffar er distans till er sj\u00e4lva, g\u00f4bber.<\/p>\n<p style=\"padding-left: 30px;\"><em>&#8211; V\u00e4nta lilla gumman, s\u00e5 ska jag f\u00f6rklara f\u00f6r dig vad distans betyder. Jo f\u00f6rst\u00e5r du, man tar\u2026<\/em><\/p>\n<p>Hela den h\u00e4r historien \u00e4r s\u00e5 himla tragisk.<\/p>\n<p><span style=\"color: #0000ff;\"><a style=\"color: #0000ff;\" href=\"https:\/\/sven-ove.nu\/\">Hem<\/a><\/span>\u00a0|\u00a0<span style=\"color: #0000ff;\"><a style=\"color: #0000ff;\" href=\"https:\/\/sven-ove.nu\/?page_id=170\">Om mig<\/a><\/span>\u00a0|\u00a0<span style=\"color: #0000ff;\"><a style=\"color: #0000ff;\" href=\"https:\/\/sven-ove.nu\/?page_id=1385\">Skriva &amp; prata<\/a><\/span>\u00a0|\u00a0<span style=\"color: #0000ff;\"><a style=\"color: #0000ff;\" href=\"https:\/\/sven-ove.nu\/?page_id=100\">Politik<\/a><\/span>\u00a0|\u00a0<span style=\"color: #0000ff;\"><a style=\"color: #0000ff;\" href=\"https:\/\/sven-ove.nu\/?page_id=102\">L\u00f6pa<\/a><\/span>\u00a0|\u00a0<span style=\"color: #0000ff;\"><a style=\"color: #0000ff;\" href=\"https:\/\/sven-ove.nu\/?page_id=108\">Viktor Root<\/a><\/span>\u00a0| <a href=\"https:\/\/sven-ove.nu\/?page_id=15908\"><span style=\"color: #0000ff;\">Firman<\/span>\u00a0<\/a>|\u00a0<span style=\"color: #0000ff;\"><a style=\"color: #0000ff;\" href=\"https:\/\/sven-ove.nu\/?page_id=15638\">K\u00f4ppra<\/a><\/span><\/p>\n","protected":false},"excerpt":{"rendered":"<p>Hela den h\u00e4r historien \u00e4r s\u00e5 himla rolig. Du har s\u00e4kert st\u00f6tt p\u00e5 f\u00f6reteelsen du med. F\u00f6rst s\u00e4ger klok kvinna smart sak, sedan g\u00e5r trump\u00f6gd karl in och f\u00f6rklarar \u00f6verl\u00e4gset hur det egentligen ligger till, fast inte lika smart formulerat och inte h\u00e4lften s\u00e5 klokt f\u00f6rst\u00e5tt. (Men p\u00e5 n\u00e5got konstigt vis \u00e4nd\u00e5 med samma slutsats). &hellip; <a href=\"https:\/\/sven-ove.nu\/?p=16413\" class=\"more-link\">Forts\u00e4tt l\u00e4sa <span class=\"screen-reader-text\">Dessa tragiska gubbtroll<\/span><\/a><\/p>\n","protected":false},"author":1,"featured_media":0,"comment_status":"open","ping_status":"open","sticky":false,"template":"","format":"standard","meta":{"_crdt_document":"","_monsterinsights_skip_tracking":false,"_monsterinsights_sitenote_active":false,"_monsterinsights_sitenote_note":"","_monsterinsights_sitenote_category":0,"footnotes":""},"categories":[9],"tags":[16,15,21],"class_list":["post-16413","post","type-post","status-publish","format-standard","hentry","category-politik","tag-dumheter","tag-mediedjungeln","tag-ord"],"_links":{"self":[{"href":"https:\/\/sven-ove.nu\/index.php?rest_route=\/wp\/v2\/posts\/16413","targetHints":{"allow":["GET"]}}],"collection":[{"href":"https:\/\/sven-ove.nu\/index.php?rest_route=\/wp\/v2\/posts"}],"about":[{"href":"https:\/\/sven-ove.nu\/index.php?rest_route=\/wp\/v2\/types\/post"}],"author":[{"embeddable":true,"href":"https:\/\/sven-ove.nu\/index.php?rest_route=\/wp\/v2\/users\/1"}],"replies":[{"embeddable":true,"href":"https:\/\/sven-ove.nu\/index.php?rest_route=%2Fwp%2Fv2%2Fcomments&post=16413"}],"version-history":[{"count":6,"href":"https:\/\/sven-ove.nu\/index.php?rest_route=\/wp\/v2\/posts\/16413\/revisions"}],"predecessor-version":[{"id":16430,"href":"https:\/\/sven-ove.nu\/index.php?rest_route=\/wp\/v2\/posts\/16413\/revisions\/16430"}],"wp:attachment":[{"href":"https:\/\/sven-ove.nu\/index.php?rest_route=%2Fwp%2Fv2%2Fmedia&parent=16413"}],"wp:term":[{"taxonomy":"category","embeddable":true,"href":"https:\/\/sven-ove.nu\/index.php?rest_route=%2Fwp%2Fv2%2Fcategories&post=16413"},{"taxonomy":"post_tag","embeddable":true,"href":"https:\/\/sven-ove.nu\/index.php?rest_route=%2Fwp%2Fv2%2Ftags&post=16413"}],"curies":[{"name":"wp","href":"https:\/\/api.w.org\/{rel}","templated":true}]}}