{"id":16432,"date":"2016-11-28T03:00:38","date_gmt":"2016-11-28T02:00:38","guid":{"rendered":"http:\/\/sven-ove.nu\/?p=16432"},"modified":"2016-11-25T12:25:09","modified_gmt":"2016-11-25T11:25:09","slug":"frustar-av-framtidslangtan-gor-listor","status":"publish","type":"post","link":"https:\/\/sven-ove.nu\/?p=16432","title":{"rendered":"Frustar av framtidsl\u00e4ngtan &#038; g\u00f6r listor"},"content":{"rendered":"<p><a href=\"https:\/\/sven-ove.nu\/wp-content\/uploads\/2016\/11\/Telefonkataloger.jpg\"><img loading=\"lazy\" decoding=\"async\" class=\"size-large wp-image-16436 alignnone\" src=\"https:\/\/sven-ove.nu\/wp-content\/uploads\/2016\/11\/Telefonkataloger-1024x1024.jpg\" alt=\"telefonkataloger\" width=\"660\" height=\"660\" srcset=\"https:\/\/sven-ove.nu\/wp-content\/uploads\/2016\/11\/Telefonkataloger-1024x1024.jpg 1024w, https:\/\/sven-ove.nu\/wp-content\/uploads\/2016\/11\/Telefonkataloger-150x150.jpg 150w, https:\/\/sven-ove.nu\/wp-content\/uploads\/2016\/11\/Telefonkataloger-300x300.jpg 300w, https:\/\/sven-ove.nu\/wp-content\/uploads\/2016\/11\/Telefonkataloger.jpg 1280w\" sizes=\"auto, (max-width: 660px) 100vw, 660px\" \/><\/a><\/p>\n<blockquote><p>L\u00e4ste i tidningen att Nordea ska l\u00e4gga ner v\u00e5rt kontor p\u00e5 orten. H\u00e4rom dagen fick vi r\u00e4kning p\u00e5 bankfacket. Undrar vad jag har d\u00e4r. Disketter?<\/p><\/blockquote>\n<p>Vad b\u00f6r jag spara? Vem i hela v\u00e4rlden kommer n\u00e5gonsin att efterfr\u00e5ga mina gamla skolbetyg? CD-romen med packningslistan inf\u00f6r m\u00e5naden i Kavalla har heller inte m\u00f6tt stor efterfr\u00e5gan de senaste tolv \u00e5ren.<\/p>\n<p>N\u00e5, i en f\u00e4rsk kartong ute i garaget har jag nu parkerat tre tjocka telefonkataloger fr\u00e5n 2005 (Karlstaddelen) och en fr\u00e5n 2004. Det k\u00e4nns tryggt.<\/p>\n<p>Ifall.<\/p>\n<p>Framtiden \u00e4r allt det som inte blev kastat i Den Stora Utrensningen och som inte f\u00e5r plats p\u00e5 en lista \u00f6ver Bra att ha-saker, sparade i svullna flyttkartonger. Kom igen, framtiden. Jag frustar av l\u00e4ngtan.<\/p>\n<p>Men listorna, listorna!<\/p>\n<p><em><span style=\"color: #ffff00;\"><strong>###<\/strong><\/span> F\u00f6r s\u00e4kerhets skull har jag sparat min 25 \u00e5r gamla Macintosh Performa. Har hundratals kr\u00f6nikor och skrivarkurslektioner i den.<br \/>\n<\/em><em><span style=\"color: #ffff00;\">###<\/span> F\u00f6r s\u00e4kerhets skull har jag sparat en n\u00e4stan lika gammal tjock-pc, den har diskettstation.<br \/>\n<\/em><em><span style=\"color: #ffff00;\">###<\/span> M\u00e5ste komma ih\u00e5g att provstarta dom snart igen. Jag tror datan \u00e4r h\u00e4r f\u00f6r att stanna.<\/em><\/p>\n<p><span style=\"color: #0000ff;\"><a style=\"color: #0000ff;\" href=\"https:\/\/sven-ove.nu\/\">Hem<\/a><\/span>\u00a0|\u00a0<span style=\"color: #0000ff;\"><a style=\"color: #0000ff;\" href=\"https:\/\/sven-ove.nu\/?page_id=170\">Om mig<\/a><\/span>\u00a0|\u00a0<span style=\"color: #0000ff;\"><a style=\"color: #0000ff;\" href=\"https:\/\/sven-ove.nu\/?page_id=1385\">Skriva &amp; prata<\/a><\/span>\u00a0|\u00a0<span style=\"color: #0000ff;\"><a style=\"color: #0000ff;\" href=\"https:\/\/sven-ove.nu\/?page_id=100\">Politik<\/a><\/span>\u00a0|\u00a0<span style=\"color: #0000ff;\"><a style=\"color: #0000ff;\" href=\"https:\/\/sven-ove.nu\/?page_id=102\">L\u00f6pa<\/a><\/span>\u00a0|\u00a0<span style=\"color: #0000ff;\"><a style=\"color: #0000ff;\" href=\"https:\/\/sven-ove.nu\/?page_id=108\">Viktor Root<\/a><\/span>\u00a0| <a href=\"https:\/\/sven-ove.nu\/?page_id=15908\"><span style=\"color: #0000ff;\">Firman<\/span>\u00a0<\/a>|\u00a0<span style=\"color: #0000ff;\"><a style=\"color: #0000ff;\" href=\"https:\/\/sven-ove.nu\/?page_id=15638\">K\u00f4ppra<\/a><\/span><\/p>\n","protected":false},"excerpt":{"rendered":"<p>L\u00e4ste i tidningen att Nordea ska l\u00e4gga ner v\u00e5rt kontor p\u00e5 orten. H\u00e4rom dagen fick vi r\u00e4kning p\u00e5 bankfacket. Undrar vad jag har d\u00e4r. Disketter? Vad b\u00f6r jag spara? Vem i hela v\u00e4rlden kommer n\u00e5gonsin att efterfr\u00e5ga mina gamla skolbetyg? CD-romen med packningslistan inf\u00f6r m\u00e5naden i Kavalla har heller inte m\u00f6tt stor efterfr\u00e5gan de senaste &hellip; <a href=\"https:\/\/sven-ove.nu\/?p=16432\" class=\"more-link\">Forts\u00e4tt l\u00e4sa <span class=\"screen-reader-text\">Frustar av framtidsl\u00e4ngtan &#038; g\u00f6r listor<\/span><\/a><\/p>\n","protected":false},"author":1,"featured_media":0,"comment_status":"open","ping_status":"open","sticky":false,"template":"","format":"standard","meta":{"_crdt_document":"","_monsterinsights_skip_tracking":false,"_monsterinsights_sitenote_active":false,"_monsterinsights_sitenote_note":"","_monsterinsights_sitenote_category":0,"footnotes":""},"categories":[10,4],"tags":[3,8,13],"class_list":["post-16432","post","type-post","status-publish","format-standard","hentry","category-familjen","category-skrivande","tag-arbete","tag-historia","tag-utrustning"],"_links":{"self":[{"href":"https:\/\/sven-ove.nu\/index.php?rest_route=\/wp\/v2\/posts\/16432","targetHints":{"allow":["GET"]}}],"collection":[{"href":"https:\/\/sven-ove.nu\/index.php?rest_route=\/wp\/v2\/posts"}],"about":[{"href":"https:\/\/sven-ove.nu\/index.php?rest_route=\/wp\/v2\/types\/post"}],"author":[{"embeddable":true,"href":"https:\/\/sven-ove.nu\/index.php?rest_route=\/wp\/v2\/users\/1"}],"replies":[{"embeddable":true,"href":"https:\/\/sven-ove.nu\/index.php?rest_route=%2Fwp%2Fv2%2Fcomments&post=16432"}],"version-history":[{"count":4,"href":"https:\/\/sven-ove.nu\/index.php?rest_route=\/wp\/v2\/posts\/16432\/revisions"}],"predecessor-version":[{"id":16437,"href":"https:\/\/sven-ove.nu\/index.php?rest_route=\/wp\/v2\/posts\/16432\/revisions\/16437"}],"wp:attachment":[{"href":"https:\/\/sven-ove.nu\/index.php?rest_route=%2Fwp%2Fv2%2Fmedia&parent=16432"}],"wp:term":[{"taxonomy":"category","embeddable":true,"href":"https:\/\/sven-ove.nu\/index.php?rest_route=%2Fwp%2Fv2%2Fcategories&post=16432"},{"taxonomy":"post_tag","embeddable":true,"href":"https:\/\/sven-ove.nu\/index.php?rest_route=%2Fwp%2Fv2%2Ftags&post=16432"}],"curies":[{"name":"wp","href":"https:\/\/api.w.org\/{rel}","templated":true}]}}