{"id":16447,"date":"2016-11-26T03:00:14","date_gmt":"2016-11-26T02:00:14","guid":{"rendered":"http:\/\/sven-ove.nu\/?p=16447"},"modified":"2016-11-25T17:25:45","modified_gmt":"2016-11-25T16:25:45","slug":"16447","status":"publish","type":"post","link":"https:\/\/sven-ove.nu\/?p=16447","title":{"rendered":"Bob Dylans h\u00e4lsning till Sara Danius 1966"},"content":{"rendered":"<p><a href=\"https:\/\/sven-ove.nu\/wp-content\/uploads\/2016\/11\/Tarantula.jpg\"><img loading=\"lazy\" decoding=\"async\" class=\"size-full wp-image-16451 alignnone\" src=\"https:\/\/sven-ove.nu\/wp-content\/uploads\/2016\/11\/Tarantula.jpg\" alt=\"tarantula\" width=\"640\" height=\"640\" srcset=\"https:\/\/sven-ove.nu\/wp-content\/uploads\/2016\/11\/Tarantula.jpg 640w, https:\/\/sven-ove.nu\/wp-content\/uploads\/2016\/11\/Tarantula-150x150.jpg 150w, https:\/\/sven-ove.nu\/wp-content\/uploads\/2016\/11\/Tarantula-300x300.jpg 300w\" sizes=\"auto, (max-width: 640px) 100vw, 640px\" \/><\/a><\/p>\n<blockquote><p>L\u00e4ser Bob Dylans <span style=\"color: #0000ff;\"><strong><a style=\"color: #0000ff;\" href=\"http:\/\/www.bakhall.com\/dylan.html\">Tarantula<\/a><\/strong><\/span> fr\u00e5n 1966 och k\u00e4nner igen s\u00e4ttet att skriva. Var har jag sett det f\u00f6rut? Gjorde jag inte sj\u00e4lv en del or\u00e4dda f\u00f6rs\u00f6k i samma stil de d\u00e4r \u00e5ren? Varifr\u00e5n fick jag inspiration till det? Bildjournalen? Thomas Tidholm? Tidens musiktexter? Minns fortfarande ett udda brev jag skrev till en tjej.<\/p><\/blockquote>\n<p><span style=\"color: #0000ff;\"><a style=\"color: #0000ff;\" href=\"http:\/\/www.bokus.com\/bok\/9789177421689\/tarantula\/\">Boken<\/a><\/span> \u00e4r inte l\u00e4ttl\u00e4st men i efterordet \u00e4r Peter Glas full av entusiasm:<\/p>\n<p style=\"padding-left: 30px;\"><em>\u201dDylans roman Tarantula har rykte om sig att vara sv\u00e5r att l\u00e4sa, sv\u00e5r att begripa sig p\u00e5.<\/em><em>\u00a0<\/em><\/p>\n<p style=\"padding-left: 30px;\"><em>Inget kan vara mer felaktigt. Boken \u00e4r rena l\u00e4sfesten och den g\u00e5r r\u00e4tt in i hj\u00e4rnan och hj\u00e4rtat \u2013 bara man har kommit p\u00e5 knepet, bara man l\u00e4rt sig Konsten att l\u00e4sa Tarantula.\u201d<\/em><\/p>\n<p><strong>Beskriver kaos med v\u00e4rme<br \/>\n<\/strong>Jag str\u00e4var p\u00e5, efter att ha l\u00e4st hans bruksanvisning. F\u00f6r Dylan \u00e4r allt kaos, skriver Glas. Det st\u00e4mmer uppenbarligen 1966, kanske fortfarande.<\/p>\n<p style=\"padding-left: 30px;\"><em>\u201dJust accepterandet av kaos \u00e4r det allra mest originella i sammanhanget, det st\u00e4ller Dylan l\u00e5ngt fr\u00e5n andra banbrytande f\u00f6rfattare under 1900-talet, t ex absurdisterna, Becket, Camus, vilka alla upplever kaos och meningsl\u00f6shet som fruktansv\u00e4rda problem. I st\u00e4llet beskriver Dylan tillvarons kaos med samma amerikanske v\u00e4rme som t ex Whitman och Kerouac beskriver den fungerande v\u00e4rlden med.\u201d<\/em><\/p>\n<p><strong>Detta m\u00e5ste vi g\u00f6mma f\u00f6r alla Dylan-resistenta<br \/>\n<\/strong>Jag str\u00e4var vidare. F\u00f6rfattaren \u00e4r originell, identiteterna \u00e4r i uppl\u00f6sning, strukturerna med. Inte en klich\u00e9 hittar jag, spr\u00e5ket och bilderna myllrar.<\/p>\n<p>S\u00e5, p\u00e5 sidan 81 i en av de dikter som avslutar praktiskt taget varje kapitel, hittar jag den. H\u00e4lsningen fr\u00e5n mitten av det kaotiska 1960-talet till Svenska Akademiens st\u00e4ndiga sekreterare Sara Danius \u00e5r 2016. Bob Dylans eget inl\u00e4gg i Varf\u00f6r kommer han inte hit-debatten:<\/p>\n<p style=\"padding-left: 30px;\"><em>\u201dblev lite r\u00f6rigt, men ni<br \/>\n<\/em><em>k\u00e4nner ju mej, det gilla jag inte<br \/>\n<\/em><em>alls. jag s\u00e4jer \u201dh\u00f6rru stumpan, jag sjunger<br \/>\n<\/em><em>f\u00f6rej &amp; s\u00e5, men f\u00f6rs\u00f6k bara inte<br \/>\n<\/em><em>k\u00f6ra med mej, hajaru?\u201d jag har h\u00f6rt att<br \/>\n<\/em><em>dom inte t\u00e4nker bjuda in mej n\u00e5n mer g\u00e5ng<br \/>\n<\/em><em>f\u00f6r dom gilla inte att jag la an<br \/>\n<\/em><em>p\u00e5 klubbm\u00e4starns tant, p\u00e5 det stora hela<br \/>\n<\/em><em>klarar jag mej trots allt. har en ny s\u00e5ng<\/em><em><br \/>\n<\/em><em>\/\u2026\/<br \/>\n<\/em><em>men du k\u00e4nner ju mej, det ska<br \/>\n<\/em><em>fan s\u00e5 mycket mer till f\u00f6r att k\u00f6pa mej\u201d<\/em><\/p>\n<p>Detta f\u00e5r vi absolut inte visa s\u00e5 alla Bob Dylan-resistenta ser det.<br \/>\nG\u00f6m <span style=\"color: #0000ff;\"><a style=\"color: #0000ff;\" href=\"http:\/\/www.adlibris.com\/se\/bok\/tarantula-9789177421689\">boken<\/a><\/span>. G\u00f6m den fort.<\/p>\n<p><em><strong><span style=\"color: #ff0000;\">###<\/span><\/strong> Aprop\u00e5 tarantlar: F\u00f6rsta k\u00e4nda bilden p\u00e5 en f\u00e5gelspindel visar den i full aktion.<br \/>\n<\/em><em><span style=\"color: #ff0000;\"><strong>###<\/strong><\/span> Den \u00e4ter p\u00e5 en kolibri.<br \/>\n<\/em><em><span style=\"color: #ff0000;\"><strong>###<\/strong><\/span>\u00a0(K\u00e4lla: skansen-akvariet.com)<\/em><\/p>\n<p><span style=\"color: #0000ff;\"><a style=\"color: #0000ff;\" href=\"https:\/\/sven-ove.nu\/\">Hem<\/a><\/span>\u00a0|\u00a0<span style=\"color: #0000ff;\"><a style=\"color: #0000ff;\" href=\"https:\/\/sven-ove.nu\/?page_id=170\">Om mig<\/a><\/span>\u00a0|\u00a0<span style=\"color: #0000ff;\"><a style=\"color: #0000ff;\" href=\"https:\/\/sven-ove.nu\/?page_id=1385\">Skriva &amp; prata<\/a><\/span>\u00a0|\u00a0<span style=\"color: #0000ff;\"><a style=\"color: #0000ff;\" href=\"https:\/\/sven-ove.nu\/?page_id=100\">Politik<\/a><\/span>\u00a0|\u00a0<span style=\"color: #0000ff;\"><a style=\"color: #0000ff;\" href=\"https:\/\/sven-ove.nu\/?page_id=102\">L\u00f6pa<\/a><\/span>\u00a0|\u00a0<span style=\"color: #0000ff;\"><a style=\"color: #0000ff;\" href=\"https:\/\/sven-ove.nu\/?page_id=108\">Viktor Root<\/a><\/span>\u00a0| <a href=\"https:\/\/sven-ove.nu\/?page_id=15908\"><span style=\"color: #0000ff;\">Firman<\/span>\u00a0<\/a>|\u00a0<span style=\"color: #0000ff;\"><a style=\"color: #0000ff;\" href=\"https:\/\/sven-ove.nu\/?page_id=15638\">K\u00f4ppra<\/a><\/span><\/p>\n","protected":false},"excerpt":{"rendered":"<p>L\u00e4ser Bob Dylans Tarantula fr\u00e5n 1966 och k\u00e4nner igen s\u00e4ttet att skriva. Var har jag sett det f\u00f6rut? Gjorde jag inte sj\u00e4lv en del or\u00e4dda f\u00f6rs\u00f6k i samma stil de d\u00e4r \u00e5ren? Varifr\u00e5n fick jag inspiration till det? Bildjournalen? Thomas Tidholm? Tidens musiktexter? Minns fortfarande ett udda brev jag skrev till en tjej. Boken \u00e4r &hellip; <a href=\"https:\/\/sven-ove.nu\/?p=16447\" class=\"more-link\">Forts\u00e4tt l\u00e4sa <span class=\"screen-reader-text\">Bob Dylans h\u00e4lsning till Sara Danius 1966<\/span><\/a><\/p>\n","protected":false},"author":1,"featured_media":0,"comment_status":"open","ping_status":"open","sticky":false,"template":"","format":"standard","meta":{"_crdt_document":"","_monsterinsights_skip_tracking":false,"_monsterinsights_sitenote_active":false,"_monsterinsights_sitenote_note":"","_monsterinsights_sitenote_category":0,"footnotes":""},"categories":[28,4],"tags":[14,21],"class_list":["post-16447","post","type-post","status-publish","format-standard","hentry","category-kreativt-folk","category-skrivande","tag-lasning","tag-ord"],"_links":{"self":[{"href":"https:\/\/sven-ove.nu\/index.php?rest_route=\/wp\/v2\/posts\/16447","targetHints":{"allow":["GET"]}}],"collection":[{"href":"https:\/\/sven-ove.nu\/index.php?rest_route=\/wp\/v2\/posts"}],"about":[{"href":"https:\/\/sven-ove.nu\/index.php?rest_route=\/wp\/v2\/types\/post"}],"author":[{"embeddable":true,"href":"https:\/\/sven-ove.nu\/index.php?rest_route=\/wp\/v2\/users\/1"}],"replies":[{"embeddable":true,"href":"https:\/\/sven-ove.nu\/index.php?rest_route=%2Fwp%2Fv2%2Fcomments&post=16447"}],"version-history":[{"count":9,"href":"https:\/\/sven-ove.nu\/index.php?rest_route=\/wp\/v2\/posts\/16447\/revisions"}],"predecessor-version":[{"id":16457,"href":"https:\/\/sven-ove.nu\/index.php?rest_route=\/wp\/v2\/posts\/16447\/revisions\/16457"}],"wp:attachment":[{"href":"https:\/\/sven-ove.nu\/index.php?rest_route=%2Fwp%2Fv2%2Fmedia&parent=16447"}],"wp:term":[{"taxonomy":"category","embeddable":true,"href":"https:\/\/sven-ove.nu\/index.php?rest_route=%2Fwp%2Fv2%2Fcategories&post=16447"},{"taxonomy":"post_tag","embeddable":true,"href":"https:\/\/sven-ove.nu\/index.php?rest_route=%2Fwp%2Fv2%2Ftags&post=16447"}],"curies":[{"name":"wp","href":"https:\/\/api.w.org\/{rel}","templated":true}]}}