{"id":16458,"date":"2016-11-30T03:00:56","date_gmt":"2016-11-30T02:00:56","guid":{"rendered":"http:\/\/sven-ove.nu\/?p=16458"},"modified":"2016-11-28T19:57:51","modified_gmt":"2016-11-28T18:57:51","slug":"hur-du-sallan-vinner-opinionskrig","status":"publish","type":"post","link":"https:\/\/sven-ove.nu\/?p=16458","title":{"rendered":"Hur du s\u00e4llan vinner opinionskrig"},"content":{"rendered":"<p><a href=\"https:\/\/sven-ove.nu\/wp-content\/uploads\/2016\/11\/Knuten-n\u00e4ve.jpg\"><img loading=\"lazy\" decoding=\"async\" class=\"size-full wp-image-16463 alignnone\" src=\"https:\/\/sven-ove.nu\/wp-content\/uploads\/2016\/11\/Knuten-n\u00e4ve.jpg\" alt=\"knuten-nave\" width=\"640\" height=\"480\" srcset=\"https:\/\/sven-ove.nu\/wp-content\/uploads\/2016\/11\/Knuten-n\u00e4ve.jpg 640w, https:\/\/sven-ove.nu\/wp-content\/uploads\/2016\/11\/Knuten-n\u00e4ve-300x225.jpg 300w\" sizes=\"auto, (max-width: 640px) 100vw, 640px\" \/><\/a><\/p>\n<blockquote><p>Ska man kasta f\u00f6rem\u00e5l p\u00e5 folk, f\u00f6r den goda sakens skull? Ibland \u00e4r det nyttigt att t\u00e4nka efter. Nu har jag gjort det.<\/p><\/blockquote>\n<p>Debatten br\u00f6t ut f\u00f6r ett tag sedan. De bruna i Norden ville demonstrera i Stockholm, t\u00e4tt intill den judiska synagogan dessutom, och polisen hade v\u00e4nligheten att s\u00e4ga ja till f\u00e4rdplanen.<\/p>\n<p>Naturligtvis planerades en motdemonstration. En s\u00e5dan organiserades ocks\u00e5 av organisationerna R\u00f6tt Forum, Seko Stockholm, Hotell- och restaurangfacket Stockholm-Gotland, Unga Elektriker, Unga Byggare, SSU Stockholm, Ung V\u00e4nster Stockholm, Studenter mot Rasism, V\u00e4nsterpartiet Storstockholm och Feministiskt Initiativ.<\/p>\n<p>S\u00e5 l\u00e5ngt var fr\u00e5gan enkel. L\u00e5t inte de bruna\u00a0t\u00e5ga utan att protestera. L\u00e5t polisledningen f\u00e5 h\u00f6ra vilket historiel\u00f6st beslut det var att till\u00e5ta dem att samlas precis intill judiska f\u00f6rsamlingen.<\/p>\n<p style=\"padding-left: 30px;\"><span style=\"color: #0000ff;\"><a style=\"color: #0000ff;\" href=\"http:\/\/sverigesradio.se\/sida\/artikel.aspx?programid=103&amp;artikel=6562434\">Silberstein: H\u00e5ll nazisterna borta fr\u00e5n synagogan<br \/>\n<\/a><a style=\"color: #0000ff;\" href=\"http:\/\/www.aftonbladet.se\/ledare\/ledarkronika\/anderslindberg\/article23899692.ab\">AB: Nazisterna kr\u00e4ver att vi \u00e4r tysta<\/a><\/span><\/p>\n<p><strong>\u201dSl\u00e4ng sn\u00f6 p\u00e5\u2019rom!\u201d<br \/>\n<\/strong>Nu r\u00e5kade det ha sn\u00f6at rej\u00e4lt i Stockholmstrakten. Ett s\u00e5dant d\u00e4r rikssn\u00f6v\u00e4der som g\u00f6r att \u00e4ven vi sn\u00f6l\u00f6sa ute i landet tycker oss h\u00f6ra skorna knarra n\u00e4r vi g\u00e5r ut. Ett som f\u00e5r huvudkommuninnev\u00e5nare att tro att det var de som f\u00f6rst t\u00e4nkte tanken om j\u00e4mlik sn\u00f6r\u00f6jning.<\/p>\n<p>&#8211; Vi kastar sn\u00f6boll p\u00e5\u2019rom! tyckte en f\u00f6rhoppningsfull svartkl\u00e4dd ung man i ett socialt medium n\u00e5gonstans. De svarta planerade sin egen br\u00e5kigare motdemonstration. Snart var debatten ig\u00e5ng. Jag reagerade v\u00e4l som m\u00e5nga andra spontana typer, f\u00f6rst.<\/p>\n<p>Kul. G\u00f6r\u2019t. Sl\u00e4ng sn\u00f6.<\/p>\n<p><strong>\u201dVar inte sn\u00e4lla\u201d<br \/>\n<\/strong>Den k\u00e4nslan gick \u00f6ver p\u00e5 femton sekunder. D\u00e5 hade jag insett att en kastad sn\u00f6boll mot ett brunt t\u00e5g inte \u00e4r som vilken lekfull sn\u00f6boll som helst. F\u00f6r att citera mig sj\u00e4lv:<\/p>\n<p style=\"padding-left: 30px;\"><em>\u201dDet blir s\u00e4kert j\u00e4ttekul f\u00f6r stunden att kasta de d\u00e4r sn\u00f6bollarna. Det kommer s\u00e4kert att f\u00e5 uppm\u00e4rksamhet. Men aktionen \u00e4r otaktisk s\u00e5 det skriker om det, av tv\u00e5 sk\u00e4l:<\/em><\/p>\n<p style=\"padding-left: 30px;\"><em>1. Den riskerar att bidra till en v\u00e5ldsspiral. N\u00e4sta g\u00e5ng sn\u00f6bollar med stenar i, g\u00e5ngen d\u00e4rp\u00e5 stenar utan sn\u00f6 runt, g\u00e5ngen d\u00e4rp\u00e5\u2026 Oavsett vilken sida som st\u00e5r p\u00e5 tur att eskalera. Vi ska inte medverka till en s\u00e5dan utveckling.<\/em><\/p>\n<p style=\"padding-left: 30px;\"><em>2. Den kommer att ge oss massor av negativ uppm\u00e4rksamhet och st\u00f6ta bort folk fr\u00e5n den antirasistiska fronten. Det har den redan gjort. De h\u00e4r bilderna kommer<\/em> <em>att fastna p\u00e5 n\u00e4thinnorna hos m\u00e5nga som hade varit m\u00f6jliga att vinna f\u00f6r v\u00e5r sak. Folk som inte gillar gatuslagsm\u00e5l.<\/em><\/p>\n<p style=\"padding-left: 30px;\"><em>Sn\u00e4llhet mot rasisterna i november 2016 \u00e4r att ge dem ett sn\u00f6bollskrig i julklapp. Var inte sn\u00e4lla.\u201d<\/em><\/p>\n<p><strong>Bilderna talar till magen<br \/>\n<\/strong>Nu har jag t\u00e4nkt f\u00e4rdigt. Jag har inte \u00e4ndrat mig. Ty vilken bild gav v\u00e5ra l\u00e4ttledda svenska riksmedier av den d\u00e4r l\u00f6rdagen? Bilden av sn\u00f6bollar (och knallskott) som flyger genom luften. Bilden av svartmaskerade kastare.<\/p>\n<p>De bilderna talar inte till f\u00f6rnuftet, de talar till magen. Det ser en ju vilka som \u00e4r huliganer d\u00e4r.<\/p>\n<p>Opinionskrig vinner du s\u00e4llan genom kast med liten boll.<\/p>\n<p><span style=\"color: #0000ff;\"><a style=\"color: #0000ff;\" href=\"https:\/\/sven-ove.nu\/\">Hem<\/a><\/span>\u00a0|\u00a0<span style=\"color: #0000ff;\"><a style=\"color: #0000ff;\" href=\"https:\/\/sven-ove.nu\/?page_id=170\">Om mig<\/a><\/span>\u00a0|\u00a0<span style=\"color: #0000ff;\"><a style=\"color: #0000ff;\" href=\"https:\/\/sven-ove.nu\/?page_id=1385\">Skriva &amp; prata<\/a><\/span>\u00a0|\u00a0<span style=\"color: #0000ff;\"><a style=\"color: #0000ff;\" href=\"https:\/\/sven-ove.nu\/?page_id=100\">Politik<\/a><\/span>\u00a0|\u00a0<span style=\"color: #0000ff;\"><a style=\"color: #0000ff;\" href=\"https:\/\/sven-ove.nu\/?page_id=102\">L\u00f6pa<\/a><\/span>\u00a0|\u00a0<span style=\"color: #0000ff;\"><a style=\"color: #0000ff;\" href=\"https:\/\/sven-ove.nu\/?page_id=108\">Viktor Root<\/a><\/span>\u00a0| <a href=\"https:\/\/sven-ove.nu\/?page_id=15908\"><span style=\"color: #0000ff;\">Firman<\/span>\u00a0<\/a>|\u00a0<span style=\"color: #0000ff;\"><a style=\"color: #0000ff;\" href=\"https:\/\/sven-ove.nu\/?page_id=15638\">K\u00f4ppra<\/a><\/span><\/p>\n","protected":false},"excerpt":{"rendered":"<p>Ska man kasta f\u00f6rem\u00e5l p\u00e5 folk, f\u00f6r den goda sakens skull? Ibland \u00e4r det nyttigt att t\u00e4nka efter. Nu har jag gjort det. Debatten br\u00f6t ut f\u00f6r ett tag sedan. De bruna i Norden ville demonstrera i Stockholm, t\u00e4tt intill den judiska synagogan dessutom, och polisen hade v\u00e4nligheten att s\u00e4ga ja till f\u00e4rdplanen. Naturligtvis planerades &hellip; <a href=\"https:\/\/sven-ove.nu\/?p=16458\" class=\"more-link\">Forts\u00e4tt l\u00e4sa <span class=\"screen-reader-text\">Hur du s\u00e4llan vinner opinionskrig<\/span><\/a><\/p>\n","protected":false},"author":1,"featured_media":0,"comment_status":"open","ping_status":"open","sticky":false,"template":"","format":"standard","meta":{"_crdt_document":"","_monsterinsights_skip_tracking":false,"_monsterinsights_sitenote_active":false,"_monsterinsights_sitenote_note":"","_monsterinsights_sitenote_category":0,"footnotes":""},"categories":[9],"tags":[16,18,15,20,17],"class_list":["post-16458","post","type-post","status-publish","format-standard","hentry","category-politik","tag-dumheter","tag-lardomar","tag-mediedjungeln","tag-rad","tag-solidaritet"],"_links":{"self":[{"href":"https:\/\/sven-ove.nu\/index.php?rest_route=\/wp\/v2\/posts\/16458","targetHints":{"allow":["GET"]}}],"collection":[{"href":"https:\/\/sven-ove.nu\/index.php?rest_route=\/wp\/v2\/posts"}],"about":[{"href":"https:\/\/sven-ove.nu\/index.php?rest_route=\/wp\/v2\/types\/post"}],"author":[{"embeddable":true,"href":"https:\/\/sven-ove.nu\/index.php?rest_route=\/wp\/v2\/users\/1"}],"replies":[{"embeddable":true,"href":"https:\/\/sven-ove.nu\/index.php?rest_route=%2Fwp%2Fv2%2Fcomments&post=16458"}],"version-history":[{"count":8,"href":"https:\/\/sven-ove.nu\/index.php?rest_route=\/wp\/v2\/posts\/16458\/revisions"}],"predecessor-version":[{"id":16467,"href":"https:\/\/sven-ove.nu\/index.php?rest_route=\/wp\/v2\/posts\/16458\/revisions\/16467"}],"wp:attachment":[{"href":"https:\/\/sven-ove.nu\/index.php?rest_route=%2Fwp%2Fv2%2Fmedia&parent=16458"}],"wp:term":[{"taxonomy":"category","embeddable":true,"href":"https:\/\/sven-ove.nu\/index.php?rest_route=%2Fwp%2Fv2%2Fcategories&post=16458"},{"taxonomy":"post_tag","embeddable":true,"href":"https:\/\/sven-ove.nu\/index.php?rest_route=%2Fwp%2Fv2%2Ftags&post=16458"}],"curies":[{"name":"wp","href":"https:\/\/api.w.org\/{rel}","templated":true}]}}