{"id":1646,"date":"2012-03-24T11:40:15","date_gmt":"2012-03-24T10:40:15","guid":{"rendered":"http:\/\/sven-ove.nu\/?p=1646"},"modified":"2012-03-25T10:31:54","modified_gmt":"2012-03-25T09:31:54","slug":"for-full-hals","status":"publish","type":"post","link":"https:\/\/sven-ove.nu\/?p=1646","title":{"rendered":"F\u00f6r full hals"},"content":{"rendered":"<p><strong>F\u00f6rra fredagen: <\/strong>Fryser mer och mer, b\u00f6rjar f\u00e5 halsont. Kravlar mig med m\u00f6da iv\u00e4g till apoteket f\u00f6r att k\u00f6pa blodtrycksmedicin som tagit slut. Fryser.<\/p>\n<p><strong>F\u00f6rra helgen:<\/strong> 39 graders feber, \u201dklassbl\u00f6ta\u201d lakan, halsont.<\/p>\n<p><strong>Den g\u00e5ngna veckan: <\/strong>till slut s\u00e5 ont i halsen att det hugger till n\u00e4r jag sv\u00e4ljer en klunk vatten. Sover i portioner dygnet runt, vaken d\u00e5 och d\u00e5, sitter och dumstirrar p\u00e5 facebook, skriver n\u00e5got inl\u00e4gg, trycker n\u00e5gra Gilla, orkar knappt l\u00e4sa tidningen. Googlar p\u00e5 ord som halsfluss, halsb\u00f6ld och dr\u00e4nering. Fortsatt feber. Somnar om. Dr\u00e4nering? Fy fanken.<\/p>\n<p><strong>Onsdag:<\/strong> ont i halsen, k\u00e4ken och \u00f6rat, s\u00e4rskilt p\u00e5 natten. Sv\u00e5rt att f\u00e5 i mig f\u00f6da. Inser att kroppen kanske inte t\u00e4nker klara det h\u00e4r sj\u00e4lv med bara den vanliga svenssonska storst\u00f6nigheten. Ringer v\u00e5rdcentralen. Hamnar i en l\u00e5ng telefonk\u00f6, men s\u00e5 kan det ju vara. Sj\u00e4laglad n\u00e4r sk\u00f6terskan inte st\u00e4nger av telefonen exakt d\u00e5 telefontiden \u00e4r slut. Tio minuter senare \u00e4r det min tur. Respekt!<\/p>\n<p><strong><a href=\"https:\/\/sven-ove.nu\/wp-content\/uploads\/2012\/03\/R\u00e4ddaren1.jpg\"><img loading=\"lazy\" decoding=\"async\" class=\"alignright size-medium wp-image-1651\" title=\"R\u00e4ddaren\" src=\"https:\/\/sven-ove.nu\/wp-content\/uploads\/2012\/03\/R\u00e4ddaren1-247x300.jpg\" alt=\"\" width=\"247\" height=\"300\" srcset=\"https:\/\/sven-ove.nu\/wp-content\/uploads\/2012\/03\/R\u00e4ddaren1-247x300.jpg 247w, https:\/\/sven-ove.nu\/wp-content\/uploads\/2012\/03\/R\u00e4ddaren1-845x1024.jpg 845w, https:\/\/sven-ove.nu\/wp-content\/uploads\/2012\/03\/R\u00e4ddaren1.jpg 1473w\" sizes=\"auto, (max-width: 247px) 100vw, 247px\" \/><\/a>Torsdag:<\/strong> tid hos sk\u00f6terskan. \u201dJa, du har nog satt diagnosen sj\u00e4lv, som du sa\u201d. \u201dDet \u00e4r v\u00e4rsta sortens patient, det\u201d svarar jag. Halsprov, tr\u00e4ff med tv\u00e5 l\u00e4kare som f\u00f6rs\u00f6ker titta ner\u00e5t halsen p\u00e5 den h\u00e4r k\u00e4nslige poeten. Kan inte p\u00e5st\u00e5 att min insida \u00e4r \u00a0tillm\u00f6tesg\u00e5ende i det fallet, med alla reflexer. Klok doktor ordinerar k\u00e5vepenin i dubbel dos. Jag h\u00e4mtar p\u00e5 apoteket, stoppar i mig pillren, sover. Tv\u00e5 piller till, sover igen.<\/p>\n<p><strong>Fredag, i g\u00e5r:<\/strong> vaknar 02.00, uts\u00f6vd. Svettats rikligt hela natten. Innan morgonradion g\u00e5r i g\u00e5ng har det g\u00e5tt \u00e5t fyra t-tr\u00f6jor, utan att jag har feber. Men hall\u00e5, v\u00e4nta, det \u00e4r n\u00e5t som inte st\u00e4mmer. Min hals g\u00f6r inte ont l\u00e4ngre.<\/p>\n<p>*<\/p>\n<p>N\u00e4r du skriver kr\u00f6nikor f\u00e5r du inte passera den fina gr\u00e4nsen mellan <strong>privat<\/strong> och <strong>personligt<\/strong>. Det \u00e4r samma sak med blogginl\u00e4gg. D\u00e4rf\u00f6r kommer slutsatsen nu:<\/p>\n<p>Det \u00e4r klokt att organisera samh\u00e4llet s\u00e5, att vi hj\u00e4lper varandra n\u00e4r det beh\u00f6vs.\u00a0Tack allts\u00e5 vattenverksgubbar och gummor som gav klart, gott vatten i kranen, n\u00e4r jag lyckligt skulle kolla i g\u00e5r att vattnet gick att sv\u00e4lja igen utan sm\u00e4rta. Tack gatukontoret f\u00f6r gatan som gjorde att jag kunde \u00e5ka ner till v\u00e5rdcentralen. Tack sk\u00f6terskor, doktorer och annan personal, som tog hand om min hals. Tack, ni p\u00e5 apoteket.<\/p>\n<p>Jag kunde tackat fler. Men min po\u00e4ng \u00e4r v\u00e4ldigt enkel. Privatisera inte s\u00f6nder det som inte blir b\u00e4ttre av att privatiseras. Bevara v\u00e5r kloka, vackra svenska organiserade medm\u00e4nsklighet.<\/p>\n<p>Tror jag ska dricka lite vatten igen. Det g\u00f6r inte ett dugg ont. P\u00e5 m\u00e5ndag eller tisdag k-a-n-s-k-e jag kan b\u00f6rja jobba igen.<\/p>\n<p>F\u00f6r full hals.<\/p>\n<p>&nbsp;<\/p>\n","protected":false},"excerpt":{"rendered":"<p>F\u00f6rra fredagen: Fryser mer och mer, b\u00f6rjar f\u00e5 halsont. Kravlar mig med m\u00f6da iv\u00e4g till apoteket f\u00f6r att k\u00f6pa blodtrycksmedicin som tagit slut. Fryser. F\u00f6rra helgen: 39 graders feber, \u201dklassbl\u00f6ta\u201d lakan, halsont. Den g\u00e5ngna veckan: till slut s\u00e5 ont i halsen att det hugger till n\u00e4r jag sv\u00e4ljer en klunk vatten. Sover i portioner dygnet &hellip; <a href=\"https:\/\/sven-ove.nu\/?p=1646\" class=\"more-link\">Forts\u00e4tt l\u00e4sa <span class=\"screen-reader-text\">F\u00f6r full hals<\/span><\/a><\/p>\n","protected":false},"author":1,"featured_media":0,"comment_status":"open","ping_status":"open","sticky":false,"template":"","format":"standard","meta":{"_crdt_document":"","_monsterinsights_skip_tracking":false,"_monsterinsights_sitenote_active":false,"_monsterinsights_sitenote_note":"","_monsterinsights_sitenote_category":0,"footnotes":""},"categories":[1],"tags":[17],"class_list":["post-1646","post","type-post","status-publish","format-standard","hentry","category-uncategorized","tag-solidaritet"],"_links":{"self":[{"href":"https:\/\/sven-ove.nu\/index.php?rest_route=\/wp\/v2\/posts\/1646","targetHints":{"allow":["GET"]}}],"collection":[{"href":"https:\/\/sven-ove.nu\/index.php?rest_route=\/wp\/v2\/posts"}],"about":[{"href":"https:\/\/sven-ove.nu\/index.php?rest_route=\/wp\/v2\/types\/post"}],"author":[{"embeddable":true,"href":"https:\/\/sven-ove.nu\/index.php?rest_route=\/wp\/v2\/users\/1"}],"replies":[{"embeddable":true,"href":"https:\/\/sven-ove.nu\/index.php?rest_route=%2Fwp%2Fv2%2Fcomments&post=1646"}],"version-history":[{"count":7,"href":"https:\/\/sven-ove.nu\/index.php?rest_route=\/wp\/v2\/posts\/1646\/revisions"}],"predecessor-version":[{"id":1666,"href":"https:\/\/sven-ove.nu\/index.php?rest_route=\/wp\/v2\/posts\/1646\/revisions\/1666"}],"wp:attachment":[{"href":"https:\/\/sven-ove.nu\/index.php?rest_route=%2Fwp%2Fv2%2Fmedia&parent=1646"}],"wp:term":[{"taxonomy":"category","embeddable":true,"href":"https:\/\/sven-ove.nu\/index.php?rest_route=%2Fwp%2Fv2%2Fcategories&post=1646"},{"taxonomy":"post_tag","embeddable":true,"href":"https:\/\/sven-ove.nu\/index.php?rest_route=%2Fwp%2Fv2%2Ftags&post=1646"}],"curies":[{"name":"wp","href":"https:\/\/api.w.org\/{rel}","templated":true}]}}