{"id":16487,"date":"2016-12-03T03:00:10","date_gmt":"2016-12-03T02:00:10","guid":{"rendered":"http:\/\/sven-ove.nu\/?p=16487"},"modified":"2016-12-03T07:18:39","modified_gmt":"2016-12-03T06:18:39","slug":"16487","status":"publish","type":"post","link":"https:\/\/sven-ove.nu\/?p=16487","title":{"rendered":"Skatan och motljuset"},"content":{"rendered":"<p><a href=\"https:\/\/sven-ove.nu\/wp-content\/uploads\/2016\/12\/Skogsfika.jpg\"><img loading=\"lazy\" decoding=\"async\" class=\"size-medium wp-image-16491 alignnone\" src=\"https:\/\/sven-ove.nu\/wp-content\/uploads\/2016\/12\/Skogsfika-300x300.jpg\" alt=\"skogsfika\" width=\"300\" height=\"300\" srcset=\"https:\/\/sven-ove.nu\/wp-content\/uploads\/2016\/12\/Skogsfika-300x300.jpg 300w, https:\/\/sven-ove.nu\/wp-content\/uploads\/2016\/12\/Skogsfika-150x150.jpg 150w, https:\/\/sven-ove.nu\/wp-content\/uploads\/2016\/12\/Skogsfika.jpg 640w\" sizes=\"auto, (max-width: 300px) 100vw, 300px\" \/><\/a><\/p>\n<p>Ute p\u00e5 l\u00e5ng skogspromenad med min v\u00e4n M. De promenaderna ska jag ber\u00e4tta mer om en annan g\u00e5ng, om luren och gropen och \u2026 men det tar vi d\u00e5.<\/p>\n<p>N\u00e5. Efter tv\u00e5 och en halv timme i markerna kliver vi ut ur granskogen intill min gata. N\u00e4r vi passerar pulkakullen kommer en vacker kvinna i sina b\u00e4sta \u00e5r vandrande s\u00f6derifr\u00e5n med tv\u00e5 hundar.<\/p>\n<p>Kamrat M och jag ser likadant p\u00e5 livet, fotograf \u00e4r han dessutom, s\u00e5 han utbrister spontant:<br \/>\n&#8211; Va grannt! Skata i motljus!<\/p>\n<p>Kvinnan med hundarna ser inte att det verkligen g\u00e5r en <em>pica pica<\/em> med l\u00e5ng stj\u00e4rt p\u00e5 toppen av pulkakullen (det \u00e4r den han menar), men h\u00f6r oss g\u00f6r hon ju. Hon ser full i skratt ut.<br \/>\n&#8211; Ja p\u00e5 kullen ja! ropar jag.<\/p>\n<p>Det r\u00e4ddar inte situationen.<\/p>\n<p><span style=\"color: #0000ff;\"><a href=\"https:\/\/sven-ove.nu\/wp-content\/uploads\/2016\/12\/Skatsp\u00e5r.jpg\"><img loading=\"lazy\" decoding=\"async\" class=\"alignright size-thumbnail wp-image-16509\" src=\"https:\/\/sven-ove.nu\/wp-content\/uploads\/2016\/12\/Skatsp\u00e5r-150x150.jpg\" alt=\"skatspar\" width=\"150\" height=\"150\" srcset=\"https:\/\/sven-ove.nu\/wp-content\/uploads\/2016\/12\/Skatsp\u00e5r-150x150.jpg 150w, https:\/\/sven-ove.nu\/wp-content\/uploads\/2016\/12\/Skatsp\u00e5r-300x300.jpg 300w, https:\/\/sven-ove.nu\/wp-content\/uploads\/2016\/12\/Skatsp\u00e5r.jpg 640w\" sizes=\"auto, (max-width: 150px) 100vw, 150px\" \/><\/a><a style=\"color: #0000ff;\" href=\"https:\/\/sven-ove.nu\/\">Hem<\/a><\/span>\u00a0|\u00a0<span style=\"color: #0000ff;\"><a style=\"color: #0000ff;\" href=\"https:\/\/sven-ove.nu\/?page_id=170\">Om mig<\/a><\/span>\u00a0|\u00a0<span style=\"color: #0000ff;\"><a style=\"color: #0000ff;\" href=\"https:\/\/sven-ove.nu\/?page_id=1385\">Skriva &amp; prata<\/a><\/span>\u00a0|\u00a0<span style=\"color: #0000ff;\"><a style=\"color: #0000ff;\" href=\"https:\/\/sven-ove.nu\/?page_id=100\">Politik<\/a><\/span>\u00a0|\u00a0<span style=\"color: #0000ff;\"><a style=\"color: #0000ff;\" href=\"https:\/\/sven-ove.nu\/?page_id=102\">L\u00f6pa<\/a><\/span>\u00a0|\u00a0<span style=\"color: #0000ff;\"><a style=\"color: #0000ff;\" href=\"https:\/\/sven-ove.nu\/?page_id=108\">Viktor Root<\/a><\/span>\u00a0| <a href=\"https:\/\/sven-ove.nu\/?page_id=15908\"><span style=\"color: #0000ff;\">Firman<\/span>\u00a0<\/a>|\u00a0<span style=\"color: #0000ff;\"><a style=\"color: #0000ff;\" href=\"https:\/\/sven-ove.nu\/?page_id=15638\">K\u00f4ppra<\/a><\/span><\/p>\n","protected":false},"excerpt":{"rendered":"<p>Ute p\u00e5 l\u00e5ng skogspromenad med min v\u00e4n M. De promenaderna ska jag ber\u00e4tta mer om en annan g\u00e5ng, om luren och gropen och \u2026 men det tar vi d\u00e5. N\u00e5. Efter tv\u00e5 och en halv timme i markerna kliver vi ut ur granskogen intill min gata. N\u00e4r vi passerar pulkakullen kommer en vacker kvinna i &hellip; <a href=\"https:\/\/sven-ove.nu\/?p=16487\" class=\"more-link\">Forts\u00e4tt l\u00e4sa <span class=\"screen-reader-text\">Skatan och motljuset<\/span><\/a><\/p>\n","protected":false},"author":1,"featured_media":0,"comment_status":"open","ping_status":"open","sticky":false,"template":"","format":"standard","meta":{"_crdt_document":"","_monsterinsights_skip_tracking":false,"_monsterinsights_sitenote_active":false,"_monsterinsights_sitenote_note":"","_monsterinsights_sitenote_category":0,"footnotes":""},"categories":[28,6],"tags":[18,21],"class_list":["post-16487","post","type-post","status-publish","format-standard","hentry","category-kreativt-folk","category-natur","tag-lardomar","tag-ord"],"_links":{"self":[{"href":"https:\/\/sven-ove.nu\/index.php?rest_route=\/wp\/v2\/posts\/16487","targetHints":{"allow":["GET"]}}],"collection":[{"href":"https:\/\/sven-ove.nu\/index.php?rest_route=\/wp\/v2\/posts"}],"about":[{"href":"https:\/\/sven-ove.nu\/index.php?rest_route=\/wp\/v2\/types\/post"}],"author":[{"embeddable":true,"href":"https:\/\/sven-ove.nu\/index.php?rest_route=\/wp\/v2\/users\/1"}],"replies":[{"embeddable":true,"href":"https:\/\/sven-ove.nu\/index.php?rest_route=%2Fwp%2Fv2%2Fcomments&post=16487"}],"version-history":[{"count":9,"href":"https:\/\/sven-ove.nu\/index.php?rest_route=\/wp\/v2\/posts\/16487\/revisions"}],"predecessor-version":[{"id":16511,"href":"https:\/\/sven-ove.nu\/index.php?rest_route=\/wp\/v2\/posts\/16487\/revisions\/16511"}],"wp:attachment":[{"href":"https:\/\/sven-ove.nu\/index.php?rest_route=%2Fwp%2Fv2%2Fmedia&parent=16487"}],"wp:term":[{"taxonomy":"category","embeddable":true,"href":"https:\/\/sven-ove.nu\/index.php?rest_route=%2Fwp%2Fv2%2Fcategories&post=16487"},{"taxonomy":"post_tag","embeddable":true,"href":"https:\/\/sven-ove.nu\/index.php?rest_route=%2Fwp%2Fv2%2Ftags&post=16487"}],"curies":[{"name":"wp","href":"https:\/\/api.w.org\/{rel}","templated":true}]}}