{"id":16513,"date":"2016-12-06T03:00:30","date_gmt":"2016-12-06T02:00:30","guid":{"rendered":"http:\/\/sven-ove.nu\/?p=16513"},"modified":"2016-12-06T13:44:41","modified_gmt":"2016-12-06T12:44:41","slug":"16513","status":"publish","type":"post","link":"https:\/\/sven-ove.nu\/?p=16513","title":{"rendered":"Ett B-lag blir till"},"content":{"rendered":"<p><a href=\"https:\/\/sven-ove.nu\/wp-content\/uploads\/2016\/12\/Andraklassl\u00e4rarnas-sista-s\u00e5ng.jpg\"><img loading=\"lazy\" decoding=\"async\" class=\"size-full wp-image-16517 alignnone\" src=\"https:\/\/sven-ove.nu\/wp-content\/uploads\/2016\/12\/Andraklassl\u00e4rarnas-sista-s\u00e5ng.jpg\" alt=\"andraklasslararnas-sista-sang\" width=\"695\" height=\"468\" srcset=\"https:\/\/sven-ove.nu\/wp-content\/uploads\/2016\/12\/Andraklassl\u00e4rarnas-sista-s\u00e5ng.jpg 695w, https:\/\/sven-ove.nu\/wp-content\/uploads\/2016\/12\/Andraklassl\u00e4rarnas-sista-s\u00e5ng-300x202.jpg 300w\" sizes=\"auto, (max-width: 695px) 100vw, 695px\" \/><\/a><\/p>\n<p>Livet har sina utmaningar. Drygt fem \u00e5r var jag mellanchef och trivdes med det. Arbetskamraterna var duktiga och trevliga. Alla jobbade h\u00e5rt och sj\u00e4lvst\u00e4ndigt.<\/p>\n<p>En g\u00e5ng om \u00e5ret kom den sv\u00e5ra dagen. L\u00f6nesamtalet. Jag brukade kl\u00e4 upp mig i kavaj, av respekt f\u00f6r situationen och den jag skulle tala med. De visste att det var d\u00e4rf\u00f6r.<\/p>\n<p>Det tog ett tag, men s\u00e5 sm\u00e5ningom hade vi lyckats j\u00e4mna ut och h\u00f6ja l\u00f6nerna bland dem n\u00e5gorlunda, ibland med hj\u00e4lp av extrapotter som jag tjatade mig till uppifr\u00e5n.<\/p>\n<p>Nog om det, s\u00e5 hoppas jag varje mellanchef g\u00f6r, med motiverade och h\u00f6gt producerande medarbetare som \u00e4r v\u00e4rda det.<\/p>\n<p><strong>\u201dDu f\u00e5r m\u00e5nga tusen mindre\u201d<br \/>\n<\/strong>S\u00e5 g\u00f6r inte svenska skolpolitiker och kommuner just nu.<\/p>\n<p>Jag undrar hur vissa chefer inom skolan kl\u00e4dde sig inf\u00f6r de l\u00f6nesamtal de h\u00e5llit den senaste tiden? D\u00e5 n\u00e4r de skulle ber\u00e4tta f\u00f6r skolans l\u00e4rare att:<br \/>\n&#8211; Du f\u00e5r n\u00e4stan inget.<br \/>\n&#8211; Du f\u00e5r 2 500 kronor mer. Eller ja, plus de 5 000 mer du hade redan innan.<\/p>\n<p>Hur kan offentliga arbetsgivare bete sig s\u00e5 fruktansv\u00e4rt illa och klantigt att de i ett par raska drag skapar ett A- och ett B-lag i l\u00e4rarrummet? Skapar den nya gruppen \u201ds\u00e4mstal\u00e4rare\u201d eller \u201dandra klassens l\u00e4rare\u201d. N\u00e4r skolans syfte samtidigt \u00e4r att l\u00e4ra eleverna att alla m\u00e4nniskor har samma m\u00e4nniskov\u00e4rde.<\/p>\n<p>Hur kan r\u00f6dgr\u00f6na politiker g\u00f6ra det?<\/p>\n<p>Jag vill helst inte sv\u00e4ra h\u00e4r i spalten men just nu \u00e4r det s\u00e5 illa att jag inte \u00e4ger sv\u00e4rord j\u00e4vliga nog. Lyssna p\u00e5 Catta Jonssons ledsna s\u00e5ng i st\u00e4llet, till Mikael Wiehes melodi.<\/p>\n<p>Isberg har vi p\u00e5 n\u00e4rmare h\u00e5ll \u00e4n i Nordatlanten.<\/p>\n<p style=\"padding-left: 30px;\"><span style=\"color: #ff0000;\"><strong><a style=\"color: #ff0000;\" href=\"https:\/\/www.youtube.com\/watch?v=9tGpTJInH7s\">Andraklassl\u00e4rarnas sista s\u00e5ng<\/a><\/strong><\/span><\/p>\n<p style=\"padding-left: 30px;\"><em>### Tack till Gun-Britt Karlsson som tipsade om l\u00e5ten.<\/em><\/p>\n<p><span style=\"color: #0000ff;\"><a style=\"color: #0000ff;\" href=\"https:\/\/sven-ove.nu\/\">Hem<\/a><\/span>\u00a0|\u00a0<span style=\"color: #0000ff;\"><a style=\"color: #0000ff;\" href=\"https:\/\/sven-ove.nu\/?page_id=170\">Om mig<\/a><\/span>\u00a0|\u00a0<span style=\"color: #0000ff;\"><a style=\"color: #0000ff;\" href=\"https:\/\/sven-ove.nu\/?page_id=1385\">Skriva &amp; prata<\/a><\/span>\u00a0|\u00a0<span style=\"color: #0000ff;\"><a style=\"color: #0000ff;\" href=\"https:\/\/sven-ove.nu\/?page_id=100\">Politik<\/a><\/span>\u00a0|\u00a0<span style=\"color: #0000ff;\"><a style=\"color: #0000ff;\" href=\"https:\/\/sven-ove.nu\/?page_id=102\">L\u00f6pa<\/a><\/span>\u00a0|\u00a0<span style=\"color: #0000ff;\"><a style=\"color: #0000ff;\" href=\"https:\/\/sven-ove.nu\/?page_id=108\">Viktor Root<\/a><\/span>\u00a0| <a href=\"https:\/\/sven-ove.nu\/?page_id=15908\"><span style=\"color: #0000ff;\">Firman<\/span>\u00a0<\/a>|\u00a0<span style=\"color: #0000ff;\"><a style=\"color: #0000ff;\" href=\"https:\/\/sven-ove.nu\/?page_id=15638\">K\u00f4ppra<\/a><\/span><\/p>\n","protected":false},"excerpt":{"rendered":"<p>Livet har sina utmaningar. Drygt fem \u00e5r var jag mellanchef och trivdes med det. Arbetskamraterna var duktiga och trevliga. Alla jobbade h\u00e5rt och sj\u00e4lvst\u00e4ndigt. En g\u00e5ng om \u00e5ret kom den sv\u00e5ra dagen. L\u00f6nesamtalet. Jag brukade kl\u00e4 upp mig i kavaj, av respekt f\u00f6r situationen och den jag skulle tala med. De visste att det var &hellip; <a href=\"https:\/\/sven-ove.nu\/?p=16513\" class=\"more-link\">Forts\u00e4tt l\u00e4sa <span class=\"screen-reader-text\">Ett B-lag blir till<\/span><\/a><\/p>\n","protected":false},"author":1,"featured_media":0,"comment_status":"open","ping_status":"open","sticky":false,"template":"","format":"standard","meta":{"_crdt_document":"","_monsterinsights_skip_tracking":false,"_monsterinsights_sitenote_active":false,"_monsterinsights_sitenote_note":"","_monsterinsights_sitenote_category":0,"footnotes":""},"categories":[9],"tags":[3,16],"class_list":["post-16513","post","type-post","status-publish","format-standard","hentry","category-politik","tag-arbete","tag-dumheter"],"_links":{"self":[{"href":"https:\/\/sven-ove.nu\/index.php?rest_route=\/wp\/v2\/posts\/16513","targetHints":{"allow":["GET"]}}],"collection":[{"href":"https:\/\/sven-ove.nu\/index.php?rest_route=\/wp\/v2\/posts"}],"about":[{"href":"https:\/\/sven-ove.nu\/index.php?rest_route=\/wp\/v2\/types\/post"}],"author":[{"embeddable":true,"href":"https:\/\/sven-ove.nu\/index.php?rest_route=\/wp\/v2\/users\/1"}],"replies":[{"embeddable":true,"href":"https:\/\/sven-ove.nu\/index.php?rest_route=%2Fwp%2Fv2%2Fcomments&post=16513"}],"version-history":[{"count":10,"href":"https:\/\/sven-ove.nu\/index.php?rest_route=\/wp\/v2\/posts\/16513\/revisions"}],"predecessor-version":[{"id":16524,"href":"https:\/\/sven-ove.nu\/index.php?rest_route=\/wp\/v2\/posts\/16513\/revisions\/16524"}],"wp:attachment":[{"href":"https:\/\/sven-ove.nu\/index.php?rest_route=%2Fwp%2Fv2%2Fmedia&parent=16513"}],"wp:term":[{"taxonomy":"category","embeddable":true,"href":"https:\/\/sven-ove.nu\/index.php?rest_route=%2Fwp%2Fv2%2Fcategories&post=16513"},{"taxonomy":"post_tag","embeddable":true,"href":"https:\/\/sven-ove.nu\/index.php?rest_route=%2Fwp%2Fv2%2Ftags&post=16513"}],"curies":[{"name":"wp","href":"https:\/\/api.w.org\/{rel}","templated":true}]}}