{"id":1667,"date":"2012-03-26T06:00:10","date_gmt":"2012-03-26T05:00:10","guid":{"rendered":"http:\/\/sven-ove.nu\/?p=1667"},"modified":"2012-03-26T08:54:59","modified_gmt":"2012-03-26T07:54:59","slug":"sin-tids-calle","status":"publish","type":"post","link":"https:\/\/sven-ove.nu\/?p=1667","title":{"rendered":"Sin tids Calle?"},"content":{"rendered":"<p><a href=\"https:\/\/sven-ove.nu\/wp-content\/uploads\/2012\/03\/Sk\u00e4rmavbild-2012-03-25-kl.-11.36.39.png\"><img loading=\"lazy\" decoding=\"async\" class=\"alignleft size-full wp-image-1668\" title=\"Sk\u00e4rmavbild 2012-03-25 kl. 11.36.39\" src=\"https:\/\/sven-ove.nu\/wp-content\/uploads\/2012\/03\/Sk\u00e4rmavbild-2012-03-25-kl.-11.36.39.png\" alt=\"\" width=\"430\" height=\"271\" srcset=\"https:\/\/sven-ove.nu\/wp-content\/uploads\/2012\/03\/Sk\u00e4rmavbild-2012-03-25-kl.-11.36.39.png 430w, https:\/\/sven-ove.nu\/wp-content\/uploads\/2012\/03\/Sk\u00e4rmavbild-2012-03-25-kl.-11.36.39-300x189.png 300w\" sizes=\"auto, (max-width: 430px) 100vw, 430px\" \/><\/a><\/p>\n<p>&nbsp;<\/p>\n<p>&nbsp;<\/p>\n<p>&nbsp;<\/p>\n<p>&nbsp;<\/p>\n<p>&nbsp;<\/p>\n<p>&nbsp;<\/p>\n<p>&#8211; Den inrikes regeringens svar p\u00e5 Carl Bildt?<br \/>\n&#8211; Motbeviset mot det filosofiska p\u00e5st\u00e5endet \u201dtiga \u00e4r guld\u201d?<br \/>\n&#8211; V\u00e5rf\u00e5geln som inget kvittrar, inget s\u00e4ger, intet lyssnar?<br \/>\n&#8211; Bilden av v\u00e4ntan? 4 216 personer v\u00e4ntar och v\u00e4ntar och v\u00e4ntar och v\u00e4ntar och v\u00e4ntar och v\u00e4ntar och v\u00e4ntar, men m\u00e4staren tiger. Tyst som ett helt stadshus, sm\u00e5timmen efter ett val.<br \/>\n&#8211; Stj\u00e4rnorna twittrar det lika, om ministern \u00e4r tyst eller h\u00f6rs\u2026<\/p>\n<p>Vilken bild f\u00e5r du f\u00f6r din inre n\u00e4thinna?<br \/>\nBilden av ett riktigt p\u00e5sk\u00e4gg?<\/p>\n<p>&nbsp;<\/p>\n","protected":false},"excerpt":{"rendered":"<p>&nbsp; &nbsp; &nbsp; &nbsp; &nbsp; &nbsp; &#8211; Den inrikes regeringens svar p\u00e5 Carl Bildt? &#8211; Motbeviset mot det filosofiska p\u00e5st\u00e5endet \u201dtiga \u00e4r guld\u201d? &#8211; V\u00e5rf\u00e5geln som inget kvittrar, inget s\u00e4ger, intet lyssnar? &#8211; Bilden av v\u00e4ntan? 4 216 personer v\u00e4ntar och v\u00e4ntar och v\u00e4ntar och v\u00e4ntar och v\u00e4ntar och v\u00e4ntar och v\u00e4ntar, men m\u00e4staren tiger. &hellip; <a href=\"https:\/\/sven-ove.nu\/?p=1667\" class=\"more-link\">Forts\u00e4tt l\u00e4sa <span class=\"screen-reader-text\">Sin tids Calle?<\/span><\/a><\/p>\n","protected":false},"author":1,"featured_media":0,"comment_status":"open","ping_status":"open","sticky":false,"template":"","format":"standard","meta":{"_crdt_document":"","_monsterinsights_skip_tracking":false,"_monsterinsights_sitenote_active":false,"_monsterinsights_sitenote_note":"","_monsterinsights_sitenote_category":0,"footnotes":""},"categories":[9,4],"tags":[15],"class_list":["post-1667","post","type-post","status-publish","format-standard","hentry","category-politik","category-skrivande","tag-mediedjungeln"],"_links":{"self":[{"href":"https:\/\/sven-ove.nu\/index.php?rest_route=\/wp\/v2\/posts\/1667","targetHints":{"allow":["GET"]}}],"collection":[{"href":"https:\/\/sven-ove.nu\/index.php?rest_route=\/wp\/v2\/posts"}],"about":[{"href":"https:\/\/sven-ove.nu\/index.php?rest_route=\/wp\/v2\/types\/post"}],"author":[{"embeddable":true,"href":"https:\/\/sven-ove.nu\/index.php?rest_route=\/wp\/v2\/users\/1"}],"replies":[{"embeddable":true,"href":"https:\/\/sven-ove.nu\/index.php?rest_route=%2Fwp%2Fv2%2Fcomments&post=1667"}],"version-history":[{"count":5,"href":"https:\/\/sven-ove.nu\/index.php?rest_route=\/wp\/v2\/posts\/1667\/revisions"}],"predecessor-version":[{"id":1671,"href":"https:\/\/sven-ove.nu\/index.php?rest_route=\/wp\/v2\/posts\/1667\/revisions\/1671"}],"wp:attachment":[{"href":"https:\/\/sven-ove.nu\/index.php?rest_route=%2Fwp%2Fv2%2Fmedia&parent=1667"}],"wp:term":[{"taxonomy":"category","embeddable":true,"href":"https:\/\/sven-ove.nu\/index.php?rest_route=%2Fwp%2Fv2%2Fcategories&post=1667"},{"taxonomy":"post_tag","embeddable":true,"href":"https:\/\/sven-ove.nu\/index.php?rest_route=%2Fwp%2Fv2%2Ftags&post=1667"}],"curies":[{"name":"wp","href":"https:\/\/api.w.org\/{rel}","templated":true}]}}