{"id":16720,"date":"2016-12-31T03:00:06","date_gmt":"2016-12-31T02:00:06","guid":{"rendered":"http:\/\/sven-ove.nu\/?p=16720"},"modified":"2016-12-31T11:14:54","modified_gmt":"2016-12-31T10:14:54","slug":"vemod-over-tysta-kanoner","status":"publish","type":"post","link":"https:\/\/sven-ove.nu\/?p=16720","title":{"rendered":"Vemod \u00f6ver tysta kanoner"},"content":{"rendered":"<p><a href=\"https:\/\/sven-ove.nu\/wp-content\/uploads\/2016\/12\/Sn\u00f6kanon.jpg\"><img loading=\"lazy\" decoding=\"async\" class=\"size-full wp-image-16724 alignnone\" src=\"https:\/\/sven-ove.nu\/wp-content\/uploads\/2016\/12\/Sn\u00f6kanon.jpg\" alt=\"snokanon\" width=\"640\" height=\"640\" srcset=\"https:\/\/sven-ove.nu\/wp-content\/uploads\/2016\/12\/Sn\u00f6kanon.jpg 640w, https:\/\/sven-ove.nu\/wp-content\/uploads\/2016\/12\/Sn\u00f6kanon-150x150.jpg 150w, https:\/\/sven-ove.nu\/wp-content\/uploads\/2016\/12\/Sn\u00f6kanon-300x300.jpg 300w\" sizes=\"auto, (max-width: 640px) 100vw, 640px\" \/><\/a><\/p>\n<p style=\"padding-left: 30px;\"><em>Ett annat \u00e5r.<\/em><\/p>\n<blockquote><p>Det \u00e4r en vemodig sak att mitt mest bes\u00f6kta blogginl\u00e4gg 2016 var det h\u00e4r:\u00a0<span style=\"color: #0000ff;\"><a style=\"color: #0000ff;\" href=\"https:\/\/sven-ove.nu\/?p=8209\">En s\u00e4rskild plats i helvetet<\/a><\/span><\/p><\/blockquote>\n<p>Vemodigt f\u00f6r att det skrevs 2014.<\/p>\n<p>Vemodigt f\u00f6r att det tydligen ans\u00e5gs aktuellt i svenska skidsp\u00e5r i vintras med. N\u00e5gon m\u00e5ste ha l\u00e4nkat det och fixat alla bes\u00f6ken, jag gjorde det inte.<\/p>\n<p>Vemodigt n\u00e4r jag tittar ut p\u00e5 midvintergr\u00f6nskan, vemodigt n\u00e4r jag dessutom vet att sn\u00f6kanonerna vid v\u00e5r friluftsg\u00e5rd st\u00e5r tysta i vinter p\u00e5 grund av vattenbrist. Vemodigt.<\/p>\n<p><strong>Hot mot trivsam \u00e5rstid<br \/>\n<\/strong>Vi f\u00e5r ta nya tag, inte bara mot det mellanm\u00e4nskliga klimathotet, det finns ett hot mot en av v\u00e5ra trivsammare \u00e5rstider ocks\u00e5.<\/p>\n<p>Gott Nytt Kamp\u00e5r, allts\u00e5. Nu v\u00e4nder det.<br \/>\nTjohoo!<\/p>\n<p><span style=\"color: #ff0000;\"><strong><em>###<\/em><\/strong><\/span><em> Rubriken p\u00e5 inl\u00e4gget fr\u00e5n<\/em><em> den 1 februari<\/em><em> 2014 \u00e4r en travesti p\u00e5 <\/em><em>Liza Marklunds &amp; Lotta Snickares boktitel<\/em> <em><span style=\"color: #ff0000;\"><a style=\"color: #ff0000;\" href=\"http:\/\/www.bokus.com\/bok\/9789185625628\/det-finns-en-sarskild-plats-i-helvetet-for-kvinnor-som-inte-hjalper-varandra\/\">Det finns en s\u00e4rskild plats i helvetet f\u00f6r kvinnor som inte hj\u00e4lper varandra<\/a><\/span>.<\/em><\/p>\n<p style=\"text-align: left;\"><span style=\"color: #0000ff;\"><a style=\"color: #0000ff;\" href=\"https:\/\/sven-ove.nu\/\">Hem<\/a><\/span>\u00a0|\u00a0<span style=\"color: #0000ff;\"><a style=\"color: #0000ff;\" href=\"https:\/\/sven-ove.nu\/?page_id=170\">Om mig<\/a><\/span>\u00a0|\u00a0<span style=\"color: #0000ff;\"><a style=\"color: #0000ff;\" href=\"https:\/\/sven-ove.nu\/?page_id=1385\">Skriva &amp; prata<\/a><\/span>\u00a0|\u00a0<span style=\"color: #0000ff;\"><a style=\"color: #0000ff;\" href=\"https:\/\/sven-ove.nu\/?page_id=100\">Politik<\/a><\/span>\u00a0|\u00a0<span style=\"color: #0000ff;\"><a style=\"color: #0000ff;\" href=\"https:\/\/sven-ove.nu\/?page_id=102\">L\u00f6pa<\/a><\/span>\u00a0|\u00a0<span style=\"color: #0000ff;\"><a style=\"color: #0000ff;\" href=\"https:\/\/sven-ove.nu\/?page_id=108\">Viktor Root<\/a><\/span>\u00a0| <a href=\"https:\/\/sven-ove.nu\/?page_id=15908\"><span style=\"color: #0000ff;\">Firman<\/span>\u00a0<\/a>|\u00a0<span style=\"color: #0000ff;\"><a style=\"color: #0000ff;\" href=\"https:\/\/sven-ove.nu\/?page_id=15638\">K\u00f4ppra<\/a><\/span><\/p>\n","protected":false},"excerpt":{"rendered":"<p>Ett annat \u00e5r. Det \u00e4r en vemodig sak att mitt mest bes\u00f6kta blogginl\u00e4gg 2016 var det h\u00e4r:\u00a0En s\u00e4rskild plats i helvetet Vemodigt f\u00f6r att det skrevs 2014. Vemodigt f\u00f6r att det tydligen ans\u00e5gs aktuellt i svenska skidsp\u00e5r i vintras med. N\u00e5gon m\u00e5ste ha l\u00e4nkat det och fixat alla bes\u00f6ken, jag gjorde det inte. Vemodigt n\u00e4r &hellip; <a href=\"https:\/\/sven-ove.nu\/?p=16720\" class=\"more-link\">Forts\u00e4tt l\u00e4sa <span class=\"screen-reader-text\">Vemod \u00f6ver tysta kanoner<\/span><\/a><\/p>\n","protected":false},"author":1,"featured_media":0,"comment_status":"open","ping_status":"open","sticky":false,"template":"","format":"standard","meta":{"_crdt_document":"","_monsterinsights_skip_tracking":false,"_monsterinsights_sitenote_active":false,"_monsterinsights_sitenote_note":"","_monsterinsights_sitenote_category":0,"footnotes":""},"categories":[5,6,9],"tags":[16,18,15,7,21,17,13],"class_list":["post-16720","post","type-post","status-publish","format-standard","hentry","category-lopning","category-natur","category-politik","tag-dumheter","tag-lardomar","tag-mediedjungeln","tag-miljo","tag-ord","tag-solidaritet","tag-utrustning"],"_links":{"self":[{"href":"https:\/\/sven-ove.nu\/index.php?rest_route=\/wp\/v2\/posts\/16720","targetHints":{"allow":["GET"]}}],"collection":[{"href":"https:\/\/sven-ove.nu\/index.php?rest_route=\/wp\/v2\/posts"}],"about":[{"href":"https:\/\/sven-ove.nu\/index.php?rest_route=\/wp\/v2\/types\/post"}],"author":[{"embeddable":true,"href":"https:\/\/sven-ove.nu\/index.php?rest_route=\/wp\/v2\/users\/1"}],"replies":[{"embeddable":true,"href":"https:\/\/sven-ove.nu\/index.php?rest_route=%2Fwp%2Fv2%2Fcomments&post=16720"}],"version-history":[{"count":9,"href":"https:\/\/sven-ove.nu\/index.php?rest_route=\/wp\/v2\/posts\/16720\/revisions"}],"predecessor-version":[{"id":16730,"href":"https:\/\/sven-ove.nu\/index.php?rest_route=\/wp\/v2\/posts\/16720\/revisions\/16730"}],"wp:attachment":[{"href":"https:\/\/sven-ove.nu\/index.php?rest_route=%2Fwp%2Fv2%2Fmedia&parent=16720"}],"wp:term":[{"taxonomy":"category","embeddable":true,"href":"https:\/\/sven-ove.nu\/index.php?rest_route=%2Fwp%2Fv2%2Fcategories&post=16720"},{"taxonomy":"post_tag","embeddable":true,"href":"https:\/\/sven-ove.nu\/index.php?rest_route=%2Fwp%2Fv2%2Ftags&post=16720"}],"curies":[{"name":"wp","href":"https:\/\/api.w.org\/{rel}","templated":true}]}}