{"id":16731,"date":"2017-01-02T03:00:03","date_gmt":"2017-01-02T02:00:03","guid":{"rendered":"http:\/\/sven-ove.nu\/?p=16731"},"modified":"2017-01-01T19:43:40","modified_gmt":"2017-01-01T18:43:40","slug":"16731","status":"publish","type":"post","link":"https:\/\/sven-ove.nu\/?p=16731","title":{"rendered":"Helt enkelt underbart"},"content":{"rendered":"<p>2017 blir ljust och vackert.<br \/>\n2017 slipper en sk\u00e4mmas f\u00f6r hur v\u00e5rt land tar emot m\u00e4nniskor p\u00e5 flykt.<\/p>\n<p>2017 blir ett solidariskt \u00e5r.<br \/>\n2017 slipper vi se klyftan mellan fattiga och rika \u00f6ka.<\/p>\n<p>2017 blir ett folkvettets och g\u00e4stfrihetens \u00e5r.<br \/>\n2017 slipper en se unga m\u00e4n bli hemskickade till l\u00e4nder d\u00e4r de riskerar att d\u00f6das.<\/p>\n<p>2017 blir ett humorns och det k\u00e4ra skrattets \u00e5r.<br \/>\nSj\u00e4lv kommer jag att l\u00e4ra mig stava till gittarr och aborre \ud83d\ude09 och de som kan f\u00e4lla bomber kommer att l\u00e4ra sig l\u00e5ta bli.<br \/>\n2017 kommer krigsrubrikerna att sluta handla om krig.<\/p>\n<p>2017 blir varenda m\u00e4nska klokare, hennes hudf\u00e4rg ointressant och hennes m\u00e4nniskov\u00e4rde okr\u00e4nkbart.<br \/>\n2017 b\u00f6rjar klimatet p\u00e5 klotet friskna till s\u00e5 sakta.<\/p>\n<p>Folk jag k\u00e4nner och m\u00e5nga andra blir ocks\u00e5 friskare, hurra!<\/p>\n<p>2017 f\u00e5r \u00e4ven kvinnor i min kommun arbetskl\u00e4der, fast de inte fraktar sanden, bara leker med barnkommunens barn i den.<\/p>\n<p>2017 blir j\u00e4mt g\u00f4rbra. Min kondition blir som p\u00e5 en 63-\u00e5ring, min dator f\u00e5r \u00e5rhundradets skrivlust i flera m\u00e5nader, min matlagningskonst g\u00e5r fr\u00e5n falukorv till smoothie, solskensjuice, ja rent av gr\u00f6nsallad med fetaost, ty mod f\u00e5r jag kilovis.<\/p>\n<p>Sl\u00e4ng er i v\u00e4ggen vildsvin, annars hamnar ni ocks\u00e5 i pannan.<\/p>\n<p>2017 kommer att levla, som vi s\u00e4ger p\u00e5 Grossbolstorps h\u00f6jder.<br \/>\n2017 blir verkligen ett \u00e5r att mejla hem om.<br \/>\n2017! Piggt #som17.<\/p>\n<p style=\"padding-left: 30px;\"><span style=\"color: #ff6600;\">***<\/span><\/p>\n<p>Har jag t\u00e4nkt.<\/p>\n<p><span style=\"color: #0000ff;\"><a href=\"https:\/\/sven-ove.nu\/wp-content\/uploads\/2017\/01\/Solen-g\u00e5r-upp.jpg\"><img loading=\"lazy\" decoding=\"async\" class=\"alignright size-thumbnail wp-image-16737\" src=\"https:\/\/sven-ove.nu\/wp-content\/uploads\/2017\/01\/Solen-g\u00e5r-upp-150x150.jpg\" alt=\"solen-gar-upp\" width=\"150\" height=\"150\" srcset=\"https:\/\/sven-ove.nu\/wp-content\/uploads\/2017\/01\/Solen-g\u00e5r-upp-150x150.jpg 150w, https:\/\/sven-ove.nu\/wp-content\/uploads\/2017\/01\/Solen-g\u00e5r-upp-300x300.jpg 300w, https:\/\/sven-ove.nu\/wp-content\/uploads\/2017\/01\/Solen-g\u00e5r-upp.jpg 640w\" sizes=\"auto, (max-width: 150px) 100vw, 150px\" \/><\/a><a style=\"color: #0000ff;\" href=\"https:\/\/sven-ove.nu\/\">Hem<\/a><\/span>\u00a0|\u00a0<span style=\"color: #0000ff;\"><a style=\"color: #0000ff;\" href=\"https:\/\/sven-ove.nu\/?page_id=170\">Om mig<\/a><\/span>\u00a0|\u00a0<span style=\"color: #0000ff;\"><a style=\"color: #0000ff;\" href=\"https:\/\/sven-ove.nu\/?page_id=1385\">Skriva &amp; prata<\/a><\/span>\u00a0|\u00a0<span style=\"color: #0000ff;\"><a style=\"color: #0000ff;\" href=\"https:\/\/sven-ove.nu\/?page_id=100\">Politik<\/a><\/span>\u00a0|\u00a0<span style=\"color: #0000ff;\"><a style=\"color: #0000ff;\" href=\"https:\/\/sven-ove.nu\/?page_id=102\">L\u00f6pa<\/a><\/span>\u00a0|\u00a0<span style=\"color: #0000ff;\"><a style=\"color: #0000ff;\" href=\"https:\/\/sven-ove.nu\/?page_id=108\">Viktor Root<\/a><\/span>\u00a0| <a href=\"https:\/\/sven-ove.nu\/?page_id=15908\"><span style=\"color: #0000ff;\">Firman<\/span>\u00a0<\/a>|\u00a0<span style=\"color: #0000ff;\"><a style=\"color: #0000ff;\" href=\"https:\/\/sven-ove.nu\/?page_id=15638\">K\u00f4ppra<\/a><\/span><\/p>\n","protected":false},"excerpt":{"rendered":"<p>2017 blir ljust och vackert. 2017 slipper en sk\u00e4mmas f\u00f6r hur v\u00e5rt land tar emot m\u00e4nniskor p\u00e5 flykt. 2017 blir ett solidariskt \u00e5r. 2017 slipper vi se klyftan mellan fattiga och rika \u00f6ka. 2017 blir ett folkvettets och g\u00e4stfrihetens \u00e5r. 2017 slipper en se unga m\u00e4n bli hemskickade till l\u00e4nder d\u00e4r de riskerar att d\u00f6das. &hellip; <a href=\"https:\/\/sven-ove.nu\/?p=16731\" class=\"more-link\">Forts\u00e4tt l\u00e4sa <span class=\"screen-reader-text\">Helt enkelt underbart<\/span><\/a><\/p>\n","protected":false},"author":1,"featured_media":16737,"comment_status":"open","ping_status":"open","sticky":false,"template":"","format":"standard","meta":{"_crdt_document":"","_monsterinsights_skip_tracking":false,"_monsterinsights_sitenote_active":false,"_monsterinsights_sitenote_note":"","_monsterinsights_sitenote_category":0,"footnotes":""},"categories":[10,28,5,6,9,4],"tags":[24,17],"class_list":["post-16731","post","type-post","status-publish","format-standard","has-post-thumbnail","hentry","category-familjen","category-kreativt-folk","category-lopning","category-natur","category-politik","category-skrivande","tag-karlek","tag-solidaritet"],"_links":{"self":[{"href":"https:\/\/sven-ove.nu\/index.php?rest_route=\/wp\/v2\/posts\/16731","targetHints":{"allow":["GET"]}}],"collection":[{"href":"https:\/\/sven-ove.nu\/index.php?rest_route=\/wp\/v2\/posts"}],"about":[{"href":"https:\/\/sven-ove.nu\/index.php?rest_route=\/wp\/v2\/types\/post"}],"author":[{"embeddable":true,"href":"https:\/\/sven-ove.nu\/index.php?rest_route=\/wp\/v2\/users\/1"}],"replies":[{"embeddable":true,"href":"https:\/\/sven-ove.nu\/index.php?rest_route=%2Fwp%2Fv2%2Fcomments&post=16731"}],"version-history":[{"count":11,"href":"https:\/\/sven-ove.nu\/index.php?rest_route=\/wp\/v2\/posts\/16731\/revisions"}],"predecessor-version":[{"id":16743,"href":"https:\/\/sven-ove.nu\/index.php?rest_route=\/wp\/v2\/posts\/16731\/revisions\/16743"}],"wp:featuredmedia":[{"embeddable":true,"href":"https:\/\/sven-ove.nu\/index.php?rest_route=\/wp\/v2\/media\/16737"}],"wp:attachment":[{"href":"https:\/\/sven-ove.nu\/index.php?rest_route=%2Fwp%2Fv2%2Fmedia&parent=16731"}],"wp:term":[{"taxonomy":"category","embeddable":true,"href":"https:\/\/sven-ove.nu\/index.php?rest_route=%2Fwp%2Fv2%2Fcategories&post=16731"},{"taxonomy":"post_tag","embeddable":true,"href":"https:\/\/sven-ove.nu\/index.php?rest_route=%2Fwp%2Fv2%2Ftags&post=16731"}],"curies":[{"name":"wp","href":"https:\/\/api.w.org\/{rel}","templated":true}]}}