{"id":16744,"date":"2017-01-03T03:00:34","date_gmt":"2017-01-03T02:00:34","guid":{"rendered":"http:\/\/sven-ove.nu\/?p=16744"},"modified":"2017-01-02T19:16:42","modified_gmt":"2017-01-02T18:16:42","slug":"tycker-du-om-djur-men-inte-om-manniskor","status":"publish","type":"post","link":"https:\/\/sven-ove.nu\/?p=16744","title":{"rendered":"Tycker du om djur men inte om m\u00e4nniskor?"},"content":{"rendered":"<p><a href=\"https:\/\/sven-ove.nu\/wp-content\/uploads\/2017\/01\/Sk\u00e4rmavbild-2017-01-02-kl.-16.17.26.jpg\"><img loading=\"lazy\" decoding=\"async\" class=\"size-full wp-image-16748 alignnone\" src=\"https:\/\/sven-ove.nu\/wp-content\/uploads\/2017\/01\/Sk\u00e4rmavbild-2017-01-02-kl.-16.17.26.jpg\" alt=\"skarmavbild-2017-01-02-kl-16-17-26\" width=\"698\" height=\"559\" srcset=\"https:\/\/sven-ove.nu\/wp-content\/uploads\/2017\/01\/Sk\u00e4rmavbild-2017-01-02-kl.-16.17.26.jpg 698w, https:\/\/sven-ove.nu\/wp-content\/uploads\/2017\/01\/Sk\u00e4rmavbild-2017-01-02-kl.-16.17.26-300x240.jpg 300w\" sizes=\"auto, (max-width: 698px) 100vw, 698px\" \/><\/a><\/p>\n<blockquote><p>V\u00e5r familj har n\u00e4stan alltid haft katter och \u00e4lskat dem. N\u00e4r jag var barn bodde vi p\u00e5 en liten bondg\u00e5rd d\u00e4r i stort sett vartenda kreatur hade namn och blev kliat bakom \u00f6ronen. Vi tyckte om djur, det gjorde alla v\u00e5ra grannar.<\/p>\n<p>Det var s\u00e5 vi s\u00e5g p\u00e5 livet.<\/p><\/blockquote>\n<p>Sedan dess har jag sv\u00e5rt f\u00f6r folk som gillar djur men inte m\u00e4nniskor. R\u00e4cker inte din k\u00e4rlek till b\u00e5da \u00e4r du inte mycket till m\u00e4nniska.<\/p>\n<p>D\u00e4rf\u00f6r \u00e4r det bedr\u00f6vligt hur den unge efters\u00f6ksj\u00e4garen i Kil utanf\u00f6r Karlstad blivit utsatt, nu igen. Det \u00e4r dessutom illa att Naturskyddsf\u00f6reningen och andra liknande organisationer inte tar avst\u00e5nd fr\u00e5n v\u00e5ldet, vad jag kan se.<\/p>\n<p>Jag \u00e4r medlem i f\u00f6reningen men h\u00e5ller p\u00e5 att tr\u00f6ttna, i takt med att den\u00a0v\u00e4grar ta sitt ansvar.<\/p>\n<p><strong>\u00d6verfallen, bilen br\u00e4nd<br \/>\n<\/strong>H\u00e4romdagen blev den unge mannen <span style=\"color: #0000ff;\"><a style=\"color: #0000ff;\" href=\"http:\/\/sverigesradio.se\/sida\/artikel.aspx?programid=93&amp;artikel=6599933\" target=\"_blank\">\u00f6verfallen<\/a><\/span> och <span style=\"color: #0000ff;\"><a style=\"color: #0000ff;\" href=\"http:\/\/svenskjakt.se\/start\/nyhet\/eftersoksjagare-nerslagen\/\" target=\"_blank\">nedslagen<\/a><\/span> utanf\u00f6r sin bostad. Innan dess fick han sin bil vandaliserad. F\u00f6r ett \u00e5r sedan blev han mordhotad och han har f\u00e5tt ta emot m\u00e5nga andra hot per telefon. En tidigare bil blev f\u00f6rst repad och fick framrutan krossad, senare eldades den upp.<\/p>\n<p>Allt f\u00f6r att han genomf\u00f6rde sitt uppdrag fr\u00e5n oss andra och avlivade en trafikskadad varg f\u00f6r ett \u00e5r sedan. Befriade den fr\u00e5n sm\u00e4rta och framtida sv\u00e4lt.<\/p>\n<p>Allt f\u00f6r att n\u00e5gon eller n\u00e5gra inte l\u00e4st sin l\u00e4xa, den om m\u00e4nniskosynen men ocks\u00e5 om djurv\u00e5rden. Den dag v\u00e5ra efters\u00f6ksj\u00e4gare slutar st\u00e4da upp efter trafiken kommer Sveriges skogar att vimla av trafikskadade \u00e4lgar, r\u00e5djur, vildsvin och r\u00e5djur.<\/p>\n<p>De djuren kommer att lida.<br \/>\nDe kommer inte att f\u00e5 n\u00e5gon lindring.<\/p>\n<p>Skamligt.<\/p>\n<p><span style=\"color: #0000ff;\"><a style=\"color: #0000ff;\" href=\"https:\/\/sven-ove.nu\/\">Hem<\/a><\/span>\u00a0|\u00a0<span style=\"color: #0000ff;\"><a style=\"color: #0000ff;\" href=\"https:\/\/sven-ove.nu\/?page_id=170\">Om mig<\/a>\u00a0<\/span>|\u00a0<span style=\"color: #0000ff;\"><a style=\"color: #0000ff;\" href=\"https:\/\/sven-ove.nu\/?page_id=1385\">Skriva &amp; prata<\/a><\/span>\u00a0|\u00a0<span style=\"color: #0000ff;\"><a style=\"color: #0000ff;\" href=\"https:\/\/sven-ove.nu\/?page_id=100\">Politik<\/a><\/span>\u00a0|\u00a0<span style=\"color: #0000ff;\"><a style=\"color: #0000ff;\" href=\"https:\/\/sven-ove.nu\/?page_id=102\">L\u00f6pa<\/a><\/span>\u00a0|\u00a0<span style=\"color: #0000ff;\"><a style=\"color: #0000ff;\" href=\"https:\/\/sven-ove.nu\/?page_id=108\">Viktor Root<\/a><\/span>\u00a0| <a href=\"https:\/\/sven-ove.nu\/?page_id=15908\"><span style=\"color: #0000ff;\">Firman<\/span>\u00a0<\/a>|\u00a0<span style=\"color: #0000ff;\"><a style=\"color: #0000ff;\" href=\"https:\/\/sven-ove.nu\/?page_id=15638\">K\u00f4ppra<\/a><\/span><\/p>\n","protected":false},"excerpt":{"rendered":"<p>V\u00e5r familj har n\u00e4stan alltid haft katter och \u00e4lskat dem. N\u00e4r jag var barn bodde vi p\u00e5 en liten bondg\u00e5rd d\u00e4r i stort sett vartenda kreatur hade namn och blev kliat bakom \u00f6ronen. Vi tyckte om djur, det gjorde alla v\u00e5ra grannar. Det var s\u00e5 vi s\u00e5g p\u00e5 livet. Sedan dess har jag sv\u00e5rt f\u00f6r &hellip; <a href=\"https:\/\/sven-ove.nu\/?p=16744\" class=\"more-link\">Forts\u00e4tt l\u00e4sa <span class=\"screen-reader-text\">Tycker du om djur men inte om m\u00e4nniskor?<\/span><\/a><\/p>\n","protected":false},"author":1,"featured_media":0,"comment_status":"open","ping_status":"open","sticky":false,"template":"","format":"standard","meta":{"_crdt_document":"","_monsterinsights_skip_tracking":false,"_monsterinsights_sitenote_active":false,"_monsterinsights_sitenote_note":"","_monsterinsights_sitenote_category":0,"footnotes":""},"categories":[6,9],"tags":[16,18,14,7],"class_list":["post-16744","post","type-post","status-publish","format-standard","hentry","category-natur","category-politik","tag-dumheter","tag-lardomar","tag-lasning","tag-miljo"],"_links":{"self":[{"href":"https:\/\/sven-ove.nu\/index.php?rest_route=\/wp\/v2\/posts\/16744","targetHints":{"allow":["GET"]}}],"collection":[{"href":"https:\/\/sven-ove.nu\/index.php?rest_route=\/wp\/v2\/posts"}],"about":[{"href":"https:\/\/sven-ove.nu\/index.php?rest_route=\/wp\/v2\/types\/post"}],"author":[{"embeddable":true,"href":"https:\/\/sven-ove.nu\/index.php?rest_route=\/wp\/v2\/users\/1"}],"replies":[{"embeddable":true,"href":"https:\/\/sven-ove.nu\/index.php?rest_route=%2Fwp%2Fv2%2Fcomments&post=16744"}],"version-history":[{"count":8,"href":"https:\/\/sven-ove.nu\/index.php?rest_route=\/wp\/v2\/posts\/16744\/revisions"}],"predecessor-version":[{"id":16753,"href":"https:\/\/sven-ove.nu\/index.php?rest_route=\/wp\/v2\/posts\/16744\/revisions\/16753"}],"wp:attachment":[{"href":"https:\/\/sven-ove.nu\/index.php?rest_route=%2Fwp%2Fv2%2Fmedia&parent=16744"}],"wp:term":[{"taxonomy":"category","embeddable":true,"href":"https:\/\/sven-ove.nu\/index.php?rest_route=%2Fwp%2Fv2%2Fcategories&post=16744"},{"taxonomy":"post_tag","embeddable":true,"href":"https:\/\/sven-ove.nu\/index.php?rest_route=%2Fwp%2Fv2%2Ftags&post=16744"}],"curies":[{"name":"wp","href":"https:\/\/api.w.org\/{rel}","templated":true}]}}