{"id":16755,"date":"2017-01-04T03:00:30","date_gmt":"2017-01-04T02:00:30","guid":{"rendered":"http:\/\/sven-ove.nu\/?p=16755"},"modified":"2017-01-03T22:58:02","modified_gmt":"2017-01-03T21:58:02","slug":"har-landsbygden-en-chans","status":"publish","type":"post","link":"https:\/\/sven-ove.nu\/?p=16755","title":{"rendered":"Har glesbygden en chans?"},"content":{"rendered":"<p><a href=\"https:\/\/sven-ove.nu\/wp-content\/uploads\/2017\/01\/VF-serien.jpg\"><img loading=\"lazy\" decoding=\"async\" class=\"size-large wp-image-16759 alignnone\" src=\"https:\/\/sven-ove.nu\/wp-content\/uploads\/2017\/01\/VF-serien-1024x722.jpg\" alt=\"vf-serien\" width=\"660\" height=\"465\" srcset=\"https:\/\/sven-ove.nu\/wp-content\/uploads\/2017\/01\/VF-serien-1024x722.jpg 1024w, https:\/\/sven-ove.nu\/wp-content\/uploads\/2017\/01\/VF-serien-300x212.jpg 300w, https:\/\/sven-ove.nu\/wp-content\/uploads\/2017\/01\/VF-serien.jpg 1629w\" sizes=\"auto, (max-width: 660px) 100vw, 660px\" \/><\/a><\/p>\n<blockquote><p>Vill vi att dagstidningen ska \u00f6verleva i digitala tider, n\u00e4r Facebook, Google och andra tar annonspengarna och d\u00e4rmed maten ur munnen p\u00e5 den? D\u00e5 tror jag l\u00f6sningen bland annat finns i s\u00e5dana h\u00e4r redaktionella satsningar:<\/p><\/blockquote>\n<p>V\u00e4rmlands Folkblad utm\u00e4rker sig st\u00e4ndigt i sin kamp f\u00f6r m\u00e5ngfald och medm\u00e4nsklighet, mot fr\u00e4mlingsfientlighet. N\u00e4r det tidiga 2000-talets mediehistoria ska skrivas kommer chefredakt\u00f6ren Peter Franke och andra ledarskribenter p\u00e5 VF att hedras mer \u00e4n m\u00e5nga inser i dag.<\/p>\n<p>H\u00e4r \u00e4r l\u00e4nkar till en annan satsning fr\u00e5n det v\u00e4rml\u00e4ndska folkbladet. VF:s ambiti\u00f6sa serie kring landsbygd och mindre orter och deras m\u00f6jliga \u00f6verlevnad. L\u00e4s Johanna Rickans och Daniel Olaussons reportage och Peter Frankes ledare.<\/p>\n<p>M\u00e5ste vi alla bo i Stockholm, G\u00f6teborg eller Malm\u00f6?<br \/>\nOm svaret \u00e4r nej, vad b\u00f6r g\u00f6ras? L\u00e4ra av Norge?<\/p>\n<h3><span style=\"color: #808080;\"><strong>V\u00e4rmlands Folkblads\u00a0serie<br \/>\n<span style=\"color: #000000;\">DOKUMENT: AVFOLKNING<\/span><\/strong><\/span><\/h3>\n<p><em>27 dec:<\/em> <span style=\"color: #0000ff;\"><a style=\"color: #0000ff;\" href=\"http:\/\/www.vf.se\/nyheter\/man-trodde-det-skulle-ordna-sig-pa-nagot-vis\/\">LESJ\u00d6FORS: &#8221;Man trodde det skulle ordna sig p\u00e5 n\u00e5got vis&#8221;<\/a><\/span><\/p>\n<p><em>28 dec:<\/em> <a href=\"http:\/\/www.vf.se\/hagfors\/forsvinner-jarnverket-finns-det-inget-hagfors-kvar\/\"><span style=\"color: #0000ff;\">HAGFORS: &#8221;F\u00f6rsvinner j\u00e4rnverket finns inget Hagfors kvar&#8221;<\/span><br \/>\n<\/a><em>28 dec:<\/em> <span style=\"color: #0000ff;\"><a style=\"color: #0000ff;\" href=\"http:\/\/www.vf.se\/karlstad\/urbaniseringen-ar-ingen-naturkraft\/\">STATSVETAREN: &#8221;Urbaniseringen \u00e4r ingen naturkraft&#8221;<\/a><\/span><\/p>\n<p><em>29 dec:<\/em> <a href=\"http:\/\/www.vf.se\/munkfors\/ett-glest-varmland-lockar-en-ny-generation-hollandare\/\"><span style=\"color: #0000ff;\">MUNKFORS: Glest V\u00e4rmland lockar ny generation holl\u00e4ndare<\/span><br \/>\n<\/a><em>29 dec:<\/em> <a href=\"http:\/\/www.vf.se\/karlstad\/det-finns-en-risk-att-vi-far-en-etniskt-delad-arbetsmarknad\/\"><span style=\"color: #0000ff;\">PROFESSORN: &#8221;Risk att vi f\u00e5r en etnisk delad arbetsmarknad&#8221;<\/span><br \/>\n<\/a><em>29 dec:<\/em> <span style=\"color: #0000ff;\"><a style=\"color: #0000ff;\" href=\"http:\/\/www.vf.se\/torsby\/arbetsmarknadsrad-ska-locka-spetskompetensen-till-varmland\/\">V\u00c4RMLAND: Arbetsmarknadsr\u00e5d ska locka spetskompetensen<\/a><\/span><\/p>\n<p><em>30 dec:<\/em> <span style=\"color: #0000ff;\"><a style=\"color: #0000ff;\" href=\"http:\/\/www.vf.se\/sunne\/du-behover-inte-flytta-till-storstaden-for-att-lyckas\/\">SUNNE: &#8221;Du beh\u00f6ver inte flytta till storstaden f\u00f6r att lyckas&#8221;<\/a><\/span><\/p>\n<p><em>31 dec:<\/em> <span style=\"color: #0000ff;\"><a style=\"color: #0000ff;\" href=\"http:\/\/www.vf.se\/nyheter\/norska-modellen-ett-foredome\/\">NORGE: Norska modellen ett f\u00f6red\u00f6me<\/a><\/span><\/p>\n<p><em>3 jan:<\/em> <span style=\"color: #0000ff;\"><a style=\"color: #0000ff;\" href=\"http:\/\/www.vf.se\/ledare\/trenden-gar-att-vanda\/\">LEDARE: Trenden g\u00e5r att v\u00e4nda<\/a><\/span><\/p>\n<p style=\"text-align: left;\"><span style=\"color: #0000ff;\"><a style=\"color: #0000ff;\" href=\"https:\/\/sven-ove.nu\/\">Hem<\/a><\/span>\u00a0|\u00a0<span style=\"color: #0000ff;\"><a style=\"color: #0000ff;\" href=\"https:\/\/sven-ove.nu\/?page_id=170\">Om mig<\/a><\/span>\u00a0|\u00a0<span style=\"color: #0000ff;\"><a style=\"color: #0000ff;\" href=\"https:\/\/sven-ove.nu\/?page_id=1385\">Skriva &amp; prata<\/a><\/span>\u00a0|\u00a0<span style=\"color: #0000ff;\"><a style=\"color: #0000ff;\" href=\"https:\/\/sven-ove.nu\/?page_id=100\">Politik<\/a><\/span>\u00a0|\u00a0<span style=\"color: #0000ff;\"><a style=\"color: #0000ff;\" href=\"https:\/\/sven-ove.nu\/?page_id=102\">L\u00f6pa<\/a><\/span>\u00a0|\u00a0<span style=\"color: #0000ff;\"><a style=\"color: #0000ff;\" href=\"https:\/\/sven-ove.nu\/?page_id=108\">Viktor Root<\/a><\/span>\u00a0| <a href=\"https:\/\/sven-ove.nu\/?page_id=15908\"><span style=\"color: #0000ff;\">Firman<\/span>\u00a0<\/a>|\u00a0<span style=\"color: #0000ff;\"><a style=\"color: #0000ff;\" href=\"https:\/\/sven-ove.nu\/?page_id=15638\">K\u00f4ppra<\/a><\/span><\/p>\n","protected":false},"excerpt":{"rendered":"<p>Vill vi att dagstidningen ska \u00f6verleva i digitala tider, n\u00e4r Facebook, Google och andra tar annonspengarna och d\u00e4rmed maten ur munnen p\u00e5 den? D\u00e5 tror jag l\u00f6sningen bland annat finns i s\u00e5dana h\u00e4r redaktionella satsningar: V\u00e4rmlands Folkblad utm\u00e4rker sig st\u00e4ndigt i sin kamp f\u00f6r m\u00e5ngfald och medm\u00e4nsklighet, mot fr\u00e4mlingsfientlighet. N\u00e4r det tidiga 2000-talets mediehistoria ska &hellip; <a href=\"https:\/\/sven-ove.nu\/?p=16755\" class=\"more-link\">Forts\u00e4tt l\u00e4sa <span class=\"screen-reader-text\">Har glesbygden en chans?<\/span><\/a><\/p>\n","protected":false},"author":1,"featured_media":0,"comment_status":"open","ping_status":"open","sticky":false,"template":"","format":"standard","meta":{"_crdt_document":"","_monsterinsights_skip_tracking":false,"_monsterinsights_sitenote_active":false,"_monsterinsights_sitenote_note":"","_monsterinsights_sitenote_category":0,"footnotes":""},"categories":[28,6,9,4],"tags":[3,8,25,18,14,15,17],"class_list":["post-16755","post","type-post","status-publish","format-standard","hentry","category-kreativt-folk","category-natur","category-politik","category-skrivande","tag-arbete","tag-historia","tag-kartan","tag-lardomar","tag-lasning","tag-mediedjungeln","tag-solidaritet"],"_links":{"self":[{"href":"https:\/\/sven-ove.nu\/index.php?rest_route=\/wp\/v2\/posts\/16755","targetHints":{"allow":["GET"]}}],"collection":[{"href":"https:\/\/sven-ove.nu\/index.php?rest_route=\/wp\/v2\/posts"}],"about":[{"href":"https:\/\/sven-ove.nu\/index.php?rest_route=\/wp\/v2\/types\/post"}],"author":[{"embeddable":true,"href":"https:\/\/sven-ove.nu\/index.php?rest_route=\/wp\/v2\/users\/1"}],"replies":[{"embeddable":true,"href":"https:\/\/sven-ove.nu\/index.php?rest_route=%2Fwp%2Fv2%2Fcomments&post=16755"}],"version-history":[{"count":16,"href":"https:\/\/sven-ove.nu\/index.php?rest_route=\/wp\/v2\/posts\/16755\/revisions"}],"predecessor-version":[{"id":16773,"href":"https:\/\/sven-ove.nu\/index.php?rest_route=\/wp\/v2\/posts\/16755\/revisions\/16773"}],"wp:attachment":[{"href":"https:\/\/sven-ove.nu\/index.php?rest_route=%2Fwp%2Fv2%2Fmedia&parent=16755"}],"wp:term":[{"taxonomy":"category","embeddable":true,"href":"https:\/\/sven-ove.nu\/index.php?rest_route=%2Fwp%2Fv2%2Fcategories&post=16755"},{"taxonomy":"post_tag","embeddable":true,"href":"https:\/\/sven-ove.nu\/index.php?rest_route=%2Fwp%2Fv2%2Ftags&post=16755"}],"curies":[{"name":"wp","href":"https:\/\/api.w.org\/{rel}","templated":true}]}}