{"id":16802,"date":"2017-01-07T10:18:27","date_gmt":"2017-01-07T09:18:27","guid":{"rendered":"http:\/\/sven-ove.nu\/?p=16802"},"modified":"2017-01-07T10:24:20","modified_gmt":"2017-01-07T09:24:20","slug":"16802","status":"publish","type":"post","link":"https:\/\/sven-ove.nu\/?p=16802","title":{"rendered":"N\u00e4r inte pl\u00e5stren hj\u00e4lper"},"content":{"rendered":"<p><a href=\"https:\/\/sven-ove.nu\/wp-content\/uploads\/2017\/01\/Mistel.jpg\"><img loading=\"lazy\" decoding=\"async\" class=\"size-large wp-image-16806 alignnone\" src=\"https:\/\/sven-ove.nu\/wp-content\/uploads\/2017\/01\/Mistel-1024x1024.jpg\" alt=\"mistel\" width=\"660\" height=\"660\" srcset=\"https:\/\/sven-ove.nu\/wp-content\/uploads\/2017\/01\/Mistel-1024x1024.jpg 1024w, https:\/\/sven-ove.nu\/wp-content\/uploads\/2017\/01\/Mistel-150x150.jpg 150w, https:\/\/sven-ove.nu\/wp-content\/uploads\/2017\/01\/Mistel-300x300.jpg 300w\" sizes=\"auto, (max-width: 660px) 100vw, 660px\" \/><\/a><\/p>\n<blockquote><p>Tre pl\u00e5ster har jag. Humor, kunskap och l\u00f6pning.<\/p><\/blockquote>\n<p>Ibland blir jag s\u00e5 tr\u00f6tt p\u00e5 det lilla ordet \u201dTrivs\u201d som jag alltid ska anv\u00e4nda.<\/p>\n<p>Sant \u00e4r att jag har viss beg\u00e5vning p\u00e5 att trivas. M\u00e4nniskan har \u00f6verlevt just p\u00e5 grund av sin f\u00f6rm\u00e5ga att anpassa sig till de j\u00e4kligaste f\u00f6rh\u00e5llanden. Kyla, v\u00e4rme, djungler, \u00f6knar, hunger, sm\u00e4rta, allt kan hon uth\u00e4rda. I det perspektivet \u00e4r jag ett ynkligt stadium av evolutionen, men mycket el\u00e4nde har livet likafullt l\u00e4rt mig leva med.<\/p>\n<p>Mer t\u00e4nker jag inte orda om just det. Mina texter och bilder h\u00e4r och i andra sociala medier vill g\u00e4rna vara personliga men aldrig f\u00f6r privata. Det finns en gr\u00e4ns och i dag handlar den om att jag inte t\u00e4nker ber\u00e4tta varf\u00f6r ordet \u201dTrivs\u201d v\u00e4xte i min mun i g\u00e5r och fortfarande g\u00f6r det.<\/p>\n<p><strong>F\u00f6rsta pl\u00e5stret<br \/>\n<\/strong>Pl\u00e5stren kan vi d\u00e4remot prata om.<\/p>\n<p>De flesta m\u00e4nniskor jag k\u00e4nner har sina bekymmer. Ibland har livet sorger och bedr\u00f6velser f\u00f6r alla, s\u00e5nt slipper ingen undan. D\u00e5 drog den tidiga homo sapiens is\u00e4r munnen och visade t\u00e4nderna. Jag tror det var d\u00e4r, under hotet, hon uppfann leendet och sm\u00e5ningom skrattet.<\/p>\n<p>Titta hur de flesta bra st\u00e5 upp-komikers sk\u00e4mt \u00e4r konstruerade. Vi blir f\u00f6rv\u00e5nade, r\u00e4dda \u2013 och i samma sekund kommer skrattet som en f\u00f6rl\u00f6sare. F\u00f6r mig fungerar det s\u00e5 och jag tror det \u00e4r djupt m\u00e4nskligt.<\/p>\n<p>Det \u00e4r klart att jag inte skrattar \u00e5t sorgerna vi har. H\u00e5rd blir jag aldrig. D\u00e4remot hittar jag ofta annat att sm\u00e5le \u00e5t, mitt i el\u00e4ndet. Ibland \u00e4r detta en n\u00f6dv\u00e4ndig flykt f\u00f6r tanken, f\u00f6r att sj\u00e4len ska orka \u00f6verleva. Ibland handlar det om livsl\u00e5ng tr\u00e4ning i distans till sig sj\u00e4lv. Den distansen \u00e4r viktigare \u00e4n vi tror. Sj\u00e4lv har jag alltid haft sv\u00e5rt f\u00f6r folk som inte kan skratta \u00e5t sig sj\u00e4lva.<\/p>\n<p>Hur som helst, den <em>humorn<\/em> har r\u00e4ddat mig m\u00e5nga g\u00e5nger och det har jag vetat l\u00e4nge.<\/p>\n<p><strong>Andra pl\u00e5stret<br \/>\n<\/strong>Att det andra pl\u00e5stret finns och hur det fungerar inser jag medan jag skriver det h\u00e4r inl\u00e4gget. Det \u00e4r l\u00f6jligt att jag inte fattat detta tidigare, men hellre nu \u00e4n aldrig. <em>Kunskapen<\/em> \u00e4r mitt andra pl\u00e5ster.<\/p>\n<p>T\u00e4nk dig att du sitter p\u00e5 t\u00e5get och nu stannar det mitt i skogen och ingenting h\u00e4nder. Minuterna g\u00e5r. Vilket v\u00e4ljer du, fortsatt ovisshet eller information i h\u00f6gtalarna om att n\u00e5gon stulit en kopparledning s\u00e5 att signalerna inte fungerar?<\/p>\n<p>Det \u00e4r klart att du v\u00e4ljer kunskapen. Du f\u00e5r sitta lika l\u00e4nge i din kup\u00e9 i alla fall men nu vet du varf\u00f6r.<\/p>\n<p><strong>Tredje pl\u00e5stret<br \/>\n<\/strong><em>L\u00f6pningen<\/em> \u00e4r mitt tredje pl\u00e5ster, min st\u00e4ndiga sm\u00e4rtlindrare. Den metoden har jag skrivit ofta om. N\u00e4r jag springer sl\u00e4pper sp\u00e4nningarna i kropp och sj\u00e4l, \u00e5tminstone f\u00f6r stunden och ofta l\u00e4ngre. Jag kan vara arg och stressad n\u00e4r jag b\u00f6rjar springa men aldrig n\u00e4r jag kommer tillbaka.<\/p>\n<p>D\u00e5 har jag dessutom hunnit t\u00e4nka under tiden. Efter n\u00e5gra kilometer \u00e4r hj\u00e4rnan rensad och nya id\u00e9er vaknar.<\/p>\n<p>&#8211; V\u00e4nta nu, om vi g\u00f6r s\u00e5h\u00e4r \u2026<\/p>\n<p style=\"padding-left: 30px;\"><span style=\"color: #ff0000;\"><strong>***<\/strong><\/span><\/p>\n<p>En del stunder hj\u00e4lper inte n\u00e5got av pl\u00e5stren n\u00e5gon l\u00e4ngre stund, fast det \u00e4r en annan och h\u00f6gst privat historia.<\/p>\n<p>Det \u00e4r aldrig pl\u00e5strens fel.<\/p>\n<p><span style=\"color: #0000ff;\"><a style=\"color: #0000ff;\" href=\"https:\/\/sven-ove.nu\/\">Hem<\/a><\/span>\u00a0|\u00a0<span style=\"color: #0000ff;\"><a style=\"color: #0000ff;\" href=\"https:\/\/sven-ove.nu\/?page_id=170\">Om mig<\/a><\/span>\u00a0|\u00a0<span style=\"color: #0000ff;\"><a style=\"color: #0000ff;\" href=\"https:\/\/sven-ove.nu\/?page_id=1385\">Skriva &amp; prata<\/a><\/span>\u00a0|\u00a0<span style=\"color: #0000ff;\"><a style=\"color: #0000ff;\" href=\"https:\/\/sven-ove.nu\/?page_id=100\">Politik<\/a><\/span>\u00a0|\u00a0<span style=\"color: #0000ff;\"><a style=\"color: #0000ff;\" href=\"https:\/\/sven-ove.nu\/?page_id=102\">L\u00f6pa<\/a><\/span>\u00a0|\u00a0<span style=\"color: #0000ff;\"><a style=\"color: #0000ff;\" href=\"https:\/\/sven-ove.nu\/?page_id=108\">Viktor Root<\/a><\/span>\u00a0| <a href=\"https:\/\/sven-ove.nu\/?page_id=15908\"><span style=\"color: #0000ff;\">Firman<\/span>\u00a0<\/a>|\u00a0<span style=\"color: #0000ff;\"><a style=\"color: #0000ff;\" href=\"https:\/\/sven-ove.nu\/?page_id=15638\">K\u00f4ppra<\/a><\/span><\/p>\n","protected":false},"excerpt":{"rendered":"<p>Tre pl\u00e5ster har jag. Humor, kunskap och l\u00f6pning. Ibland blir jag s\u00e5 tr\u00f6tt p\u00e5 det lilla ordet \u201dTrivs\u201d som jag alltid ska anv\u00e4nda. Sant \u00e4r att jag har viss beg\u00e5vning p\u00e5 att trivas. M\u00e4nniskan har \u00f6verlevt just p\u00e5 grund av sin f\u00f6rm\u00e5ga att anpassa sig till de j\u00e4kligaste f\u00f6rh\u00e5llanden. Kyla, v\u00e4rme, djungler, \u00f6knar, hunger, sm\u00e4rta, &hellip; <a href=\"https:\/\/sven-ove.nu\/?p=16802\" class=\"more-link\">Forts\u00e4tt l\u00e4sa <span class=\"screen-reader-text\">N\u00e4r inte pl\u00e5stren hj\u00e4lper<\/span><\/a><\/p>\n","protected":false},"author":1,"featured_media":0,"comment_status":"open","ping_status":"open","sticky":false,"template":"","format":"standard","meta":{"_crdt_document":"","_monsterinsights_skip_tracking":false,"_monsterinsights_sitenote_active":false,"_monsterinsights_sitenote_note":"","_monsterinsights_sitenote_category":0,"footnotes":""},"categories":[10,5],"tags":[24,18],"class_list":["post-16802","post","type-post","status-publish","format-standard","hentry","category-familjen","category-lopning","tag-karlek","tag-lardomar"],"_links":{"self":[{"href":"https:\/\/sven-ove.nu\/index.php?rest_route=\/wp\/v2\/posts\/16802","targetHints":{"allow":["GET"]}}],"collection":[{"href":"https:\/\/sven-ove.nu\/index.php?rest_route=\/wp\/v2\/posts"}],"about":[{"href":"https:\/\/sven-ove.nu\/index.php?rest_route=\/wp\/v2\/types\/post"}],"author":[{"embeddable":true,"href":"https:\/\/sven-ove.nu\/index.php?rest_route=\/wp\/v2\/users\/1"}],"replies":[{"embeddable":true,"href":"https:\/\/sven-ove.nu\/index.php?rest_route=%2Fwp%2Fv2%2Fcomments&post=16802"}],"version-history":[{"count":4,"href":"https:\/\/sven-ove.nu\/index.php?rest_route=\/wp\/v2\/posts\/16802\/revisions"}],"predecessor-version":[{"id":16807,"href":"https:\/\/sven-ove.nu\/index.php?rest_route=\/wp\/v2\/posts\/16802\/revisions\/16807"}],"wp:attachment":[{"href":"https:\/\/sven-ove.nu\/index.php?rest_route=%2Fwp%2Fv2%2Fmedia&parent=16802"}],"wp:term":[{"taxonomy":"category","embeddable":true,"href":"https:\/\/sven-ove.nu\/index.php?rest_route=%2Fwp%2Fv2%2Fcategories&post=16802"},{"taxonomy":"post_tag","embeddable":true,"href":"https:\/\/sven-ove.nu\/index.php?rest_route=%2Fwp%2Fv2%2Ftags&post=16802"}],"curies":[{"name":"wp","href":"https:\/\/api.w.org\/{rel}","templated":true}]}}