{"id":16808,"date":"2017-01-09T08:48:52","date_gmt":"2017-01-09T07:48:52","guid":{"rendered":"http:\/\/sven-ove.nu\/?p=16808"},"modified":"2017-01-09T09:51:43","modified_gmt":"2017-01-09T08:51:43","slug":"torvan-ar-vard-att-forsvara","status":"publish","type":"post","link":"https:\/\/sven-ove.nu\/?p=16808","title":{"rendered":"Torvan \u00e4r v\u00e4rd att f\u00f6rsvara"},"content":{"rendered":"<blockquote><p>Jag \u00e4r en gammal 68:a. Det fanns tv\u00e5 sorter, de som vi kallade flummare och de som vi kallade politiskt medvetna.<\/p><\/blockquote>\n<p>Sj\u00e4lva var vi av sort nummer tv\u00e5, tyckte vi. Huvudmots\u00e4ttningen i v\u00e4rlden var tydlig, det var r\u00e4tt att g\u00f6ra uppror och visst var det folket som gjorde historien.<\/p>\n<p><a href=\"https:\/\/sven-ove.nu\/wp-content\/uploads\/2014\/08\/FNL-m\u00e4rke.jpg\"><img loading=\"lazy\" decoding=\"async\" class=\"alignright size-thumbnail wp-image-9397\" src=\"https:\/\/sven-ove.nu\/wp-content\/uploads\/2014\/08\/FNL-m\u00e4rke-150x150.jpg\" alt=\"FNL-m\u00e4rke\" width=\"150\" height=\"150\" \/><\/a>Men vi var f\u00f6rbaske mig inga pacifister. Det blir du inte om ditt land har en av de st\u00f6rsta <span style=\"color: #0000ff;\"><a style=\"color: #0000ff;\" href=\"https:\/\/sv.wikipedia.org\/wiki\/De_f%C3%B6renade_FNL-grupperna\">solidaritetsr\u00f6relserna<\/a><\/span> i v\u00e4rlden, till st\u00f6d f\u00f6r ett fattigt folk i Sydostasien som k\u00e4mpar mot en m\u00e4ktig angripare med B52-bombplan. S\u00e4g inte till en napalmbombad vietnamesisk bonde med hela ris\u00e5kern och halva familjen utraderad att l\u00f6sningen heter ickev\u00e5ld. S\u00e4g inte det till oss som blev skolade i den d\u00e4r solidaritetsr\u00f6relsen.<\/p>\n<p><strong>Rent \u00f6nsket\u00e4nkande<\/strong><br \/>\nPolitisk makt v\u00e4xer ut ur en gev\u00e4rspipa. Det \u00e4r en sorglig sanning men den var sann 1968 och den \u00e4r lika sann i dag. Torvan &#8211; och friheten &#8211; \u00e4r v\u00e4rd att f\u00f6rsvara. Allt annat \u00e4r flummigt \u00f6nsket\u00e4nkande, s\u00e5 l\u00e4nge v\u00e4rlden ser ut som den g\u00f6r.<\/p>\n<p>Den blev inte lugnare under \u00e5ret som gick.<\/p>\n<p><span style=\"color: #0000ff;\"><a style=\"color: #0000ff;\" href=\"https:\/\/sven-ove.nu\/\">Hem<\/a><\/span>\u00a0|\u00a0<span style=\"color: #0000ff;\"><a style=\"color: #0000ff;\" href=\"https:\/\/sven-ove.nu\/?page_id=170\">Om mig<\/a><\/span>\u00a0|\u00a0<span style=\"color: #0000ff;\"><a style=\"color: #0000ff;\" href=\"https:\/\/sven-ove.nu\/?page_id=1385\">Skriva &amp; prata<\/a><\/span>\u00a0|\u00a0<span style=\"color: #0000ff;\"><a style=\"color: #0000ff;\" href=\"https:\/\/sven-ove.nu\/?page_id=100\">Politik<\/a><\/span>\u00a0|\u00a0<span style=\"color: #0000ff;\"><a style=\"color: #0000ff;\" href=\"https:\/\/sven-ove.nu\/?page_id=102\">L\u00f6pa<\/a><\/span>\u00a0|\u00a0<span style=\"color: #0000ff;\"><a style=\"color: #0000ff;\" href=\"https:\/\/sven-ove.nu\/?page_id=108\">Viktor Root<\/a><\/span>\u00a0| <a href=\"https:\/\/sven-ove.nu\/?page_id=15908\"><span style=\"color: #0000ff;\">Firman<\/span>\u00a0<\/a>|\u00a0<span style=\"color: #0000ff;\"><a style=\"color: #0000ff;\" href=\"https:\/\/sven-ove.nu\/?page_id=15638\">K\u00f4ppra<\/a><\/span><\/p>\n","protected":false},"excerpt":{"rendered":"<p>Jag \u00e4r en gammal 68:a. Det fanns tv\u00e5 sorter, de som vi kallade flummare och de som vi kallade politiskt medvetna. Sj\u00e4lva var vi av sort nummer tv\u00e5, tyckte vi. Huvudmots\u00e4ttningen i v\u00e4rlden var tydlig, det var r\u00e4tt att g\u00f6ra uppror och visst var det folket som gjorde historien. Men vi var f\u00f6rbaske mig inga &hellip; <a href=\"https:\/\/sven-ove.nu\/?p=16808\" class=\"more-link\">Forts\u00e4tt l\u00e4sa <span class=\"screen-reader-text\">Torvan \u00e4r v\u00e4rd att f\u00f6rsvara<\/span><\/a><\/p>\n","protected":false},"author":1,"featured_media":0,"comment_status":"open","ping_status":"open","sticky":false,"template":"","format":"standard","meta":{"_crdt_document":"","_monsterinsights_skip_tracking":false,"_monsterinsights_sitenote_active":false,"_monsterinsights_sitenote_note":"","_monsterinsights_sitenote_category":0,"footnotes":""},"categories":[9],"tags":[8,18,17],"class_list":["post-16808","post","type-post","status-publish","format-standard","hentry","category-politik","tag-historia","tag-lardomar","tag-solidaritet"],"_links":{"self":[{"href":"https:\/\/sven-ove.nu\/index.php?rest_route=\/wp\/v2\/posts\/16808","targetHints":{"allow":["GET"]}}],"collection":[{"href":"https:\/\/sven-ove.nu\/index.php?rest_route=\/wp\/v2\/posts"}],"about":[{"href":"https:\/\/sven-ove.nu\/index.php?rest_route=\/wp\/v2\/types\/post"}],"author":[{"embeddable":true,"href":"https:\/\/sven-ove.nu\/index.php?rest_route=\/wp\/v2\/users\/1"}],"replies":[{"embeddable":true,"href":"https:\/\/sven-ove.nu\/index.php?rest_route=%2Fwp%2Fv2%2Fcomments&post=16808"}],"version-history":[{"count":7,"href":"https:\/\/sven-ove.nu\/index.php?rest_route=\/wp\/v2\/posts\/16808\/revisions"}],"predecessor-version":[{"id":16815,"href":"https:\/\/sven-ove.nu\/index.php?rest_route=\/wp\/v2\/posts\/16808\/revisions\/16815"}],"wp:attachment":[{"href":"https:\/\/sven-ove.nu\/index.php?rest_route=%2Fwp%2Fv2%2Fmedia&parent=16808"}],"wp:term":[{"taxonomy":"category","embeddable":true,"href":"https:\/\/sven-ove.nu\/index.php?rest_route=%2Fwp%2Fv2%2Fcategories&post=16808"},{"taxonomy":"post_tag","embeddable":true,"href":"https:\/\/sven-ove.nu\/index.php?rest_route=%2Fwp%2Fv2%2Ftags&post=16808"}],"curies":[{"name":"wp","href":"https:\/\/api.w.org\/{rel}","templated":true}]}}