{"id":16817,"date":"2017-01-13T03:00:05","date_gmt":"2017-01-13T02:00:05","guid":{"rendered":"http:\/\/sven-ove.nu\/?p=16817"},"modified":"2017-01-12T23:11:22","modified_gmt":"2017-01-12T22:11:22","slug":"granetikett-for-talmodiga","status":"publish","type":"post","link":"https:\/\/sven-ove.nu\/?p=16817","title":{"rendered":"Granetikett f\u00f6r t\u00e5lmodiga"},"content":{"rendered":"<p><a href=\"https:\/\/sven-ove.nu\/wp-content\/uploads\/2017\/01\/Julgranskula.jpg\"><img loading=\"lazy\" decoding=\"async\" class=\"size-large wp-image-16822 alignnone\" src=\"https:\/\/sven-ove.nu\/wp-content\/uploads\/2017\/01\/Julgranskula-1024x1024.jpg\" alt=\"Julgranskula\" width=\"660\" height=\"660\" srcset=\"https:\/\/sven-ove.nu\/wp-content\/uploads\/2017\/01\/Julgranskula-1024x1024.jpg 1024w, https:\/\/sven-ove.nu\/wp-content\/uploads\/2017\/01\/Julgranskula-150x150.jpg 150w, https:\/\/sven-ove.nu\/wp-content\/uploads\/2017\/01\/Julgranskula-300x300.jpg 300w, https:\/\/sven-ove.nu\/wp-content\/uploads\/2017\/01\/Julgranskula.jpg 1280w\" sizes=\"auto, (max-width: 660px) 100vw, 660px\" \/><\/a><\/p>\n<blockquote><p>F\u00f6r den som hade t\u00e5lamod att v\u00e4nta till den 23:e december med att ta in julgranen \u00e4r i dag r\u00e4tt tid att sl\u00e4nga ut&#8217;na. Tjugondag Knut.<\/p><\/blockquote>\n<p>Vi firar inte midsommar f\u00f6rr\u00e4n vid midsommar heller.<\/p>\n<p>Ni andra h\u00e5ller p\u00e5 att m\u00f6lja ihop alla \u00e5rets fester, h\u00f6gtidsdagar och aftnar till en enda s\u00f6rja: <strong>Midvintersommarsolst\u00e5ndsjulklappsskylts\u00f6ndagsmartensv\u00e5rdagj\u00e4mningshalloweenallahelgonsfarmorskl\u00e4mdagsafton.<\/strong><\/p>\n<p>&#8211; M\u00e5tte ni aldrig f\u00e5 fiska i fiskdammen. M\u00e5tte era granar barra redan p\u00e5 era tr\u00f6sklar den 15:e oktober. M\u00e5tte f\u00f6rsta semlan m\u00f6gla i era munnar den 3:e september.<\/p>\n<p>Asch, ja bare sk\u00f4ja.<br \/>\nMen \u00e4nd\u00e5.<\/p>\n<p><span style=\"color: #0000ff;\"><a style=\"color: #0000ff;\" href=\"https:\/\/sven-ove.nu\/\">Hem<\/a><\/span>\u00a0|\u00a0<span style=\"color: #0000ff;\"><a style=\"color: #0000ff;\" href=\"https:\/\/sven-ove.nu\/?page_id=170\">Om mig<\/a><\/span>\u00a0|\u00a0<span style=\"color: #0000ff;\"><a style=\"color: #0000ff;\" href=\"https:\/\/sven-ove.nu\/?page_id=1385\">Skriva &amp; prata<\/a><\/span>\u00a0|\u00a0<span style=\"color: #0000ff;\"><a style=\"color: #0000ff;\" href=\"https:\/\/sven-ove.nu\/?page_id=100\">Politik<\/a><\/span>\u00a0|\u00a0<span style=\"color: #0000ff;\"><a style=\"color: #0000ff;\" href=\"https:\/\/sven-ove.nu\/?page_id=102\">L\u00f6pa<\/a><\/span>\u00a0|\u00a0<span style=\"color: #0000ff;\"><a style=\"color: #0000ff;\" href=\"https:\/\/sven-ove.nu\/?page_id=108\">Viktor Root<\/a><\/span>\u00a0| <a href=\"https:\/\/sven-ove.nu\/?page_id=15908\"><span style=\"color: #0000ff;\">Firman<\/span>\u00a0<\/a>|\u00a0<span style=\"color: #0000ff;\"><a style=\"color: #0000ff;\" href=\"https:\/\/sven-ove.nu\/?page_id=15638\">K\u00f4ppra<\/a><\/span><\/p>\n","protected":false},"excerpt":{"rendered":"<p>F\u00f6r den som hade t\u00e5lamod att v\u00e4nta till den 23:e december med att ta in julgranen \u00e4r i dag r\u00e4tt tid att sl\u00e4nga ut&#8217;na. Tjugondag Knut. Vi firar inte midsommar f\u00f6rr\u00e4n vid midsommar heller. Ni andra h\u00e5ller p\u00e5 att m\u00f6lja ihop alla \u00e5rets fester, h\u00f6gtidsdagar och aftnar till en enda s\u00f6rja: Midvintersommarsolst\u00e5ndsjulklappsskylts\u00f6ndagsmartensv\u00e5rdagj\u00e4mningshalloweenallahelgonsfarmorskl\u00e4mdagsafton. &#8211; M\u00e5tte ni &hellip; <a href=\"https:\/\/sven-ove.nu\/?p=16817\" class=\"more-link\">Forts\u00e4tt l\u00e4sa <span class=\"screen-reader-text\">Granetikett f\u00f6r t\u00e5lmodiga<\/span><\/a><\/p>\n","protected":false},"author":1,"featured_media":0,"comment_status":"open","ping_status":"open","sticky":false,"template":"","format":"standard","meta":{"_crdt_document":"","_monsterinsights_skip_tracking":false,"_monsterinsights_sitenote_active":false,"_monsterinsights_sitenote_note":"","_monsterinsights_sitenote_category":0,"footnotes":""},"categories":[28],"tags":[8,24,20],"class_list":["post-16817","post","type-post","status-publish","format-standard","hentry","category-kreativt-folk","tag-historia","tag-karlek","tag-rad"],"_links":{"self":[{"href":"https:\/\/sven-ove.nu\/index.php?rest_route=\/wp\/v2\/posts\/16817","targetHints":{"allow":["GET"]}}],"collection":[{"href":"https:\/\/sven-ove.nu\/index.php?rest_route=\/wp\/v2\/posts"}],"about":[{"href":"https:\/\/sven-ove.nu\/index.php?rest_route=\/wp\/v2\/types\/post"}],"author":[{"embeddable":true,"href":"https:\/\/sven-ove.nu\/index.php?rest_route=\/wp\/v2\/users\/1"}],"replies":[{"embeddable":true,"href":"https:\/\/sven-ove.nu\/index.php?rest_route=%2Fwp%2Fv2%2Fcomments&post=16817"}],"version-history":[{"count":6,"href":"https:\/\/sven-ove.nu\/index.php?rest_route=\/wp\/v2\/posts\/16817\/revisions"}],"predecessor-version":[{"id":16824,"href":"https:\/\/sven-ove.nu\/index.php?rest_route=\/wp\/v2\/posts\/16817\/revisions\/16824"}],"wp:attachment":[{"href":"https:\/\/sven-ove.nu\/index.php?rest_route=%2Fwp%2Fv2%2Fmedia&parent=16817"}],"wp:term":[{"taxonomy":"category","embeddable":true,"href":"https:\/\/sven-ove.nu\/index.php?rest_route=%2Fwp%2Fv2%2Fcategories&post=16817"},{"taxonomy":"post_tag","embeddable":true,"href":"https:\/\/sven-ove.nu\/index.php?rest_route=%2Fwp%2Fv2%2Ftags&post=16817"}],"curies":[{"name":"wp","href":"https:\/\/api.w.org\/{rel}","templated":true}]}}