{"id":16830,"date":"2017-01-14T03:00:25","date_gmt":"2017-01-14T02:00:25","guid":{"rendered":"http:\/\/sven-ove.nu\/?p=16830"},"modified":"2017-01-13T12:03:11","modified_gmt":"2017-01-13T11:03:11","slug":"hoppas-grisarna-last-samma-bok","status":"publish","type":"post","link":"https:\/\/sven-ove.nu\/?p=16830","title":{"rendered":"Hoppas grisarna l\u00e4st samma bok"},"content":{"rendered":"<p><a href=\"https:\/\/sven-ove.nu\/wp-content\/uploads\/2017\/01\/IMG_2323.jpg\"><img loading=\"lazy\" decoding=\"async\" class=\"size-large wp-image-16834 alignnone\" src=\"https:\/\/sven-ove.nu\/wp-content\/uploads\/2017\/01\/IMG_2323-1024x1024.jpg\" alt=\"IMG_2323\" width=\"660\" height=\"660\" srcset=\"https:\/\/sven-ove.nu\/wp-content\/uploads\/2017\/01\/IMG_2323-1024x1024.jpg 1024w, https:\/\/sven-ove.nu\/wp-content\/uploads\/2017\/01\/IMG_2323-150x150.jpg 150w, https:\/\/sven-ove.nu\/wp-content\/uploads\/2017\/01\/IMG_2323-300x300.jpg 300w\" sizes=\"auto, (max-width: 660px) 100vw, 660px\" \/><\/a><\/p>\n<p>Det har varit mycket inplanteringar nu ett tag. F\u00f6rst satte munkar och adelsm\u00e4n ut <span style=\"color: #0000ff;\"><a style=\"color: #0000ff;\" href=\"https:\/\/sv.m.wikipedia.org\/wiki\/Vinbergssn%C3%A4cka\">vinbergssn\u00e4ckor<\/a><\/span> kring slott och kloster, f\u00f6r det hette att \u201dsniglarna\u201d var fiskar och d\u00e4rmed lovliga att \u00e4ta under fastan. Sedan sk\u00e4nkte norrm\u00e4nnen oss nya <span style=\"color: #0000ff;\"><a style=\"color: #0000ff;\" href=\"https:\/\/sv.m.wikipedia.org\/wiki\/B%C3%A4vrar\">b\u00e4vrar<\/a><\/span> n\u00e4r dom gamla hade tagit slut.<\/p>\n<p>Tack f\u00f6r b\u00e5de sn\u00e4ckan och gnagarn. Men att j\u00e4garna sl\u00e4ppte ut <span style=\"color: #0000ff;\"><a style=\"color: #0000ff;\" href=\"https:\/\/jagareforbundet.se\/vilt\/vilt-vetande\/artpresentation\/daggdjur\/vildsvin\/vildsvin-historik\/\">vildsvin<\/a><\/span> \u00f6ver hela kungad\u00f6met, det hade v\u00e4l kunnat kvitta?<\/p>\n<p>Numera ser jag sp\u00e5r efter gris lite varstans d\u00e4r jag travar fram obev\u00e4pnad i v\u00e5ra skogar, berg och myrar. H\u00e4r och d\u00e4r ett plundrat svampst\u00e4lle, en upprotad gl\u00e4nta eller ett f\u00e4rskt fotavtryck. Ibland en mystisk stig som v\u00e4xt fram ov\u00e4ntat fort.<\/p>\n<p><strong>Sl\u00e5r i bild\u00f6rren<br \/>\n<\/strong>Vildsvin k\u00e4nner lukten av m\u00e4nniska p\u00e5 l\u00e5ngt h\u00e5ll och aktar sig noga, skriver b\u00f6ckerna. Nu hoppas jag innerligt att dessa kloka, sociala och rensliga djur l\u00e4st samma b\u00f6cker och verkligen h\u00e5ller sig borta fr\u00e5n mina l\u00e5rmuskler.<\/p>\n<p>J\u00e4gare b\u00f6r undvika att sl\u00e5 i bild\u00f6rrar, l\u00e4ste jag i en j\u00e4garbok. Aha!<\/p>\n<p>&#8211; Neiiij, inte g\u00e5r jag ut till bilen flera g\u00e5nger om dagen och l\u00e5tsas ha ett \u00e4rende, n\u00e4h\u00e4-h\u00e4-ijj d\u00e5,\u00a0d\u00e4\u2019 har jag inget minne av. Verkligen inte. Skulle jag sl\u00e5 i bild\u00f6rrar?!<\/p>\n<p>Slammm!<\/p>\n<p><strong>Min hemliga \u00f6nskan<br \/>\n<\/strong>En kunde v\u00e4l \u00e5tminstone f\u00e5 se dom n\u00e5gon g\u00e5ng. Stolta p\u00e5 led en bit bort i skogen, tjugo stycken med matriarken i spetsen.<\/p>\n<p>Nog n\u00e4ra.<br \/>\nBra l\u00e5ngt bort.<\/p>\n<p>N\u00e4r jag sj\u00e4lv \u00e4r nypinkad.<\/p>\n<p><span style=\"color: #0000ff;\"><a href=\"https:\/\/sven-ove.nu\/wp-content\/uploads\/2017\/01\/IMG_2319.jpg\"><img loading=\"lazy\" decoding=\"async\" class=\"alignright size-thumbnail wp-image-16836\" src=\"https:\/\/sven-ove.nu\/wp-content\/uploads\/2017\/01\/IMG_2319-150x150.jpg\" alt=\"IMG_2319\" width=\"150\" height=\"150\" srcset=\"https:\/\/sven-ove.nu\/wp-content\/uploads\/2017\/01\/IMG_2319-150x150.jpg 150w, https:\/\/sven-ove.nu\/wp-content\/uploads\/2017\/01\/IMG_2319-300x300.jpg 300w, https:\/\/sven-ove.nu\/wp-content\/uploads\/2017\/01\/IMG_2319-1024x1024.jpg 1024w\" sizes=\"auto, (max-width: 150px) 100vw, 150px\" \/><\/a><a style=\"color: #0000ff;\" href=\"https:\/\/sven-ove.nu\/\">Hem<\/a><\/span>\u00a0|\u00a0<span style=\"color: #0000ff;\"><a style=\"color: #0000ff;\" href=\"https:\/\/sven-ove.nu\/?page_id=170\">Om mig<\/a><\/span>\u00a0|\u00a0<span style=\"color: #0000ff;\"><a style=\"color: #0000ff;\" href=\"https:\/\/sven-ove.nu\/?page_id=1385\">Skriva &amp; prata<\/a><\/span>\u00a0|\u00a0<span style=\"color: #0000ff;\"><a style=\"color: #0000ff;\" href=\"https:\/\/sven-ove.nu\/?page_id=100\">Politik<\/a><\/span>\u00a0|\u00a0<span style=\"color: #0000ff;\"><a style=\"color: #0000ff;\" href=\"https:\/\/sven-ove.nu\/?page_id=102\">L\u00f6pa<\/a><\/span>\u00a0|\u00a0<span style=\"color: #0000ff;\"><a style=\"color: #0000ff;\" href=\"https:\/\/sven-ove.nu\/?page_id=108\">Viktor Root<\/a><\/span>\u00a0| <a href=\"https:\/\/sven-ove.nu\/?page_id=15908\"><span style=\"color: #0000ff;\">Firman<\/span>\u00a0<\/a>|\u00a0<span style=\"color: #0000ff;\"><a style=\"color: #0000ff;\" href=\"https:\/\/sven-ove.nu\/?page_id=15638\">K\u00f4ppra<\/a><\/span><\/p>\n","protected":false},"excerpt":{"rendered":"<p>Det har varit mycket inplanteringar nu ett tag. F\u00f6rst satte munkar och adelsm\u00e4n ut vinbergssn\u00e4ckor kring slott och kloster, f\u00f6r det hette att \u201dsniglarna\u201d var fiskar och d\u00e4rmed lovliga att \u00e4ta under fastan. Sedan sk\u00e4nkte norrm\u00e4nnen oss nya b\u00e4vrar n\u00e4r dom gamla hade tagit slut. Tack f\u00f6r b\u00e5de sn\u00e4ckan och gnagarn. Men att j\u00e4garna sl\u00e4ppte &hellip; <a href=\"https:\/\/sven-ove.nu\/?p=16830\" class=\"more-link\">Forts\u00e4tt l\u00e4sa <span class=\"screen-reader-text\">Hoppas grisarna l\u00e4st samma bok<\/span><\/a><\/p>\n","protected":false},"author":1,"featured_media":0,"comment_status":"open","ping_status":"open","sticky":false,"template":"","format":"standard","meta":{"_crdt_document":"","_monsterinsights_skip_tracking":false,"_monsterinsights_sitenote_active":false,"_monsterinsights_sitenote_note":"","_monsterinsights_sitenote_category":0,"footnotes":""},"categories":[6],"tags":[16,18],"class_list":["post-16830","post","type-post","status-publish","format-standard","hentry","category-natur","tag-dumheter","tag-lardomar"],"_links":{"self":[{"href":"https:\/\/sven-ove.nu\/index.php?rest_route=\/wp\/v2\/posts\/16830","targetHints":{"allow":["GET"]}}],"collection":[{"href":"https:\/\/sven-ove.nu\/index.php?rest_route=\/wp\/v2\/posts"}],"about":[{"href":"https:\/\/sven-ove.nu\/index.php?rest_route=\/wp\/v2\/types\/post"}],"author":[{"embeddable":true,"href":"https:\/\/sven-ove.nu\/index.php?rest_route=\/wp\/v2\/users\/1"}],"replies":[{"embeddable":true,"href":"https:\/\/sven-ove.nu\/index.php?rest_route=%2Fwp%2Fv2%2Fcomments&post=16830"}],"version-history":[{"count":12,"href":"https:\/\/sven-ove.nu\/index.php?rest_route=\/wp\/v2\/posts\/16830\/revisions"}],"predecessor-version":[{"id":16844,"href":"https:\/\/sven-ove.nu\/index.php?rest_route=\/wp\/v2\/posts\/16830\/revisions\/16844"}],"wp:attachment":[{"href":"https:\/\/sven-ove.nu\/index.php?rest_route=%2Fwp%2Fv2%2Fmedia&parent=16830"}],"wp:term":[{"taxonomy":"category","embeddable":true,"href":"https:\/\/sven-ove.nu\/index.php?rest_route=%2Fwp%2Fv2%2Fcategories&post=16830"},{"taxonomy":"post_tag","embeddable":true,"href":"https:\/\/sven-ove.nu\/index.php?rest_route=%2Fwp%2Fv2%2Ftags&post=16830"}],"curies":[{"name":"wp","href":"https:\/\/api.w.org\/{rel}","templated":true}]}}